{"id":160235,"date":"2025-07-31T13:28:41","date_gmt":"2025-07-31T13:28:41","guid":{"rendered":"https:\/\/enolife.com.ar\/es\/?p=160235"},"modified":"2025-08-02T12:50:30","modified_gmt":"2025-08-02T12:50:30","slug":"la-generacion-del-vidrio-una-peli-sobre-los-espanoles-que-eligen-las-botellas-de-vino-reciclables","status":"publish","type":"post","link":"https:\/\/enolife.com.ar\/es\/la-generacion-del-vidrio-una-peli-sobre-los-espanoles-que-eligen-las-botellas-de-vino-reciclables\/","title":{"rendered":"\u00abLa Generaci\u00f3n del Vidrio\u00bb, una peli sobre los espa\u00f1oles que eligen las botellas de vino reciclables"},"content":{"rendered":"\n<h4 class=\"wp-block-heading\"><em><strong>La Asociaci\u00f3n Nacional de Fabricantes de Envases de Vidrio de Espa\u00f1a (Anfevi) realiz\u00f3 un estudio entre 1.000 personas de 18 a 30 a\u00f1os, en el que se destaca que&nbsp;el 96% est\u00e1 convencido de que puede influir en un futuro m\u00e1s sostenible, una certeza que se traduce en h\u00e1bitos concretos, como que&nbsp;el&nbsp;95% recicla sus envases y un 70% tiene preferencia por el vidrio. Este informe dio origen a la campa\u00f1a \u201cLa Generaci\u00f3n de Vidrio\u201d,&nbsp;un documental que analiza su compromiso con el mundo que los rodea<\/strong><\/em><strong><em>. <\/em><\/strong><\/h4>\n\n\n\n<div style=\"height:35px\" aria-hidden=\"true\" class=\"wp-block-spacer\"><\/div>\n\n\n<a href=\"https:\/\/ar.verallia.com\/\" aria-label=\"VERALLIA 1700 x 500\"><img loading=\"lazy\" decoding=\"async\" src=\"https:\/\/enolife.com.ar\/es\/wp-content\/uploads\/2021\/04\/VERALLIA-1700-x-500.jpg\" alt=\"\"  srcset=\"https:\/\/enolife.com.ar\/es\/wp-content\/uploads\/2021\/04\/VERALLIA-1700-x-500.jpg 1700w, https:\/\/enolife.com.ar\/es\/wp-content\/uploads\/2021\/04\/VERALLIA-1700-x-500-300x88.jpg 300w, https:\/\/enolife.com.ar\/es\/wp-content\/uploads\/2021\/04\/VERALLIA-1700-x-500-1024x301.jpg 1024w, https:\/\/enolife.com.ar\/es\/wp-content\/uploads\/2021\/04\/VERALLIA-1700-x-500-768x226.jpg 768w, https:\/\/enolife.com.ar\/es\/wp-content\/uploads\/2021\/04\/VERALLIA-1700-x-500-1536x452.jpg 1536w, https:\/\/enolife.com.ar\/es\/wp-content\/uploads\/2021\/04\/VERALLIA-1700-x-500-1170x344.jpg 1170w, https:\/\/enolife.com.ar\/es\/wp-content\/uploads\/2021\/04\/VERALLIA-1700-x-500-585x172.jpg 585w\" sizes=\"auto, (max-width: 1700px) 100vw, 1700px\" width=\"1700\" height=\"500\"   \/><\/a>\n\n\n<div style=\"height:45px\" aria-hidden=\"true\" class=\"wp-block-spacer\"><\/div>\n\n\n\n<p>Para profundizar en los h\u00e1bitos y preferencias de los j\u00f3venes, la <strong>Asociaci\u00f3n Nacional de Fabricantes de Envases de Vidrio <\/strong>de<strong> Espa\u00f1a<em> <\/em>(Anfevi) <\/strong>ha realizado un estudio a m\u00e1s de <strong>1.000 personas entre 18 y 30<\/strong> a\u00f1os de todo el pa\u00eds ib\u00e9rico. Entre las principales conclusiones del informe se destaca que&nbsp;<strong>el 96% de los j\u00f3venes est\u00e1 convencido de que puede influir en un futuro m\u00e1s sostenible<\/strong>, y esa certeza se traduce en h\u00e1bitos concretos, como que&nbsp;<strong>el<\/strong>&nbsp;<strong>95% recicle sus envases usados habitualmente<\/strong>. No obstante, para ellos, no se trata solo de reciclar, se trata de comprometerse con un modelo de vida m\u00e1s sostenible, duradero y responsable.<\/p>\n\n\n\n<p>As\u00ed, esta conciencia ambiental tambi\u00e9n influye en sus decisiones de compra:&nbsp;<strong>m\u00e1s del 70% estar\u00eda dispuesto a pagar m\u00e1s por un producto si su envase fuera m\u00e1s sostenible<\/strong>; y otro 24% se\u00f1ala que su econom\u00eda no se lo permite, pero le gustar\u00eda. Por otro lado,&nbsp;<strong>7 de cada 10<\/strong>&nbsp;<strong>eligen productos envasados en vidrio <\/strong>con frecuencia en el supermercado, y prefieren que les sirvan las bebidas en botellas de vidrio en bares y restaurantes.<\/p>\n\n\n\n<div style=\"height:35px\" aria-hidden=\"true\" class=\"wp-block-spacer\"><\/div>\n\n\n<div class=\"wp-block-image\">\n<figure class=\"aligncenter size-large is-resized\"><a href=\"https:\/\/enolife.com.ar\/es\/wp-content\/uploads\/2025\/07\/BotellasBrindis-1.jpg\" data-rel=\"penci-gallery-image-content\" ><img loading=\"lazy\" decoding=\"async\" width=\"1024\" height=\"526\" src=\"https:\/\/enolife.com.ar\/es\/wp-content\/uploads\/2025\/07\/BotellasBrindis-1-1024x526.jpg\" alt=\"\" class=\"wp-image-160255\" style=\"width:696px;height:auto\" srcset=\"https:\/\/enolife.com.ar\/es\/wp-content\/uploads\/2025\/07\/BotellasBrindis-1-1024x526.jpg 1024w, https:\/\/enolife.com.ar\/es\/wp-content\/uploads\/2025\/07\/BotellasBrindis-1-300x154.jpg 300w, https:\/\/enolife.com.ar\/es\/wp-content\/uploads\/2025\/07\/BotellasBrindis-1-768x395.jpg 768w, https:\/\/enolife.com.ar\/es\/wp-content\/uploads\/2025\/07\/BotellasBrindis-1-1170x601.jpg 1170w, https:\/\/enolife.com.ar\/es\/wp-content\/uploads\/2025\/07\/BotellasBrindis-1-585x301.jpg 585w, https:\/\/enolife.com.ar\/es\/wp-content\/uploads\/2025\/07\/BotellasBrindis-1.jpg 1370w\" sizes=\"auto, (max-width: 1024px) 100vw, 1024px\" \/><\/a><\/figure><\/div>\n\n\n<div style=\"height:35px\" aria-hidden=\"true\" class=\"wp-block-spacer\"><\/div>\n\n\n\n<p>Al respecto <strong>Karen Davies, <\/strong>secretaria general de Anfevi afirma que<em> \u00abla mayor\u00eda de los j\u00f3venes lo tiene claro: no son de cristal, son de vidrio. Transparentes, firmes y sostenibles. As\u00ed lo confirman tambi\u00e9n los datos del estudio: esta generaci\u00f3n habla abiertamente de salud mental, valora el equilibrio vital, y se implica de forma activa en causas sociales y medioambientales. Como el vidrio, protege lo que importa. Y gracias a estar conectados e informados, pueden reaccionar y organizarse con rapidez ante situaciones como la DANA, demostrando una capacidad de movilizaci\u00f3n sin precedentes<\/em>\u201d.<\/p>\n\n\n\n<p>A partir de estas conclusiones, la entidad llev\u00f3 a cabo un <strong>proyecto audiovisual<\/strong> bautizado <strong>\u201cLa Generaci\u00f3n de Vidrio\u201d<\/strong>, una radiograf\u00eda de la situaci\u00f3n de la mal calificada como \u00abGeneraci\u00f3n de Cristal\u00bb, que se centra en su vocaci\u00f3n sostenible, entre otros aspectos.<\/p>\n\n\n\n<div style=\"height:45px\" aria-hidden=\"true\" class=\"wp-block-spacer\"><\/div>\n\n\n\n<p class=\"has-medium-font-size\"><strong>Voces que avalan, narrativas que inspiran<\/strong><\/p>\n\n\n\n<p>Frente a las etiquetas que definen a los j\u00f3venes como fr\u00e1giles, ego\u00edstas o sin capacidad de afrontar el mundo real, el filme -dirigido por&nbsp;<strong>Jaime Dezcallar<\/strong>&#8211; ofrece una mirada en profundidad, honesta y reveladora sobre una generaci\u00f3n conciente del momento hist\u00f3rico que le ha tocado vivir y el futuro que los depara. Una generaci\u00f3n que no s\u00f3lo cuestiona las estructuras heredadas, sino que se moviliza activamente para transformarlas. A trav\u00e9s de la perspectiva de expertos como <strong>Roc\u00edo Ramos-Pa\u00fal, <\/strong>psic\u00f3loga y divulgadora, y<strong> Juan Manuel de Prada, <\/strong>escritor y cr\u00edtico,<strong> <\/strong>el documental va desgranando las actitudes, preocupaciones y pensamientos de una generaci\u00f3n que ha recibido la etiqueta peyorativa de \u201cGeneraci\u00f3n de Cristal\u201d.<\/p>\n\n\n\n<p>El documental tambi\u00e9n recoge las reflexiones de profesionales de otros sectores como el canal <strong>Horeca, <\/strong>con el chef <strong>Samuel Moreno<\/strong> (estrella Verde Michelin); el mundo del deporte, con la seleccionadora espa\u00f1ola de gimnasia r\u00edtmica <strong>Alejandra Quereda<\/strong>; la educaci\u00f3n, con el profesor <strong>\u00c1ngel Luis Gonz\u00e1lez<\/strong> (\u00fanico espa\u00f1ol nominado al Global Teacher Prize); o el fotoperiodismo, con <strong>\u00d3scar Corral<\/strong> (recientemente galardonado con el premio Ortega y Gasset).<\/p>\n\n\n\n<p>&nbsp;\u201cLa Generaci\u00f3n de Vidrio\u201d da vida a esos valores a trav\u00e9s de historias reales. <strong>Rebeca, Mateu, Man\u00e9, Carlos, Sara <\/strong>o <strong>Patricia <\/strong>son los protagonistas j\u00f3venes que relatan, en primera persona, c\u00f3mo viven su compromiso con el mundo. Desde el activismo ambiental hasta el arte, la ciencia o la precariedad laboral, sus testimonios tejen un retrato complejo, veraz y lleno de matices.<\/p>\n\n\n\n<div style=\"height:50px\" aria-hidden=\"true\" class=\"wp-block-spacer\"><\/div>\n\n\n\n<figure class=\"wp-block-embed is-type-video is-provider-youtube wp-block-embed-youtube wp-embed-aspect-16-9 wp-has-aspect-ratio\"><div class=\"wp-block-embed__wrapper\">\n<iframe loading=\"lazy\" title=\"La Generaci\u00f3n de Vidrio\" width=\"1170\" height=\"658\" src=\"https:\/\/www.youtube.com\/embed\/DqlOsgLAIzg?feature=oembed\" frameborder=\"0\" allow=\"accelerometer; autoplay; clipboard-write; encrypted-media; gyroscope; picture-in-picture; web-share\" referrerpolicy=\"strict-origin-when-cross-origin\" allowfullscreen><\/iframe>\n<\/div><\/figure>\n\n\n\n<div style=\"height:45px\" aria-hidden=\"true\" class=\"wp-block-spacer\"><\/div>\n\n\n\n<p>&nbsp;\u201c<em>Con este documental quer\u00edamos dar voz a una generaci\u00f3n que muchas veces se siente juzgada antes de ser escuchada. A trav\u00e9s de sus propias palabras y vivencias, descubrimos una juventud s\u00f3lida, consciente y con una capacidad incre\u00edble de transformaci\u00f3n<\/em>\u201d, afirma el&nbsp;director<strong> Jaime Dezcallar<\/strong>, quien ha trabajado con los protagonistas del relato.<\/p>\n\n\n\n<p>En palabras de&nbsp;<strong>Paulo Pinto, <\/strong>presidente de Anfevi:<strong>&nbsp;<\/strong><em>\u201cEl documental representa una declaraci\u00f3n de principios, de los j\u00f3venes y de nuestra industria. Con \u2018La Generaci\u00f3n de Vidrio\u2019 queremos poner en valor a una juventud que, como el vidrio, afronta los desaf\u00edos actuales con responsabilidad, compromiso y capacidad de transformaci\u00f3n, protegiendo lo que importa y promoviendo un cambio positivo. En esta misma l\u00ednea, la industria ha suministrado, en 2024, m\u00e1s de 8.000 millones de envases al sector alimentario, garantizando un modelo de envasado respetuoso con el producto, el entorno y nuestra salud.  Adem\u00e1s, hemos superado por primera vez el mill\u00f3n de toneladas de vidrio reciclado, fabricando nuevos envases con un menor uso de recursos, menos emisiones y un menor consumo energ\u00e9tico. El vidrio es, hoy m\u00e1s que nunca, un material preparado para construir un futuro m\u00e1s limpio, m\u00e1s conciente y m\u00e1s duradero.\u201d<\/em><\/p>\n\n\n\n<div style=\"height:45px\" aria-hidden=\"true\" class=\"wp-block-spacer\"><\/div>\n\n\n\n<p class=\"has-medium-font-size\"><strong>El vidrio como eje para renombrar a esta generaci\u00f3n<\/strong><\/p>\n\n\n\n<p>El documental reivindica el valor del cambio: un punto de inflexi\u00f3n que, aunque a menudo incomoda a generaciones anteriores, es motor de evoluci\u00f3n. En lugar de reconocer los retos de un entorno cada vez m\u00e1s complejo, la respuesta social habitual ha sido criticar a los j\u00f3venes, asumiendo que su vida es m\u00e1s f\u00e1cil y acus\u00e1ndolos de perder valores. Pero lo que realmente define a esta generaci\u00f3n no es la debilidad, sino su capacidad de adaptaci\u00f3n.<\/p>\n\n\n\n<div style=\"height:35px\" aria-hidden=\"true\" class=\"wp-block-spacer\"><\/div>\n\n\n<div class=\"wp-block-image\">\n<figure class=\"aligncenter size-full is-resized\"><a href=\"https:\/\/enolife.com.ar\/es\/wp-content\/uploads\/2025\/07\/image-79.png\" data-rel=\"penci-gallery-image-content\" ><img loading=\"lazy\" decoding=\"async\" width=\"512\" height=\"340\" src=\"https:\/\/enolife.com.ar\/es\/wp-content\/uploads\/2025\/07\/image-79.png\" alt=\"\" class=\"wp-image-160252\" style=\"width:572px;height:auto\" srcset=\"https:\/\/enolife.com.ar\/es\/wp-content\/uploads\/2025\/07\/image-79.png 512w, https:\/\/enolife.com.ar\/es\/wp-content\/uploads\/2025\/07\/image-79-300x199.png 300w\" sizes=\"auto, (max-width: 512px) 100vw, 512px\" \/><\/a><\/figure><\/div>\n\n\n<div style=\"height:35px\" aria-hidden=\"true\" class=\"wp-block-spacer\"><\/div>\n\n\n\n<p>Frente a un futuro incierto y un presente en constante transformaci\u00f3n, los j\u00f3venes han aprendido a ser m\u00e1s transparentes, m\u00e1s concientes, y a reinventarse sin perder su identidad. Y en esa forma de ser, el vidrio se convierte en el material que mejor los representa.<\/p>\n\n\n\n<p>M\u00e1s que un simple envase, el vidrio encarna valores esenciales de esta generaci\u00f3n: su capacidad de transformaci\u00f3n sin perder calidad, como reflejo de una juventud resiliente; su transparencia, como met\u00e1fora de autenticidad; y su reciclabilidad infinita, como s\u00edmbolo de transformaci\u00f3n y compromiso con el planeta. As\u00ed, el vidrio deja de ser s\u00f3lo un material y se convierte en una nueva narrativa generacional: la del cambio sostenible, con prop\u00f3sito y coherencia.<\/p>\n\n\n\n<div style=\"height:35px\" aria-hidden=\"true\" class=\"wp-block-spacer\"><\/div>\n\n\n<div class=\"wp-block-image\">\n<figure class=\"aligncenter size-full is-resized\"><a href=\"https:\/\/enolife.com.ar\/es\/wp-content\/uploads\/2025\/07\/image-80.png\" data-rel=\"penci-gallery-image-content\" ><img loading=\"lazy\" decoding=\"async\" width=\"768\" height=\"512\" src=\"https:\/\/enolife.com.ar\/es\/wp-content\/uploads\/2025\/07\/image-80.png\" alt=\"\" class=\"wp-image-160257\" style=\"width:510px;height:auto\" srcset=\"https:\/\/enolife.com.ar\/es\/wp-content\/uploads\/2025\/07\/image-80.png 768w, https:\/\/enolife.com.ar\/es\/wp-content\/uploads\/2025\/07\/image-80-300x200.png 300w, https:\/\/enolife.com.ar\/es\/wp-content\/uploads\/2025\/07\/image-80-585x390.png 585w\" sizes=\"auto, (max-width: 768px) 100vw, 768px\" \/><\/a><\/figure><\/div>\n\n\n<div style=\"height:35px\" aria-hidden=\"true\" class=\"wp-block-spacer\"><\/div>\n\n\n\n<p>Este hito no solo consolida la&nbsp;econom\u00eda circular del sector, sino que ha permitido&nbsp;fabricar nuevos envases con menor consumo de materias primas v\u00edrgenes,&nbsp;reducci\u00f3n significativa de emisiones de CO\u2082&nbsp; y&nbsp;ahorro energ\u00e9tico, gracias al uso creciente de material reciclado en los hornos. Todo ello avanza hacia un&nbsp;modelo de producci\u00f3n basado en el ecodise\u00f1o, la descarbonizaci\u00f3n y el uso de fuentes de energ\u00eda m\u00e1s limpias, aspectos que sientan las bases de una industria m\u00e1s eficiente y sostenible.<\/p>\n\n\n\n<div style=\"height:30px\" aria-hidden=\"true\" class=\"wp-block-spacer\"><\/div>\n\n\n\n<p><em><strong>Fuente: Asociaci\u00f3n Nacional de Fabricantes de Envases de Vidrio de Espa\u00f1a (Anfevi)<\/strong><\/em><\/p>\n\n\n\n<div style=\"height:45px\" aria-hidden=\"true\" class=\"wp-block-spacer\"><\/div>\n\n\n\n<p><br><\/p>\n","protected":false},"excerpt":{"rendered":"<p>La Asociaci\u00f3n Nacional de Fabricantes de Envases de Vidrio de Espa\u00f1a (Anfevi) realiz\u00f3 un estudio&hellip;<\/p>\n","protected":false},"author":2,"featured_media":160248,"comment_status":"closed","ping_status":"open","sticky":false,"template":"","format":"standard","meta":{"footnotes":""},"categories":[56,14],"tags":[],"class_list":["post-160235","post","type-post","status-publish","format-standard","has-post-thumbnail","hentry","category-destacado","category-news"],"_links":{"self":[{"href":"https:\/\/enolife.com.ar\/es\/wp-json\/wp\/v2\/posts\/160235","targetHints":{"allow":["GET"]}}],"collection":[{"href":"https:\/\/enolife.com.ar\/es\/wp-json\/wp\/v2\/posts"}],"about":[{"href":"https:\/\/enolife.com.ar\/es\/wp-json\/wp\/v2\/types\/post"}],"author":[{"embeddable":true,"href":"https:\/\/enolife.com.ar\/es\/wp-json\/wp\/v2\/users\/2"}],"replies":[{"embeddable":true,"href":"https:\/\/enolife.com.ar\/es\/wp-json\/wp\/v2\/comments?post=160235"}],"version-history":[{"count":0,"href":"https:\/\/enolife.com.ar\/es\/wp-json\/wp\/v2\/posts\/160235\/revisions"}],"wp:featuredmedia":[{"embeddable":true,"href":"https:\/\/enolife.com.ar\/es\/wp-json\/wp\/v2\/media\/160248"}],"wp:attachment":[{"href":"https:\/\/enolife.com.ar\/es\/wp-json\/wp\/v2\/media?parent=160235"}],"wp:term":[{"taxonomy":"category","embeddable":true,"href":"https:\/\/enolife.com.ar\/es\/wp-json\/wp\/v2\/categories?post=160235"},{"taxonomy":"post_tag","embeddable":true,"href":"https:\/\/enolife.com.ar\/es\/wp-json\/wp\/v2\/tags?post=160235"}],"curies":[{"name":"wp","href":"https:\/\/api.w.org\/{rel}","templated":true}]}}