{"id":160204,"date":"2025-07-30T14:54:57","date_gmt":"2025-07-30T14:54:57","guid":{"rendered":"https:\/\/enolife.com.ar\/es\/?p=160204"},"modified":"2025-08-06T18:39:39","modified_gmt":"2025-08-06T18:39:39","slug":"el-ruido-de-la-politica-frente-a-la-gestion-tecnica-para-la-seguridad-hidrica-por-sergio-marinelli","status":"publish","type":"post","link":"https:\/\/enolife.com.ar\/es\/el-ruido-de-la-politica-frente-a-la-gestion-tecnica-para-la-seguridad-hidrica-por-sergio-marinelli\/","title":{"rendered":"El ruido de la pol\u00edtica frente a la gesti\u00f3n t\u00e9cnica para la seguridad h\u00eddrica. Por Sergio Marinelli"},"content":{"rendered":"\n<h4 class=\"wp-block-heading\"><em><strong>El superintendente del Departamento General de Irrigaci\u00f3n (DGI) de Mendoza hizo p\u00fablica una nota de opini\u00f3n el 29\/7\/25 explicando c\u00f3mo y por qu\u00e9 la repartici\u00f3n que dirige tiene el mandato constitucional y la capacidad t\u00e9cnica para la toma decisiones que involucran la gesti\u00f3n integral del recurso h\u00eddrico de dominio provincial con enfoque preventivo. Esta argumentaci\u00f3n se produce luego de que, en junio de 2025, la senadora nacional por la provincia de Mendoza por Uni\u00f3n por la Patria, Anabel Fern\u00e1ndez Sagasti, notificara que su agrupaci\u00f3n pol\u00edtica avanzar\u00eda con un pedido de proceso de Jury de Enjuiciamiento contra Marinelli, por la habilitaci\u00f3n de nueve pozos de agua que, seg\u00fan denunci\u00f3 la legisladora, incurre en \u201cgraves irregularidades\u201d en la gesti\u00f3n del recurso h\u00eddrico<\/strong><\/em><strong><em>.<\/em><\/strong><\/h4>\n\n\n\n<div style=\"height:35px\" aria-hidden=\"true\" class=\"wp-block-spacer\"><\/div>\n\n\n\n\n\n<div style=\"height:45px\" aria-hidden=\"true\" class=\"wp-block-spacer\"><\/div>\n\n\n\n<p><em>En las \u00faltimas semanas, hemos asistido a un intento deliberado y preocupante de arrastrar la gesti\u00f3n del recurso m\u00e1s vital de Mendoza, nuestra agua, a la arena de la politiquer\u00eda de corto plazo. Con una liviandad que asusta, figuras de la oposici\u00f3n han salido a opinar sobre decisiones t\u00e9cnicas complejas, armadas con esl\u00f3ganes en lugar de datos, buscando generar confusi\u00f3n donde deber\u00eda haber claridad, y sospechas donde solo hay gesti\u00f3n t\u00e9cnica para la seguridad h\u00eddrica.<\/em><\/p>\n\n\n\n<p><em>Es f\u00e1cil pararse frente a un micr\u00f3fono y lanzar acusaciones sobre c\u00f3mo deber\u00eda administrarse el agua, a quien conceder o no el acceso al recurso, donde autorizar vertidos o que usos priorizar. Lo dif\u00edcil, lo que requiere rigor y verdadera responsabilidad es gestionar un sistema h\u00eddrico en medio de un crecimiento poblacional desordenado, sequ\u00edas prolongadas, infraestructura de servicios con problemas por falta de inversi\u00f3n, cambios en la matriz productiva y en los usos del suelo y dem\u00e1s efectos del cambio clim\u00e1tico ya instalados. Y eso no se hace con opiniones livianas, se hace con evidencia.<\/em><\/p>\n\n\n\n<p><em>Quiz\u00e1s no todos los mendocinos sepan, pero cada decisi\u00f3n que se toma en el Departamento General de Irrigaci\u00f3n (DGI) es el resultado de un proceso de an\u00e1lisis profundo. Detr\u00e1s de cada resoluci\u00f3n hay un equipo de profesionales, una red de monitoreo en tiempo real que mide el pulso de nuestros acu\u00edferos, hay fiscalizaci\u00f3n que nos dice con precisi\u00f3n qu\u00e9 se riega y c\u00f3mo, hay modelos de datos cient\u00edficos que simulan el impacto de cada nueva perforaci\u00f3n y hay un control ambiental permanente para proteger la calidad del recurso. No lo digo por politiquer\u00eda, s\u00f3lo basta con informarse un poco para corroborar que contamos con una pol\u00edtica de vanguardia para la gesti\u00f3n del agua de los mendocinos.<\/em><\/p>\n\n\n\n<p><em>El DGI, a mi cargo, es una instituci\u00f3n que tiene el mandato constitucional y la capacidad t\u00e9cnica para la toma decisiones que involucran la gesti\u00f3n integral del recurso h\u00eddrico de dominio provincial con enfoque preventivo. Hace tiempo que ya no corremos en busca de un decreto que declare la emergencia h\u00eddrica que fijaba acciones de papel, sino que actuamos con acciones concretas para prevenir los impactos del riesgo de la sequ\u00eda, adem\u00e1s de controlar las actividades que puedan afectar la calidad del agua para preservarla y velar por el uso eficiente para que el desarrollo provincial, de esta generaci\u00f3n y de las futuras, sea verdaderamente sostenible.<\/em><\/p>\n\n\n\n<p><em>La gesti\u00f3n diaria del agua est\u00e1 sujeta a contingencias de la naturaleza, as\u00ed como tambi\u00e9n a los impactos de las actividades econ\u00f3micas y sociales de una poblaci\u00f3n en constante crecimiento, lo que nos ha llevado a implementar, en cuencas donde pr\u00e1cticamente los usos tradicionales est\u00e1n dando paso a desarrollos inmobiliarios que hacen un uso recreativo del agua, nuevas l\u00edneas de acci\u00f3n vinculadas al uso urbano del recurso.<\/em><\/p>\n\n\n\n<p><em>Entender el ciclo integral del agua nos ha impulsado a profundizar los estudios de los acu\u00edferos y su constante din\u00e1mica para una gesti\u00f3n integrada del agua superficial y subterr\u00e1nea con aplicaci\u00f3n de innovaci\u00f3n y tecnolog\u00edas de medici\u00f3n que permitan asegurar, tanto en cantidad como en calidad, un acceso sostenible y equitativo al agua.<\/em><\/p>\n\n\n\n<p><em>Para atender todas las contingencias que se presentan y al mismo tiempo, delinear el futuro del agua en la provincia hace falta, adem\u00e1s, una planificaci\u00f3n h\u00eddrica a nivel provincial y una particular que atiendan las singularidades de cada cuenca, lo que tambi\u00e9n estamos haciendo, a la par de armonizar y sistematizar la vasta y dispersa legislaci\u00f3n en la materia.<\/em><\/p>\n\n\n\n<p><em>En tiempos de elecciones como los que corren, aparecen algunos cuestionadores que hoy se preocupan, aunque no lo hicieron en otras \u00e9pocas cuando gobernaba su partido, por permisos de perforar o vuelcos de efluentes cloacales. Quiz\u00e1s han perdido la memoria. Pero esto no es casual, estoy convencido que el fin que persiguen, invocando vanamente la defensa del agua y el ambiente, es tratar de confundir a la comunidad para que se crea que existe en las instituciones un deficiente control y cuidado del ambiente, y con ello evitar que la miner\u00eda tenga licencia social en Mendoza, fin que algunos persiguen desde hace tiempo, por oportunismo pol\u00edtico y ni siquiera por convicciones.<\/em><\/p>\n\n\n\n<p><em>La pol\u00edtica del ruido es f\u00e1cil, pero sus consecuencias son tr\u00e1gicas. Nosotros elegimos el camino dif\u00edcil: el de la gesti\u00f3n, la planificaci\u00f3n, el estudio profundo y el de la responsabilidad t\u00e9cnica. Porque nuestro compromiso no es con el pr\u00f3ximo titular de alg\u00fan diario, sino con garantizar que Mendoza tenga un futuro. Y el futuro, como el agua, no se gestiona con gritos, se gestiona con ciencia, profesionalismo y \u00e9tica.<\/em><\/p>\n\n\n\n<div style=\"height:45px\" aria-hidden=\"true\" class=\"wp-block-spacer\"><\/div>\n","protected":false},"excerpt":{"rendered":"<p>El superintendente del Departamento General de Irrigaci\u00f3n (DGI) de Mendoza hizo p\u00fablica una nota de&hellip;<\/p>\n","protected":false},"author":2,"featured_media":160208,"comment_status":"closed","ping_status":"open","sticky":false,"template":"","format":"standard","meta":{"footnotes":""},"categories":[56,12],"tags":[],"class_list":["post-160204","post","type-post","status-publish","format-standard","has-post-thumbnail","hentry","category-destacado","category-opinion"],"_links":{"self":[{"href":"https:\/\/enolife.com.ar\/es\/wp-json\/wp\/v2\/posts\/160204","targetHints":{"allow":["GET"]}}],"collection":[{"href":"https:\/\/enolife.com.ar\/es\/wp-json\/wp\/v2\/posts"}],"about":[{"href":"https:\/\/enolife.com.ar\/es\/wp-json\/wp\/v2\/types\/post"}],"author":[{"embeddable":true,"href":"https:\/\/enolife.com.ar\/es\/wp-json\/wp\/v2\/users\/2"}],"replies":[{"embeddable":true,"href":"https:\/\/enolife.com.ar\/es\/wp-json\/wp\/v2\/comments?post=160204"}],"version-history":[{"count":0,"href":"https:\/\/enolife.com.ar\/es\/wp-json\/wp\/v2\/posts\/160204\/revisions"}],"wp:featuredmedia":[{"embeddable":true,"href":"https:\/\/enolife.com.ar\/es\/wp-json\/wp\/v2\/media\/160208"}],"wp:attachment":[{"href":"https:\/\/enolife.com.ar\/es\/wp-json\/wp\/v2\/media?parent=160204"}],"wp:term":[{"taxonomy":"category","embeddable":true,"href":"https:\/\/enolife.com.ar\/es\/wp-json\/wp\/v2\/categories?post=160204"},{"taxonomy":"post_tag","embeddable":true,"href":"https:\/\/enolife.com.ar\/es\/wp-json\/wp\/v2\/tags?post=160204"}],"curies":[{"name":"wp","href":"https:\/\/api.w.org\/{rel}","templated":true}]}}