{"id":160187,"date":"2025-07-30T17:40:18","date_gmt":"2025-07-30T17:40:18","guid":{"rendered":"https:\/\/enolife.com.ar\/es\/?p=160187"},"modified":"2025-08-01T14:06:53","modified_gmt":"2025-08-01T14:06:53","slug":"las-bodegas-de-europa-piden-a-la-ue-y-eeuu-incluir-el-vino-entre-los-productos-exentos-de-aranceles","status":"publish","type":"post","link":"https:\/\/enolife.com.ar\/es\/las-bodegas-de-europa-piden-a-la-ue-y-eeuu-incluir-el-vino-entre-los-productos-exentos-de-aranceles\/","title":{"rendered":"Las bodegas de Europa piden a la UE y EEUU incluir el vino entre los productos exentos de aranceles"},"content":{"rendered":"\n<h4 class=\"wp-block-heading\"><em><strong>El Comit\u00e9 Europeo de Empresas Vitivin\u00edcolas (CEEV) inst\u00f3 a los negociadores del acuerdo arancelario -firmado el 27\/7\/25- entre la Uni\u00f3n Europea (UE) y Estados Unidos (EEUU) a que incluyan el vino en la lista final de productos exentos de cualquier tipo de gravamen y, por tanto, de la tasa del 15% que se prev\u00e9 aplicar a la mayor\u00eda de los productos y servicios a partir de los pr\u00f3ximos meses. La situaci\u00f3n del vino y las bebidas espirituosas -un punto de fricci\u00f3n a ambos lados del Atl\u00e1ntico- a\u00fan est\u00e1 por definirse.<\/strong><\/em><\/h4>\n\n\n\n<div style=\"height:35px\" aria-hidden=\"true\" class=\"wp-block-spacer\"><\/div>\n\n\n<a href=\"https:\/\/www.instagram.com\/chirca.arg\/\" aria-label=\"Banner Chirca Enolife 1700 x 500\"><img loading=\"lazy\" decoding=\"async\" src=\"https:\/\/enolife.com.ar\/es\/wp-content\/uploads\/2025\/03\/Banner-Chirca-Enolife-1700-x-500-1.gif\" alt=\"\"  width=\"568\" height=\"168\"   \/><\/a>\n\n\n<div style=\"height:45px\" aria-hidden=\"true\" class=\"wp-block-spacer\"><\/div>\n\n\n\n<p>El <strong>Comit\u00e9 Europeo de Empresas del Vino (CEEV)<\/strong> exigi\u00f3 el 28\/7 que se aplique el <strong>\u201ccero por cero\u201d <\/strong>arancelario para el vino en el marco del nuevo acuerdo comercial entre la Uni\u00f3n Europea (UE) y Estados Unidos (EEUU), anunciado el 27\/7, ante el grave impacto que un arancel del 15% podr\u00eda tener sobre el sector y las ventas exteriores a este pa\u00eds.<\/p>\n\n\n\n<p>El presidente de EEUU, <strong>Donald Trump<\/strong>, y la presidenta de la Comisi\u00f3n Europea<strong>, Ursula von der Leyen <\/strong>(foto principal)<strong>, <\/strong>anunciaron el pacto tras reunirse con sus equipos en el complejo de golf que el l\u00edder republicano posee en <strong>Turnberry<\/strong>, en el oeste de <strong>Escocia.<\/strong><\/p>\n\n\n\n<p>El mandatario de la Casa Blanca afirm\u00f3 que, en virtud del acuerdo, <strong>la UE se compromete a comprar energ\u00eda estadounidense por valor de 750.000 millones de d\u00f3lares en tres a\u00f1os<\/strong> (que abarcan petr\u00f3leo, gas, energ\u00eda nuclear, combustible y chips), <strong>e invertir, asimismo, otros 600.000 millones adicionales en proyectos del sector privado que,<\/strong> seg\u00fan especific\u00f3 Von der Leyen, ya est\u00e1n en marcha, adem\u00e1s de incrementar sustancialmente sus adquisiciones de material militar estadounidense.<\/p>\n\n\n\n<p>En declaraciones a los periodistas tras la reuni\u00f3n, la presidenta de la Comisi\u00f3n Europea hizo alusi\u00f3n a la aplicaci\u00f3n de \u00a0<em>\u201caranceles cero para una serie de productos estrat\u00e9gicos\u201d<\/em>, entre los que cit\u00f3 los aviones y sus componentes (especialmente importante para empresas como <strong>Airbus<\/strong> o <strong>Boeing<\/strong>), as\u00ed como determinados productos qu\u00edmicos, medicamentos gen\u00e9ricos y productos agr\u00edcolas, adem\u00e1s de equipos semiconductores, recursos naturales y materias primas esenciales, aunque, previsiblemente, se podr\u00edan a\u00f1adir m\u00e1s productos en virtud de las negociaciones que se aborden en las pr\u00f3ximas semanas.<\/p>\n\n\n\n<div style=\"height:45px\" aria-hidden=\"true\" class=\"wp-block-spacer\"><\/div>\n\n\n\n<p class=\"has-medium-font-size\"><strong>Incluir el vino en el acuerdo de cero aranceles<\/strong><\/p>\n\n\n\n<p>La patronal europea del vino reconoce la relevancia del acuerdo, que sienta las bases para el futuro entre los dos mayores socios comerciales mundiales, pero hace especial hincapi\u00e9 en la necesidad de que ambas partes incluyan el vino en la lista final de productos cubiertos por el <em>\u201cacuerdo arancelario 0x0\u201d.<\/em><\/p>\n\n\n<div class=\"wp-block-image\">\n<figure class=\"alignleft size-full is-resized\"><a href=\"https:\/\/enolife.com.ar\/es\/wp-content\/uploads\/2025\/07\/image-78.png\" data-rel=\"penci-gallery-image-content\" ><img loading=\"lazy\" decoding=\"async\" width=\"600\" height=\"480\" src=\"https:\/\/enolife.com.ar\/es\/wp-content\/uploads\/2025\/07\/image-78.png\" alt=\"\" class=\"wp-image-160202\" style=\"width:213px;height:auto\" srcset=\"https:\/\/enolife.com.ar\/es\/wp-content\/uploads\/2025\/07\/image-78.png 600w, https:\/\/enolife.com.ar\/es\/wp-content\/uploads\/2025\/07\/image-78-300x240.png 300w, https:\/\/enolife.com.ar\/es\/wp-content\/uploads\/2025\/07\/image-78-585x468.png 585w\" sizes=\"auto, (max-width: 600px) 100vw, 600px\" \/><\/a><\/figure><\/div>\n\n\n<p><em>\u201cSeguimos esperando &#8211;<\/em>declar\u00f3 <strong>Marzia Varvaglione, presidenta de CEEV- <\/strong><em>todos los detalles del acuerdo alcanzado y observamos con gran expectaci\u00f3n el resultado de las pr\u00f3ximas negociaciones sobre la lista de productos que se incluir\u00e1n en el acuerdo arancelario 0x0, entre ellos algunos productos agr\u00edcolas\u201d<\/em>. Y a\u00f1adi\u00f3: <em>\u201cCreemos firmemente que el comercio del vino es muy beneficioso tanto para las empresas de la UE como de EEUU, y debe incluirse en el acuerdo arancelario 0x0. Y no es s\u00f3lo la UE quien lo dice; nuestros hom\u00f3logos estadounidenses tambi\u00e9n han defendido firmemente la protecci\u00f3n de este intercambio vital\u201d.<\/em><\/p>\n\n\n\n<p>La m\u00e1xima responsable del CEEV considera que el comercio de vino entre la UE y EEUU &nbsp;ha representado, durante mucho tiempo, una relaci\u00f3n econ\u00f3mica mutuamente beneficiosa, que apoya a miles de empresas, empleos y comunidades a ambos lados del Atl\u00e1ntico. Seg\u00fan sus c\u00e1lculos,<strong> por cada d\u00f3lar que ganan los europeos vendiendo vino a EEUU, los sectores de distribuci\u00f3n y hosteler\u00eda estadounidenses obtienen 4,50 d\u00f3lares.<\/strong> <em>\u201cPreservar este comercio, deber\u00eda ser una prioridad compartida\u201d,<\/em> afirm\u00f3 la funcionaria.<\/p>\n\n\n\n<p>Por el contrario, la italiana Varvaglione cree que la posible imposici\u00f3n de un arancel del 15% a los vinos de la UE causar\u00eda p\u00e9rdidas econ\u00f3micas significativas no s\u00f3lo a los productores de vino de la UE, sino tambi\u00e9n a las empresas estadounidenses involucradas en toda la cadena de suministro. De acuerdo a fuentes del CEEV, si se tiene en cuenta la fluctuaci\u00f3n del 15 % en el tipo de cambio U$S\/EUR, <em>\u201cla carga financiera total para el sector podr\u00eda alcanzar el 30 %<\/em> <em>y los vol\u00famenes de exportaci\u00f3n podr\u00edan disminuir hasta un 10 % de inmediato, con un perjuicio a largo plazo para la cuota de mercado y las relaciones comerciales\u201d.<\/em><\/p>\n\n\n\n<div style=\"height:35px\" aria-hidden=\"true\" class=\"wp-block-spacer\"><\/div>\n\n\n\n<p class=\"has-medium-font-size\"><strong>Optimismo cauteloso<\/strong><\/p>\n\n\n<div class=\"wp-block-image\">\n<figure class=\"alignleft size-full is-resized\"><a href=\"https:\/\/enolife.com.ar\/es\/wp-content\/uploads\/2025\/07\/image-77.png\" data-rel=\"penci-gallery-image-content\" ><img loading=\"lazy\" decoding=\"async\" width=\"700\" height=\"700\" src=\"https:\/\/enolife.com.ar\/es\/wp-content\/uploads\/2025\/07\/image-77.png\" alt=\"\" class=\"wp-image-160201\" style=\"width:204px;height:auto\" srcset=\"https:\/\/enolife.com.ar\/es\/wp-content\/uploads\/2025\/07\/image-77.png 700w, https:\/\/enolife.com.ar\/es\/wp-content\/uploads\/2025\/07\/image-77-300x300.png 300w, https:\/\/enolife.com.ar\/es\/wp-content\/uploads\/2025\/07\/image-77-150x150.png 150w, https:\/\/enolife.com.ar\/es\/wp-content\/uploads\/2025\/07\/image-77-585x585.png 585w\" sizes=\"auto, (max-width: 700px) 100vw, 700px\" \/><\/a><\/figure><\/div>\n\n\n<p>Por su parte, el secretario general del CEEV<strong>, <\/strong>el espa\u00f1ol<strong> Ignacio S\u00e1nchez Recarte<\/strong>, valora la importancia de acabar con la incertidumbre existente desde finales del pasado a\u00f1o. <em>\u201cEs alentador saber que podr\u00edamos estar a pocos d\u00edas de poner fin a la incertidumbre comercial que ha afectado a nuestro sector en los \u00faltimos meses\u201d<\/em>. No obstante, advierte de los efectos que podr\u00eda implicar la exclusi\u00f3n de los productos vin\u00edcolas de la lista de productos exentos de gravamen.<em> \u201cSin embargo<\/em> -explica- <em>las consecuencias de no incluir el vino en el acuerdo final 0x0 ser\u00edan graves. Por lo tanto, instamos a los negociadores a tomar medidas decisivas: incluir el vino en el acuerdo 0x0 y salvaguardar un comercio que siempre ha generado valor, crecimiento y cooperaci\u00f3n\u201d.<\/em><\/p>\n\n\n\n<div style=\"height:35px\" aria-hidden=\"true\" class=\"wp-block-spacer\"><\/div>\n\n\n\n<p class=\"has-medium-font-size\"><strong>CEEV, la patronal mayoritaria del sector vin\u00edcola europeo<\/strong><\/p>\n\n\n\n<p>El Comit\u00e9 Europeo de Empresas de Vinos representa a las empresas de vino, vino aromatizado y vinagre de la Uni\u00f3n Europea. Re\u00fane a 25 organizaciones nacionales de 13 Estados miembros de la UE, adem\u00e1s de <strong>Suiza<\/strong>, el Gran Breta\u00f1a y Ucrania, as\u00ed como a un consorcio de cuatro empresas vin\u00edcolas europeas l\u00edderes. Las empresas representadas por el CEEV, principalmente pymes, producen y comercializan la mayor\u00eda de los vinos europeos de calidad, con y sin indicaci\u00f3n geogr\u00e1fica, y representan m\u00e1s del 90 % de las exportaciones de vino de la UE.<\/p>\n\n\n\n<div style=\"height:35px\" aria-hidden=\"true\" class=\"wp-block-spacer\"><\/div>\n\n\n\n<p class=\"has-small-font-size\"><strong><em>Fuente: <strong>Comit\u00e9 Europeo de Empresas del Vino (CEEV)<\/strong><\/em><\/strong><\/p>\n\n\n\n<div style=\"height:35px\" aria-hidden=\"true\" class=\"wp-block-spacer\"><\/div>\n\n\n\n<p><\/p>\n\n\n\n<p><\/p>\n","protected":false},"excerpt":{"rendered":"<p>El Comit\u00e9 Europeo de Empresas Vitivin\u00edcolas (CEEV) inst\u00f3 a los negociadores del acuerdo arancelario -firmado&hellip;<\/p>\n","protected":false},"author":2,"featured_media":160197,"comment_status":"closed","ping_status":"open","sticky":false,"template":"","format":"standard","meta":{"footnotes":""},"categories":[14],"tags":[],"class_list":["post-160187","post","type-post","status-publish","format-standard","has-post-thumbnail","hentry","category-news"],"_links":{"self":[{"href":"https:\/\/enolife.com.ar\/es\/wp-json\/wp\/v2\/posts\/160187","targetHints":{"allow":["GET"]}}],"collection":[{"href":"https:\/\/enolife.com.ar\/es\/wp-json\/wp\/v2\/posts"}],"about":[{"href":"https:\/\/enolife.com.ar\/es\/wp-json\/wp\/v2\/types\/post"}],"author":[{"embeddable":true,"href":"https:\/\/enolife.com.ar\/es\/wp-json\/wp\/v2\/users\/2"}],"replies":[{"embeddable":true,"href":"https:\/\/enolife.com.ar\/es\/wp-json\/wp\/v2\/comments?post=160187"}],"version-history":[{"count":0,"href":"https:\/\/enolife.com.ar\/es\/wp-json\/wp\/v2\/posts\/160187\/revisions"}],"wp:featuredmedia":[{"embeddable":true,"href":"https:\/\/enolife.com.ar\/es\/wp-json\/wp\/v2\/media\/160197"}],"wp:attachment":[{"href":"https:\/\/enolife.com.ar\/es\/wp-json\/wp\/v2\/media?parent=160187"}],"wp:term":[{"taxonomy":"category","embeddable":true,"href":"https:\/\/enolife.com.ar\/es\/wp-json\/wp\/v2\/categories?post=160187"},{"taxonomy":"post_tag","embeddable":true,"href":"https:\/\/enolife.com.ar\/es\/wp-json\/wp\/v2\/tags?post=160187"}],"curies":[{"name":"wp","href":"https:\/\/api.w.org\/{rel}","templated":true}]}}