{"id":160181,"date":"2025-07-30T23:24:33","date_gmt":"2025-07-30T23:24:33","guid":{"rendered":"https:\/\/enolife.com.ar\/es\/?p=160181"},"modified":"2025-07-31T17:01:40","modified_gmt":"2025-07-31T17:01:40","slug":"importadores-de-peru-ecuador-y-colombia-buscan-vinos-varietales-no-tradicionales-de-mendoza","status":"publish","type":"post","link":"https:\/\/enolife.com.ar\/es\/importadores-de-peru-ecuador-y-colombia-buscan-vinos-varietales-no-tradicionales-de-mendoza\/","title":{"rendered":"Importadores de Per\u00fa, Ecuador y Colombia buscan vinos varietales no tradicionales de Mendoza"},"content":{"rendered":"\n<h4 class=\"wp-block-heading\"><em><strong>En el marco de su estrategia de internacionalizaci\u00f3n, ProMendoza -la agencia gubernamental que promueve los productos provinciales en el mundo- recibi\u00f3 la visita de Marina Pelegrin, gerente general de Casa Teodoro Harth, empresa franco-peruana con sede en Lima, fundada en 1854 y con m\u00e1s de 160 a\u00f1os de trayectoria en comercio internacional. La empresaria se reuni\u00f3 con representantes de 15 bodegas locales, especialmente interesada en varietales distintos al malbec, del que dijo que ya es muy conocido en los mercados sudamericanos que gestiona<\/strong><\/em><strong><em>.<\/em><\/strong><\/h4>\n\n\n\n<div style=\"height:35px\" aria-hidden=\"true\" class=\"wp-block-spacer\"><\/div>\n\n\n\n\n\n<div style=\"height:45px\" aria-hidden=\"true\" class=\"wp-block-spacer\"><\/div>\n\n\n\n<p>El objetivo del encuentro fue evaluar la incorporaci\u00f3n de vinos mendocinos al portafolio de la compa\u00f1\u00eda para su distribuci\u00f3n en <strong>Per\u00fa<\/strong>, as\u00ed como en <strong>Ecuador<\/strong> y <strong>Colombia<\/strong>. En la reuni\u00f3n organizada por <strong>ProMendoza <\/strong>participaron 15 bodegas de la provincia, que presentaron una amplia diversidad de estilos y propuestas vitivin\u00edcolas. La empresaria adem\u00e1s recorri\u00f3 distintas bodegas ubicadas en los principales oasis productivos.<\/p>\n\n\n\n<p><strong>Casa Teodoro Harth<\/strong> cuenta con una unidad de negocios especializada en la importaci\u00f3n y distribuci\u00f3n de vinos, champa\u00f1a, licores, cervezas y bebidas sin alcohol, orientada al canal B2B, especialmente al sector <strong>Horeca (hoteles, restaurantes y catering).<\/strong><\/p>\n\n\n\n<p>Durante su visita, <strong>Marina Pelegrin<\/strong> destac\u00f3 el potencial de los vinos mendocinos en el mercado peruano. <em>\u00abEstamos buscando ampliar nuestro portafolio de proveedores y vinos para llevar a Per\u00fa y distribuir en nuestra red del canal Horeca. Mendoza cuenta con una oferta muy amplia, todas las propuestas son buenas, lo que har\u00e1 que la selecci\u00f3n sea dif\u00edcil, porque hay alternativas diversificadas que pueden atraer mucho al p\u00fablico peruano\u00bb<\/em>, inform\u00f3.<\/p>\n\n\n\n<div style=\"height:35px\" aria-hidden=\"true\" class=\"wp-block-spacer\"><\/div>\n\n\n<div class=\"wp-block-image\">\n<figure class=\"aligncenter size-full is-resized\"><a href=\"https:\/\/enolife.com.ar\/es\/wp-content\/uploads\/2025\/07\/8442b5fb-cae5-5b49-4855-469cbb661fa0.jpg\" data-rel=\"penci-gallery-image-content\" ><img loading=\"lazy\" decoding=\"async\" width=\"662\" height=\"398\" src=\"https:\/\/enolife.com.ar\/es\/wp-content\/uploads\/2025\/07\/8442b5fb-cae5-5b49-4855-469cbb661fa0.jpg\" alt=\"\" class=\"wp-image-160185\" style=\"width:558px;height:auto\" srcset=\"https:\/\/enolife.com.ar\/es\/wp-content\/uploads\/2025\/07\/8442b5fb-cae5-5b49-4855-469cbb661fa0.jpg 662w, https:\/\/enolife.com.ar\/es\/wp-content\/uploads\/2025\/07\/8442b5fb-cae5-5b49-4855-469cbb661fa0-300x180.jpg 300w, https:\/\/enolife.com.ar\/es\/wp-content\/uploads\/2025\/07\/8442b5fb-cae5-5b49-4855-469cbb661fa0-585x352.jpg 585w\" sizes=\"auto, (max-width: 662px) 100vw, 662px\" \/><\/a><figcaption class=\"wp-element-caption\"><em><strong>La empresaria peruana en la reuni\u00f3n en ProMendoza<\/strong><\/em><strong><em>.<\/em><\/strong><\/figcaption><\/figure><\/div>\n\n\n<div style=\"height:35px\" aria-hidden=\"true\" class=\"wp-block-spacer\"><\/div>\n\n\n\n<p>La ejecutiva tambi\u00e9n se refiri\u00f3 al perfil del consumidor en su pa\u00eds. <em>\u00abEl p\u00fablico peruano es relativamente joven en el consumo de vino, un h\u00e1bito que ha crecido mucho en los \u00faltimos a\u00f1os. Se da en un contexto m\u00e1s social, en bares y reuniones, y tambi\u00e9n como acompa\u00f1amiento de la propuesta gastron\u00f3mica. La cocina fusi\u00f3n, que est\u00e1 en auge en Lima, busca aliados como el vino\u00bb<\/em>, explic\u00f3.<\/p>\n\n\n\n<p>Respecto al posicionamiento de Mendoza en Per\u00fa, agreg\u00f3: <em>\u00abMendoza ya es una zona muy reconocida. Los vinos argentinos son los m\u00e1s consumidos, especialmente los perfiles cl\u00e1sicos como el Malbec. Por eso estamos buscando opciones distintas, tal vez con uvas menos tradicionales, para diversificar nuestra oferta\u00bb.<\/em><\/p>\n\n\n\n<p>Este tipo de acciones refuerza el posicionamiento de Mendoza como referente vitivin\u00edcola internacional y abre nuevas oportunidades comerciales para las bodegas locales en mercados estrat\u00e9gicos de Am\u00e9rica Latina.<\/p>\n\n\n\n<div style=\"height:35px\" aria-hidden=\"true\" class=\"wp-block-spacer\"><\/div>\n","protected":false},"excerpt":{"rendered":"<p>En el marco de su estrategia de internacionalizaci\u00f3n, ProMendoza -la agencia gubernamental que promueve los&hellip;<\/p>\n","protected":false},"author":2,"featured_media":160184,"comment_status":"closed","ping_status":"open","sticky":false,"template":"","format":"standard","meta":{"footnotes":""},"categories":[14],"tags":[],"class_list":["post-160181","post","type-post","status-publish","format-standard","has-post-thumbnail","hentry","category-news"],"_links":{"self":[{"href":"https:\/\/enolife.com.ar\/es\/wp-json\/wp\/v2\/posts\/160181","targetHints":{"allow":["GET"]}}],"collection":[{"href":"https:\/\/enolife.com.ar\/es\/wp-json\/wp\/v2\/posts"}],"about":[{"href":"https:\/\/enolife.com.ar\/es\/wp-json\/wp\/v2\/types\/post"}],"author":[{"embeddable":true,"href":"https:\/\/enolife.com.ar\/es\/wp-json\/wp\/v2\/users\/2"}],"replies":[{"embeddable":true,"href":"https:\/\/enolife.com.ar\/es\/wp-json\/wp\/v2\/comments?post=160181"}],"version-history":[{"count":0,"href":"https:\/\/enolife.com.ar\/es\/wp-json\/wp\/v2\/posts\/160181\/revisions"}],"wp:featuredmedia":[{"embeddable":true,"href":"https:\/\/enolife.com.ar\/es\/wp-json\/wp\/v2\/media\/160184"}],"wp:attachment":[{"href":"https:\/\/enolife.com.ar\/es\/wp-json\/wp\/v2\/media?parent=160181"}],"wp:term":[{"taxonomy":"category","embeddable":true,"href":"https:\/\/enolife.com.ar\/es\/wp-json\/wp\/v2\/categories?post=160181"},{"taxonomy":"post_tag","embeddable":true,"href":"https:\/\/enolife.com.ar\/es\/wp-json\/wp\/v2\/tags?post=160181"}],"curies":[{"name":"wp","href":"https:\/\/api.w.org\/{rel}","templated":true}]}}