{"id":160133,"date":"2025-07-29T22:29:55","date_gmt":"2025-07-29T22:29:55","guid":{"rendered":"https:\/\/enolife.com.ar\/es\/?p=160133"},"modified":"2025-07-30T14:54:20","modified_gmt":"2025-07-30T14:54:20","slug":"gobierno-de-mendoza-e-inta-capacitan-a-jovenes-en-mecanizacion-vitivinicola-y-manejo-de-tractores","status":"publish","type":"post","link":"https:\/\/enolife.com.ar\/es\/gobierno-de-mendoza-e-inta-capacitan-a-jovenes-en-mecanizacion-vitivinicola-y-manejo-de-tractores\/","title":{"rendered":"Gobierno de Mendoza e INTA capacitan a j\u00f3venes en mecanizaci\u00f3n vitivin\u00edcola y manejo de tractores"},"content":{"rendered":"\n<h4 class=\"wp-block-heading\"><em><strong>Comenz\u00f3 una nueva fase del Programa de Formaci\u00f3n de Capital Humano en mecanizaci\u00f3n vitivin\u00edcola y operaci\u00f3n de tractores. El curso comenz\u00f3 el lunes 28\/7, y en el participan 25 j\u00f3venes, de los cuales 18 est\u00e1n desempleados. El programa incluye clases pr\u00e1cticas y te\u00f3ricas sobre maquinaria de \u00faltima generaci\u00f3n, tractores, cosechadoras y herramientas de agricultura de precisi\u00f3n, y culmina con certificaci\u00f3n oficial<\/strong><\/em><strong><em>.<\/em><\/strong><\/h4>\n\n\n\n<div style=\"height:35px\" aria-hidden=\"true\" class=\"wp-block-spacer\"><\/div>\n\n\n<a href=\"https:\/\/www.irrigacion.gov.ar\/web\/\" aria-label=\"irrigaci\u00f3n-1700X500\"><img loading=\"lazy\" decoding=\"async\" src=\"https:\/\/enolife.com.ar\/es\/wp-content\/uploads\/2021\/02\/irrigacion-1700X500.gif\" alt=\"\"  width=\"1700\" height=\"500\"   \/><\/a>\n\n\n<div style=\"height:45px\" aria-hidden=\"true\" class=\"wp-block-spacer\"><\/div>\n\n\n\n<p>Comenz\u00f3 el pasado lunes 28 de julio una nueva fase del <strong>Programa de Formaci\u00f3n en Mecanizaci\u00f3n Vitivin\u00edcola<\/strong>, una iniciativa impulsada por el <strong>Ministerio de Producci\u00f3n<\/strong> del <strong>Gobierno de Mendoza<\/strong>, junto con la <strong>Direcci\u00f3n General de Escuelas<\/strong>, en articulaci\u00f3n con el I<strong>nstituto Nacional de Tecnolog\u00eda Agropecuaria (INTA)<\/strong> y la empresa <strong>New Holland.<\/strong><\/p>\n\n\n\n<p>La jornada de apertura tuvo lugar en la <strong>Estaci\u00f3n Experimental Agropecuaria del INTA Luj\u00e1<\/strong>n. Cont\u00f3 con la participaci\u00f3n del ministro de Producci\u00f3n, <strong>Rodolfo Vargas Arizu<\/strong>; la subsecretaria <strong>Emilce Vega Espinoza<\/strong>; el director <strong>Alfredo Draque<\/strong> y autoridades del INTA, entre ellos <strong>Claudio Galmarini<\/strong>, director regional del INTA Mendoza-San Juan, y <strong>Elda D\u00edaz Bruno<\/strong>, directora de INTA Mendoza.<\/p>\n\n\n\n<p>En esta nueva ronda participan <strong>25 j\u00f3venes<\/strong>, de los cuales <strong>18 se encuentran desempleados.<\/strong> Se destaca adem\u00e1s la incorporaci\u00f3n de<strong> 5 mujeres<\/strong>, lo que representa un avance en la inclusi\u00f3n de g\u00e9nero dentro de un rubro hist\u00f3ricamente masculinizado como el de la maquinaria agr\u00edcola.<\/p>\n\n\n\n<div style=\"height:35px\" aria-hidden=\"true\" class=\"wp-block-spacer\"><\/div>\n\n\n\n<figure class=\"wp-block-gallery aligncenter has-nested-images columns-default is-cropped wp-block-gallery-1 is-layout-flex wp-block-gallery-is-layout-flex\">\n<figure class=\"wp-block-image size-full\"><a href=\"https:\/\/enolife.com.ar\/es\/wp-content\/uploads\/2025\/07\/1000761898-700x467-1.jpg\" data-rel=\"penci-gallery-image-content\" ><img loading=\"lazy\" decoding=\"async\" width=\"615\" height=\"388\" data-id=\"160141\" src=\"https:\/\/enolife.com.ar\/es\/wp-content\/uploads\/2025\/07\/1000761898-700x467-1.jpg\" alt=\"\" class=\"wp-image-160141\" srcset=\"https:\/\/enolife.com.ar\/es\/wp-content\/uploads\/2025\/07\/1000761898-700x467-1.jpg 615w, https:\/\/enolife.com.ar\/es\/wp-content\/uploads\/2025\/07\/1000761898-700x467-1-300x189.jpg 300w, https:\/\/enolife.com.ar\/es\/wp-content\/uploads\/2025\/07\/1000761898-700x467-1-585x369.jpg 585w\" sizes=\"auto, (max-width: 615px) 100vw, 615px\" \/><\/a><\/figure>\n\n\n\n<figure class=\"wp-block-image size-full\"><a href=\"https:\/\/enolife.com.ar\/es\/wp-content\/uploads\/2025\/07\/1000761899-700x467-1.jpg\" data-rel=\"penci-gallery-image-content\" ><img loading=\"lazy\" decoding=\"async\" width=\"568\" height=\"345\" data-id=\"160140\" src=\"https:\/\/enolife.com.ar\/es\/wp-content\/uploads\/2025\/07\/1000761899-700x467-1.jpg\" alt=\"\" class=\"wp-image-160140\" srcset=\"https:\/\/enolife.com.ar\/es\/wp-content\/uploads\/2025\/07\/1000761899-700x467-1.jpg 568w, https:\/\/enolife.com.ar\/es\/wp-content\/uploads\/2025\/07\/1000761899-700x467-1-300x182.jpg 300w\" sizes=\"auto, (max-width: 568px) 100vw, 568px\" \/><\/a><\/figure>\n<\/figure>\n\n\n\n<div style=\"height:35px\" aria-hidden=\"true\" class=\"wp-block-spacer\"><\/div>\n\n\n\n<p>El programa, que culmina con <strong>certificaci\u00f3n oficial<\/strong>, contempla clases pr\u00e1cticas y te\u00f3ricas sobre maquinaria de \u00faltima generaci\u00f3n, incluyendo tractores, cosechadoras y herramientas de agricultura de precisi\u00f3n. M\u00e1s de <strong>$3.500.000 se destinan a log\u00edstica y est\u00edmulos econ\u00f3micos para los participantes,<\/strong> lo que reafirma el compromiso del Gobierno de Mendoza con el empleo genuino y la capacitaci\u00f3n en sectores estrat\u00e9gicos.<\/p>\n\n\n\n<p>Durante el acto, <strong>Claudio Galmarini <\/strong>celebr\u00f3 esta cuarta edici\u00f3n del programa y destac\u00f3: <em>\u201cContar con operarios capacitados es clave para el desarrollo de una vitivinicultura moderna. Hoy, manejar un tractor implica dominar tecnolog\u00eda, sensores y tener un conocimiento profundo de agricultura de precisi\u00f3n. Este curso tambi\u00e9n es una oportunidad concreta para el arraigo rural\u201d<\/em>. <\/p>\n\n\n\n<p>Por su parte, el <strong>ministro Rodolfo Vargas Arizu<\/strong> se\u00f1al\u00f3: <em>\u201cLa agricultura requiere hoy personal altamente capacitado en maquinaria y tecnolog\u00eda. Este tipo de iniciativas permiten que los j\u00f3venes, que naturalmente manejan la tecnolog\u00eda, encuentren oportunidades reales en el agro. Nuestro compromiso es garantizar condiciones para que vivir y trabajar en el campo sea una opci\u00f3n viable y atractiva\u201d.<\/em><\/p>\n\n\n\n<p>El funcionario tambi\u00e9n destac\u00f3 la reciente entrega de 300 antenas satelitales en zonas rurales de la provincia, en beneficio de puesteros y escuelas rurales. <em>\u201cHoy, todas las escuelas rurales cuentan con conectividad satelital, lo que permite ampliar el acceso a la educaci\u00f3n y facilitar el uso de maquinaria agr\u00edcola moderna, acercando la tecnolog\u00eda a m\u00e1s personas en el territorio\u201d<\/em>, finaliz\u00f3 Vargas Arizu.<\/p>\n\n\n\n<div style=\"height:35px\" aria-hidden=\"true\" class=\"wp-block-spacer\"><\/div>\n\n\n\n<p class=\"has-small-font-size\"><em><strong>Fuente: Gobierno de Mendoza<\/strong><\/em><\/p>\n","protected":false},"excerpt":{"rendered":"<p>Comenz\u00f3 una nueva fase del Programa de Formaci\u00f3n de Capital Humano en mecanizaci\u00f3n vitivin\u00edcola y&hellip;<\/p>\n","protected":false},"author":2,"featured_media":160139,"comment_status":"closed","ping_status":"open","sticky":false,"template":"","format":"standard","meta":{"footnotes":""},"categories":[56,14],"tags":[],"class_list":["post-160133","post","type-post","status-publish","format-standard","has-post-thumbnail","hentry","category-destacado","category-news"],"_links":{"self":[{"href":"https:\/\/enolife.com.ar\/es\/wp-json\/wp\/v2\/posts\/160133","targetHints":{"allow":["GET"]}}],"collection":[{"href":"https:\/\/enolife.com.ar\/es\/wp-json\/wp\/v2\/posts"}],"about":[{"href":"https:\/\/enolife.com.ar\/es\/wp-json\/wp\/v2\/types\/post"}],"author":[{"embeddable":true,"href":"https:\/\/enolife.com.ar\/es\/wp-json\/wp\/v2\/users\/2"}],"replies":[{"embeddable":true,"href":"https:\/\/enolife.com.ar\/es\/wp-json\/wp\/v2\/comments?post=160133"}],"version-history":[{"count":0,"href":"https:\/\/enolife.com.ar\/es\/wp-json\/wp\/v2\/posts\/160133\/revisions"}],"wp:featuredmedia":[{"embeddable":true,"href":"https:\/\/enolife.com.ar\/es\/wp-json\/wp\/v2\/media\/160139"}],"wp:attachment":[{"href":"https:\/\/enolife.com.ar\/es\/wp-json\/wp\/v2\/media?parent=160133"}],"wp:term":[{"taxonomy":"category","embeddable":true,"href":"https:\/\/enolife.com.ar\/es\/wp-json\/wp\/v2\/categories?post=160133"},{"taxonomy":"post_tag","embeddable":true,"href":"https:\/\/enolife.com.ar\/es\/wp-json\/wp\/v2\/tags?post=160133"}],"curies":[{"name":"wp","href":"https:\/\/api.w.org\/{rel}","templated":true}]}}