{"id":160084,"date":"2025-07-29T22:14:12","date_gmt":"2025-07-29T22:14:12","guid":{"rendered":"https:\/\/enolife.com.ar\/es\/?p=160084"},"modified":"2025-07-30T19:52:59","modified_gmt":"2025-07-30T19:52:59","slug":"vinateros-de-mendoza-piden-participar-para-definir-las-nuevas-funciones-del-inta-y-el-inv","status":"publish","type":"post","link":"https:\/\/enolife.com.ar\/es\/vinateros-de-mendoza-piden-participar-para-definir-las-nuevas-funciones-del-inta-y-el-inv\/","title":{"rendered":"Vi\u00f1ateros de Mendoza piden participar para definir las nuevas funciones del INTA y el INV"},"content":{"rendered":"\n<h4 class=\"wp-block-heading\"><em><strong>El presidente de la Asociaci\u00f3n de Vi\u00f1ateros de Mendoza, Eduardo C\u00f3rdoba, reclam\u00f3 di\u00e1logo, transparencia y la posibilidad de discutir en conjunto con el gobierno argentino las reformas en el Instituto Nacional de Tecnolog\u00eda Agropecuaria (INTA) y el Instituto Nacional de Vitivinicultura (INV). El directivo vitivin\u00edcola declar\u00f3 que no est\u00e1 en contra de algunas de las anunciadas modificaciones, pero advirti\u00f3 sobre la falta de participaci\u00f3n de los actores de la cadena productiva en la definici\u00f3n de las nuevas normas.<\/strong><\/em><\/h4>\n\n\n\n<div style=\"height:35px\" aria-hidden=\"true\" class=\"wp-block-spacer\"><\/div>\n\n\n<a href=\"https:\/\/www.facebook.com\/SindicatoContratitas\/\" aria-label=\"banner contratistas 1700&#215;500\"><img loading=\"lazy\" decoding=\"async\" src=\"https:\/\/enolife.com.ar\/es\/wp-content\/uploads\/2020\/08\/banner-contratistas-1700x500-1.jpg\" alt=\"\"  srcset=\"https:\/\/enolife.com.ar\/es\/wp-content\/uploads\/2020\/08\/banner-contratistas-1700x500-1.jpg 1700w, https:\/\/enolife.com.ar\/es\/wp-content\/uploads\/2020\/08\/banner-contratistas-1700x500-1-300x88.jpg 300w, https:\/\/enolife.com.ar\/es\/wp-content\/uploads\/2020\/08\/banner-contratistas-1700x500-1-1024x301.jpg 1024w, https:\/\/enolife.com.ar\/es\/wp-content\/uploads\/2020\/08\/banner-contratistas-1700x500-1-768x226.jpg 768w, https:\/\/enolife.com.ar\/es\/wp-content\/uploads\/2020\/08\/banner-contratistas-1700x500-1-1536x452.jpg 1536w, https:\/\/enolife.com.ar\/es\/wp-content\/uploads\/2020\/08\/banner-contratistas-1700x500-1-1170x344.jpg 1170w, https:\/\/enolife.com.ar\/es\/wp-content\/uploads\/2020\/08\/banner-contratistas-1700x500-1-585x172.jpg 585w\" sizes=\"auto, (max-width: 1700px) 100vw, 1700px\" width=\"1700\" height=\"500\"   \/><\/a>\n\n\n<div style=\"height:45px\" aria-hidden=\"true\" class=\"wp-block-spacer\"><\/div>\n\n\n\n<p>Las recientes reformas impulsadas por el gobierno argentino en el <strong>Instituto Nacional de Vitivinicultura (INV)<\/strong>, en el <strong>Instituto Nacional de Tecnolog\u00eda Agropecuaria (INTA)<\/strong> y en la legislaci\u00f3n sobre contratos de compra-venta de uva encendieron alarmas en el sector vitivin\u00edcola. Desde la <strong>Asociaci\u00f3n Vi\u00f1ateros de Mendoza<\/strong> <strong>(AVM),<\/strong> su presidente<strong> Eduardo C\u00f3rdoba <\/strong>hizo p\u00fablica su cr\u00edtica: <em>\u201cDejan afuera al productor de la letra chica y no se puede desmantelar las herramientas que sosten\u00edan al productor\u201d.<\/em><\/p>\n\n\n<div class=\"wp-block-image\">\n<figure class=\"alignleft size-full is-resized\"><a href=\"https:\/\/enolife.com.ar\/es\/wp-content\/uploads\/2025\/07\/WhatsApp-Image-2025-07-29-at-10.15.16.jpeg\" data-rel=\"penci-gallery-image-content\" ><img loading=\"lazy\" decoding=\"async\" width=\"944\" height=\"670\" src=\"https:\/\/enolife.com.ar\/es\/wp-content\/uploads\/2025\/07\/WhatsApp-Image-2025-07-29-at-10.15.16.jpeg\" alt=\"\" class=\"wp-image-160086\" style=\"width:311px;height:auto\" srcset=\"https:\/\/enolife.com.ar\/es\/wp-content\/uploads\/2025\/07\/WhatsApp-Image-2025-07-29-at-10.15.16.jpeg 944w, https:\/\/enolife.com.ar\/es\/wp-content\/uploads\/2025\/07\/WhatsApp-Image-2025-07-29-at-10.15.16-300x213.jpeg 300w, https:\/\/enolife.com.ar\/es\/wp-content\/uploads\/2025\/07\/WhatsApp-Image-2025-07-29-at-10.15.16-768x545.jpeg 768w, https:\/\/enolife.com.ar\/es\/wp-content\/uploads\/2025\/07\/WhatsApp-Image-2025-07-29-at-10.15.16-585x415.jpeg 585w\" sizes=\"auto, (max-width: 944px) 100vw, 944px\" \/><\/a><\/figure><\/div>\n\n\n<p>C\u00f3rdoba advirti\u00f3 sobre la falta de participaci\u00f3n real de los actores de la cadena productiva en la definici\u00f3n de las nuevas normas: <em>\u201cFormamos parte de la cadena productiva, pero no se nos consulta como corresponde. Queremos evitar que estas modificaciones habiliten pr\u00e1cticas desleales que perjudiquen tanto al consumo interno como a las exportaciones\u201d.<\/em><\/p>\n\n\n\n<p>El dirigente hizo referencia a un <em>\u00abproceso de retroceso que lleva a\u00f1os, marcado por el abandono del trabajador agr\u00edcola, la competencia con otras bebidas y una ca\u00edda del poder de negociaci\u00f3n en el mercado por atomizaci\u00f3n\u00bb<\/em>. Y record\u00f3: <em>\u201cEste a\u00f1o dijimos claramente que la uva se estaba pagando lo mismo que el a\u00f1o pasado, con costos por las nubes. \u00bfY qu\u00e9 nos dijeron? \u2018Es el mercado, arr\u00e9glenselas\u2019. Pero despu\u00e9s s\u00ed intervienen, y es para desguazar. Es un discurso raro y parad\u00f3jico\u201d.<\/em><\/p>\n\n\n\n<p>Desde la AVM afirmaron que la vitivinicultura no es s\u00f3lo una industria: es trabajo, cultura y econom\u00eda regional. En los lugares m\u00e1s rec\u00f3nditos de la provincia, en pleno invierno, las familias tienen trabajo por las tareas de poda y mantenimiento. El comercio de los departamentos se mueve en buena medida gracias a eso. <em>\u00abY si el productor desaparece <\/em>-advirtieron-<em>, no hay vendimia, no hay turismo, no hay fiesta. Se pierde una oportunidad cultural y econ\u00f3mica enorme.<\/em><\/p>\n\n\n\n<p>Sobre el rol del INTA, C\u00f3rdoba valor\u00f3 el acompa\u00f1amiento de los t\u00e9cnicos y apoy\u00f3 la priorizaci\u00f3n de programas espec\u00edficos para los vi\u00f1ateros. Sin embargo, alert\u00f3 sobre los cambios propuestos: <em>\u201cModifican organismos clave como el INTA y el INV con el argumento de modernizar, pero no se discute con quienes realmente conocen la actividad. No estamos en contra de algunas modificaciones pero s\u00ed de las formas inconsultas con los actores que llevan d\u00e9cadas en la actividad\u00bb.<\/em><\/p>\n\n\n\n<p>La preocupaci\u00f3n central, afirmaron,m pasa por el control de la etapa inicial de la elaboraci\u00f3n: <em>\u201cNos inquieta mucho qu\u00e9 va a pasar con el control de la cosecha. Si desaparece o se debilita el INV, se abre la puerta a maniobras que da\u00f1an al productor, a la calidad del vino argentino, a la calidad del vino y por consecuencia al consumidor\u201d.<\/em><\/p>\n\n\n\n<p>Desde la AVM pidieron di\u00e1logo, transparencia y la posibilidad de llegar a un <em>\u201cpunto de confluencia\u201d<\/em> para reunirse con los gobiernos de Mendoza y de la Naci\u00f3n. <em>\u201cNo nos oponemos al cambio<\/em> -concluy\u00f3 C\u00f3rdoba-, <em>pero queremos que sea para mejorar y no para destruir lo que cost\u00f3 d\u00e9cadas construir\u201d.<\/em><\/p>\n\n\n\n<div style=\"height:35px\" aria-hidden=\"true\" class=\"wp-block-spacer\"><\/div>\n\n\n\n<p class=\"has-small-font-size\"><em><strong>Fuente: AVM. Foto principal: gentileza Rodrigo D&#8217;Angelo<\/strong><\/em><\/p>\n\n\n\n<div style=\"height:28px\" aria-hidden=\"true\" class=\"wp-block-spacer\"><\/div>\n\n\n\n<div style=\"height:30px\" aria-hidden=\"true\" class=\"wp-block-spacer\"><\/div>\n","protected":false},"excerpt":{"rendered":"<p>El presidente de la Asociaci\u00f3n de Vi\u00f1ateros de Mendoza, Eduardo C\u00f3rdoba, reclam\u00f3 di\u00e1logo, transparencia y&hellip;<\/p>\n","protected":false},"author":2,"featured_media":160088,"comment_status":"closed","ping_status":"open","sticky":false,"template":"","format":"standard","meta":{"footnotes":""},"categories":[12],"tags":[],"class_list":["post-160084","post","type-post","status-publish","format-standard","has-post-thumbnail","hentry","category-opinion"],"_links":{"self":[{"href":"https:\/\/enolife.com.ar\/es\/wp-json\/wp\/v2\/posts\/160084","targetHints":{"allow":["GET"]}}],"collection":[{"href":"https:\/\/enolife.com.ar\/es\/wp-json\/wp\/v2\/posts"}],"about":[{"href":"https:\/\/enolife.com.ar\/es\/wp-json\/wp\/v2\/types\/post"}],"author":[{"embeddable":true,"href":"https:\/\/enolife.com.ar\/es\/wp-json\/wp\/v2\/users\/2"}],"replies":[{"embeddable":true,"href":"https:\/\/enolife.com.ar\/es\/wp-json\/wp\/v2\/comments?post=160084"}],"version-history":[{"count":0,"href":"https:\/\/enolife.com.ar\/es\/wp-json\/wp\/v2\/posts\/160084\/revisions"}],"wp:featuredmedia":[{"embeddable":true,"href":"https:\/\/enolife.com.ar\/es\/wp-json\/wp\/v2\/media\/160088"}],"wp:attachment":[{"href":"https:\/\/enolife.com.ar\/es\/wp-json\/wp\/v2\/media?parent=160084"}],"wp:term":[{"taxonomy":"category","embeddable":true,"href":"https:\/\/enolife.com.ar\/es\/wp-json\/wp\/v2\/categories?post=160084"},{"taxonomy":"post_tag","embeddable":true,"href":"https:\/\/enolife.com.ar\/es\/wp-json\/wp\/v2\/tags?post=160084"}],"curies":[{"name":"wp","href":"https:\/\/api.w.org\/{rel}","templated":true}]}}