{"id":16007,"date":"2020-07-07T17:10:23","date_gmt":"2020-07-07T17:10:23","guid":{"rendered":"http:\/\/enolife.com.ar\/es\/?p=16007"},"modified":"2020-07-09T02:39:24","modified_gmt":"2020-07-09T02:39:24","slug":"vinotecas-de-san-juan-se-agrupan-para-fortalecer-el-comercio-y-fomentar-el-consumo","status":"publish","type":"post","link":"https:\/\/enolife.com.ar\/es\/vinotecas-de-san-juan-se-agrupan-para-fortalecer-el-comercio-y-fomentar-el-consumo\/","title":{"rendered":"Vinotecas de San Juan se agrupan para fortalecer el comercio y fomentar el consumo"},"content":{"rendered":"\n<h4 class=\"wp-block-heading\"><em><strong>Tras mantener cerrados sus negocios durante los \u00faltimos meses, los \u00abvinotequeros\u00bb salen a recuperar terreno en todo el pa\u00eds. En varias provincias, buscan estrechar filas en asociaciones y agremiaciones con el fin de competir con supermercados y la venta directa de las bodegas. San Juan no es la excepci\u00f3n: ya se organizan y coordinan acciones de promoci\u00f3n con el gobierno local. En Mendoza hay reuniones. A nivel nacional, existe la C\u00e1mara Argentina de Vinotecas y Afines, pero no tiene representantes de ninguna de las dos principales provincias productoras.<\/strong><\/em>   <\/h4>\n\n\n\n<div style=\"height:20px\" aria-hidden=\"true\" class=\"wp-block-spacer\"><\/div>\n\n\n\n<p>El ministro de Producci\u00f3n y Desarrollo Econ\u00f3mico del gobierno de San Juan, Andr\u00e9s D\u00edaz Cano, recibi\u00f3 a representantes de vinotecas de esa provincia, que se presentaron para comentarle la iniciativa que tienen como sector de agruparse y de constituirse como un rubro comercial.<\/p>\n\n\n\n<p>Durante la reuni\u00f3n, ambas partes realizaron un balance de sus ventas en el marco de este proceso de pandemia y agradecieron la posibilidad de incluir a las vinotecas dentro del programa local \u201cEleg\u00ed bien, compr\u00e1 mejor\u201d, una iniciativa que ofrece beneficios y descuentos para fortalecer el comercio sanjuanino y fomentar el consumo.<\/p>\n\n\n\n<p>Las vinotecas formaron parte del primer acuerdo del programa que impulsa el Ministerio de Producci\u00f3n y Desarrollo Econ\u00f3mico, que se implement\u00f3 en el mes de junio aprovechando la fecha del D\u00eda del Padre. En esta oportunidad, se sumaron con descuentos de entre el 10 y el 15 por ciento en la venta de vinos sanjuaninos.<\/p>\n\n\n\n<p>Por otra parte, en el encuentro se habl\u00f3 sobre lo posibilidad de generar nuevas acciones comerciales en conjunto con el fin de incentivar el consumo de vinos sanjuaninos y colaborar con acciones concretas para hacer crecer este sector local.<\/p>\n\n\n\n<p>El ministro D\u00edaz Cano estuvo acompa\u00f1ado por el secretario de Industria, Comercio y Servicios, Alejandro Mestre, la directora y subdirectora de Industria y Comercio, Marisa Fern\u00e1ndez y Gabriela Calder\u00f3n.<\/p>\n\n\n\n<div style=\"height:20px\" aria-hidden=\"true\" class=\"wp-block-spacer\"><\/div>\n\n\n\n<p class=\"has-background has-very-light-gray-background-color\"><strong>Un programa para reactivar el comercio<\/strong><br><br>El programa <strong>\u201cEleg\u00ed bien, compr\u00e1 mejor\u201d<\/strong> tiene por objetivo contribuir a la reactivaci\u00f3n comercial de San Juan. Incluye:<br><br>\u2022 <strong>Campa\u00f1as de promoci\u00f3<\/strong>n para comercios locales destinada a incentivar el consumo ofreciendo promociones y beneficios a los consumidores teniendo en cuenta fechas relevantes como D\u00eda del Amigo, del Ni\u00f1o, del Maestro, entre otras.<br><br>\u2022 <strong>Generar acuerdos<\/strong> con comercios minoristas para que ofrezcan descuentos, promociones y beneficios espec\u00edficos a los clientes.<br><br>\u2022 <strong>Capacitaciones<\/strong> destinadas a brindar herramientas que le permitan al comerciante incrementar la competitividad frente a las propuestas de comercios instalados fuera de la provincia. Estas capacitaciones abarcar\u00e1n temas relacionados a atenci\u00f3n al cliente, marketing digital, comercio electr\u00f3nico, entre otras.<\/p>\n\n\n\n<div style=\"height:20px\" aria-hidden=\"true\" class=\"wp-block-spacer\"><\/div>\n\n\n\n<p class=\"has-small-font-size\"><em><strong>Fuente: Diario de Cuyo, de San Juan<\/strong><\/em><\/p>\n\n\n\n<div style=\"height:20px\" aria-hidden=\"true\" class=\"wp-block-spacer\"><\/div>\n\n\n\n<p><\/p>\n","protected":false},"excerpt":{"rendered":"<p>Tras mantener cerrados sus negocios durante los \u00faltimos meses, los \u00abvinotequeros\u00bb salen a recuperar terreno&hellip;<\/p>\n","protected":false},"author":3,"featured_media":16079,"comment_status":"open","ping_status":"open","sticky":false,"template":"","format":"standard","meta":{"footnotes":""},"categories":[14],"tags":[],"class_list":["post-16007","post","type-post","status-publish","format-standard","has-post-thumbnail","hentry","category-news"],"_links":{"self":[{"href":"https:\/\/enolife.com.ar\/es\/wp-json\/wp\/v2\/posts\/16007","targetHints":{"allow":["GET"]}}],"collection":[{"href":"https:\/\/enolife.com.ar\/es\/wp-json\/wp\/v2\/posts"}],"about":[{"href":"https:\/\/enolife.com.ar\/es\/wp-json\/wp\/v2\/types\/post"}],"author":[{"embeddable":true,"href":"https:\/\/enolife.com.ar\/es\/wp-json\/wp\/v2\/users\/3"}],"replies":[{"embeddable":true,"href":"https:\/\/enolife.com.ar\/es\/wp-json\/wp\/v2\/comments?post=16007"}],"version-history":[{"count":0,"href":"https:\/\/enolife.com.ar\/es\/wp-json\/wp\/v2\/posts\/16007\/revisions"}],"wp:featuredmedia":[{"embeddable":true,"href":"https:\/\/enolife.com.ar\/es\/wp-json\/wp\/v2\/media\/16079"}],"wp:attachment":[{"href":"https:\/\/enolife.com.ar\/es\/wp-json\/wp\/v2\/media?parent=16007"}],"wp:term":[{"taxonomy":"category","embeddable":true,"href":"https:\/\/enolife.com.ar\/es\/wp-json\/wp\/v2\/categories?post=16007"},{"taxonomy":"post_tag","embeddable":true,"href":"https:\/\/enolife.com.ar\/es\/wp-json\/wp\/v2\/tags?post=16007"}],"curies":[{"name":"wp","href":"https:\/\/api.w.org\/{rel}","templated":true}]}}