{"id":159806,"date":"2025-08-01T14:07:05","date_gmt":"2025-08-01T14:07:05","guid":{"rendered":"https:\/\/enolife.com.ar\/es\/?p=159806"},"modified":"2025-08-02T14:43:23","modified_gmt":"2025-08-02T14:43:23","slug":"el-renovado-resto-de-martino-wines-ofrece-menus-especiales-y-visitas-guiadas-a-turistas-argentinos","status":"publish","type":"post","link":"https:\/\/enolife.com.ar\/es\/el-renovado-resto-de-martino-wines-ofrece-menus-especiales-y-visitas-guiadas-a-turistas-argentinos\/","title":{"rendered":"El renovado rest\u00f3 de Martino Wines ofrece men\u00fas especiales y visitas guiadas a turistas argentinos"},"content":{"rendered":"\n<h4 class=\"wp-block-heading\"><em><strong>El invierno tiene un sabor y un color especial en Mendoza. En sinton\u00eda con la \u00e9poca del a\u00f1o, el aggiornado restaurante de la Bodega Martino Wines -galardonado recientemente con la Recomendaci\u00f3n de Estrellas Michelin- present\u00f3 propuestas gastron\u00f3micas c\u00e1lidas, sabrosas y sustanciosas para este mes de agosto 2025. Con la direcci\u00f3n de sus reconocidos chefs Lucas Olcese y Javier Quinteros, a quienes secunda un capacitado equipo de profesionales en gastronom\u00eda, enoturismo y hoteler\u00eda, el rest\u00f3 present\u00f3 sus men\u00fas dise\u00f1ados para disfrutar de la cocina de estaci\u00f3n, el vino y la calidez del entorno<\/strong><\/em><strong><em>.<\/em><\/strong><\/h4>\n\n\n\n<div style=\"height:35px\" aria-hidden=\"true\" class=\"wp-block-spacer\"><\/div>\n\n\n\n\n\n<div style=\"height:45px\" aria-hidden=\"true\" class=\"wp-block-spacer\"><\/div>\n\n\n\n<p>El restaurante est\u00e1 ubicado entre las vi\u00f1as de la tradicional bodega de la familia Martino, en el distrito <strong>Mayor Drummond, Luj\u00e1n, Primera Zona Vitivin\u00edcola de Mendoza. <\/strong>Desde su ubicaci\u00f3n en mesas de nobles maderas, rodeados de delicados arreglos estilo campestre y obras de arte, los visitantes pueden observar el paisaje cercano a la <strong>cordillera de los Andes<\/strong> mientras saborean las delicias del men\u00fa, gracias al dise\u00f1o arquitect\u00f3nico que combina con buen gusto madera y vidrio.<\/p>\n\n\n\n<div style=\"height:35px\" aria-hidden=\"true\" class=\"wp-block-spacer\"><\/div>\n\n\n<div class=\"wp-block-image\">\n<figure class=\"aligncenter size-large is-resized\"><a href=\"https:\/\/enolife.com.ar\/es\/wp-content\/uploads\/2025\/08\/Lucas-Olsece-y-Javier-Quinteros-chefs-de-Martino-Wines.jpg\" data-rel=\"penci-gallery-image-content\" ><img loading=\"lazy\" decoding=\"async\" width=\"1024\" height=\"576\" src=\"https:\/\/enolife.com.ar\/es\/wp-content\/uploads\/2025\/08\/Lucas-Olsece-y-Javier-Quinteros-chefs-de-Martino-Wines-1024x576.jpg\" alt=\"\" class=\"wp-image-160341\" style=\"width:666px;height:auto\" srcset=\"https:\/\/enolife.com.ar\/es\/wp-content\/uploads\/2025\/08\/Lucas-Olsece-y-Javier-Quinteros-chefs-de-Martino-Wines-1024x576.jpg 1024w, https:\/\/enolife.com.ar\/es\/wp-content\/uploads\/2025\/08\/Lucas-Olsece-y-Javier-Quinteros-chefs-de-Martino-Wines-300x169.jpg 300w, https:\/\/enolife.com.ar\/es\/wp-content\/uploads\/2025\/08\/Lucas-Olsece-y-Javier-Quinteros-chefs-de-Martino-Wines-768x432.jpg 768w, https:\/\/enolife.com.ar\/es\/wp-content\/uploads\/2025\/08\/Lucas-Olsece-y-Javier-Quinteros-chefs-de-Martino-Wines-1536x864.jpg 1536w, https:\/\/enolife.com.ar\/es\/wp-content\/uploads\/2025\/08\/Lucas-Olsece-y-Javier-Quinteros-chefs-de-Martino-Wines-1170x658.jpg 1170w, https:\/\/enolife.com.ar\/es\/wp-content\/uploads\/2025\/08\/Lucas-Olsece-y-Javier-Quinteros-chefs-de-Martino-Wines-585x329.jpg 585w, https:\/\/enolife.com.ar\/es\/wp-content\/uploads\/2025\/08\/Lucas-Olsece-y-Javier-Quinteros-chefs-de-Martino-Wines.jpg 1600w\" sizes=\"auto, (max-width: 1024px) 100vw, 1024px\" \/><\/a><figcaption class=\"wp-element-caption\"><em><strong>Lucas Olcese y Javier Quinteros, los chefs estrella de Martino Wines, con la distinci\u00f3n de la Gu\u00eda Michelin a sus espaldas.<\/strong><\/em><\/figcaption><\/figure><\/div>\n\n\n<div style=\"height:35px\" aria-hidden=\"true\" class=\"wp-block-spacer\"><\/div>\n\n\n\n<p>El restaurante fue galardonado con la <strong>Recomendaci\u00f3n de la Gu\u00eda Michelin 2025<\/strong> y los premios <strong>Traveller\u2019s Choice de TripAdvisor<\/strong>. En su amplia carta, en estos meses invernales se ofrecen tres men\u00faes especiales, cada uno con entrada, plato principal y postre, acompa\u00f1ados por vinos seleccionados. Las experiencias est\u00e1n dise\u00f1adas tanto para <strong>visitantes locales como para turistas<\/strong> que buscan conocer el esp\u00edritu de Luj\u00e1n de Cuyo a trav\u00e9s de los sabores.<\/p>\n\n\n\n<div style=\"height:35px\" aria-hidden=\"true\" class=\"wp-block-spacer\"><\/div>\n\n\n<div class=\"wp-block-image\">\n<figure class=\"aligncenter size-full is-resized\"><a href=\"https:\/\/enolife.com.ar\/es\/wp-content\/uploads\/2025\/07\/MARTINO-4.jpg\" data-rel=\"penci-gallery-image-content\" ><img loading=\"lazy\" decoding=\"async\" width=\"737\" height=\"500\" src=\"https:\/\/enolife.com.ar\/es\/wp-content\/uploads\/2025\/07\/MARTINO-4.jpg\" alt=\"\" class=\"wp-image-159809\" style=\"width:653px;height:auto\" srcset=\"https:\/\/enolife.com.ar\/es\/wp-content\/uploads\/2025\/07\/MARTINO-4.jpg 737w, https:\/\/enolife.com.ar\/es\/wp-content\/uploads\/2025\/07\/MARTINO-4-300x204.jpg 300w, https:\/\/enolife.com.ar\/es\/wp-content\/uploads\/2025\/07\/MARTINO-4-585x397.jpg 585w\" sizes=\"auto, (max-width: 737px) 100vw, 737px\" \/><\/a><\/figure><\/div>\n\n\n<div style=\"height:35px\" aria-hidden=\"true\" class=\"wp-block-spacer\"><\/div>\n\n\n\n<p>Cada propuesta incluye una botella de vino cada dos personas. Antes o despu\u00e9s del almuerzo, picada o cena, los visitantes pueden recorrer la bodega guiados por su jefe de Turismo, <strong>Pablo Guarnieri<\/strong>, experto conocedor de cada rinc\u00f3n de los vi\u00f1edos y cavas donde se cr\u00edan los reconocidos vinos de la casa. En el paseo, se conocen en detalles los procesos enol\u00f3gicos de elaboraci\u00f3n y se realizan diferentes degustaciones de vinos.<\/p>\n\n\n\n<div style=\"height:35px\" aria-hidden=\"true\" class=\"wp-block-spacer\"><\/div>\n\n\n<div class=\"wp-block-image\">\n<figure class=\"aligncenter size-large is-resized\"><a href=\"https:\/\/enolife.com.ar\/es\/wp-content\/uploads\/2025\/08\/Vinos-de-Martino-Wines.jpg\" data-rel=\"penci-gallery-image-content\" ><img loading=\"lazy\" decoding=\"async\" width=\"1024\" height=\"576\" src=\"https:\/\/enolife.com.ar\/es\/wp-content\/uploads\/2025\/08\/Vinos-de-Martino-Wines-1024x576.jpg\" alt=\"\" class=\"wp-image-160344\" style=\"width:624px;height:auto\" srcset=\"https:\/\/enolife.com.ar\/es\/wp-content\/uploads\/2025\/08\/Vinos-de-Martino-Wines-1024x576.jpg 1024w, https:\/\/enolife.com.ar\/es\/wp-content\/uploads\/2025\/08\/Vinos-de-Martino-Wines-300x169.jpg 300w, https:\/\/enolife.com.ar\/es\/wp-content\/uploads\/2025\/08\/Vinos-de-Martino-Wines-768x432.jpg 768w, https:\/\/enolife.com.ar\/es\/wp-content\/uploads\/2025\/08\/Vinos-de-Martino-Wines-1536x864.jpg 1536w, https:\/\/enolife.com.ar\/es\/wp-content\/uploads\/2025\/08\/Vinos-de-Martino-Wines-1170x658.jpg 1170w, https:\/\/enolife.com.ar\/es\/wp-content\/uploads\/2025\/08\/Vinos-de-Martino-Wines-585x329.jpg 585w, https:\/\/enolife.com.ar\/es\/wp-content\/uploads\/2025\/08\/Vinos-de-Martino-Wines.jpg 1600w\" sizes=\"auto, (max-width: 1024px) 100vw, 1024px\" \/><\/a><figcaption class=\"wp-element-caption\"><em><strong>Cinco de las 20 etiquetas de Martino Wines, la mitad de las cuales se exportan a 10 pa\u00edses.<\/strong><\/em><\/figcaption><\/figure><\/div>\n\n\n<div style=\"height:35px\" aria-hidden=\"true\" class=\"wp-block-spacer\"><\/div>\n\n\n\n<p>A fines de julio, Martino Wines ofreci\u00f3 una visita guiada y almuerzo con los nuevos men\u00faes a periodistas especializados de medios mendocinos y nacionales. En la oportunidad, el encargado de Turismo y Hospitalidad, Pablo Guarnieri, realiz\u00f3 una breve rese\u00f1a de la historia de la bodega desde que se la adquiri\u00f3 la familia Martino. <\/p>\n\n\n\n<div style=\"height:35px\" aria-hidden=\"true\" class=\"wp-block-spacer\"><\/div>\n\n\n<div class=\"wp-block-image\">\n<figure class=\"aligncenter size-large is-resized\"><a href=\"https:\/\/enolife.com.ar\/es\/wp-content\/uploads\/2025\/08\/Periodistas-en-Martino-Wines-scaled.jpg\" data-rel=\"penci-gallery-image-content\" ><img loading=\"lazy\" decoding=\"async\" width=\"1024\" height=\"576\" src=\"https:\/\/enolife.com.ar\/es\/wp-content\/uploads\/2025\/08\/Periodistas-en-Martino-Wines-1024x576.jpg\" alt=\"\" class=\"wp-image-160347\" style=\"width:644px;height:auto\" srcset=\"https:\/\/enolife.com.ar\/es\/wp-content\/uploads\/2025\/08\/Periodistas-en-Martino-Wines-1024x576.jpg 1024w, https:\/\/enolife.com.ar\/es\/wp-content\/uploads\/2025\/08\/Periodistas-en-Martino-Wines-300x169.jpg 300w, https:\/\/enolife.com.ar\/es\/wp-content\/uploads\/2025\/08\/Periodistas-en-Martino-Wines-768x432.jpg 768w, https:\/\/enolife.com.ar\/es\/wp-content\/uploads\/2025\/08\/Periodistas-en-Martino-Wines-1536x864.jpg 1536w, https:\/\/enolife.com.ar\/es\/wp-content\/uploads\/2025\/08\/Periodistas-en-Martino-Wines-2048x1152.jpg 2048w, https:\/\/enolife.com.ar\/es\/wp-content\/uploads\/2025\/08\/Periodistas-en-Martino-Wines-1170x658.jpg 1170w, https:\/\/enolife.com.ar\/es\/wp-content\/uploads\/2025\/08\/Periodistas-en-Martino-Wines-585x329.jpg 585w\" sizes=\"auto, (max-width: 1024px) 100vw, 1024px\" \/><\/a><figcaption class=\"wp-element-caption\"><em><strong>Los periodistas especializados que tuvieron la ardua tarea de probar los nuevos varietales y el men\u00fa de 7 pasos de Martino Wines<\/strong><\/em><strong><em>.<\/em><\/strong><\/figcaption><\/figure><\/div>\n\n\n<div style=\"height:35px\" aria-hidden=\"true\" class=\"wp-block-spacer\"><\/div>\n\n\n\n<p><em>\u00abEn 2011 la familia Martino comenz\u00f3 a producir aqu\u00ed sus propios vinos <\/em>-cont\u00f3 Guarnieri-<em>, en principio s\u00f3lo malbec, que incluso se export\u00f3 a Estados Unidos; al mismo tiempo adquirieron esta bodega, que data de 1901. Se decidi\u00f3 mantener el casco hist\u00f3rico en resguardo del patrimonio arquitect\u00f3nico y cultural, y luego hacerle modificaciones y colocar equipamientos para empezar la producci\u00f3n industrial. Actualmente, tenemos 7 hect\u00e1reas de malbec en Agrelo, en vi\u00f1edos de 1926; 45 hect\u00e1reas en Barrancas, Maip\u00fa; adem\u00e1s, compramos uva en distintos terroirs de Mendoza y tenemos una producci\u00f3n anual de 150.000 litros.\u00bb <\/em><\/p>\n\n\n\n<div style=\"height:35px\" aria-hidden=\"true\" class=\"wp-block-spacer\"><\/div>\n\n\n<div class=\"wp-block-image\">\n<figure class=\"aligncenter size-large is-resized\"><a href=\"https:\/\/enolife.com.ar\/es\/wp-content\/uploads\/2025\/08\/Malbec-Tan-Solo-de-Ciro.jpg\" data-rel=\"penci-gallery-image-content\" ><img loading=\"lazy\" decoding=\"async\" width=\"1024\" height=\"576\" src=\"https:\/\/enolife.com.ar\/es\/wp-content\/uploads\/2025\/08\/Malbec-Tan-Solo-de-Ciro-1024x576.jpg\" alt=\"\" class=\"wp-image-160338\" style=\"width:576px;height:auto\" srcset=\"https:\/\/enolife.com.ar\/es\/wp-content\/uploads\/2025\/08\/Malbec-Tan-Solo-de-Ciro-1024x576.jpg 1024w, https:\/\/enolife.com.ar\/es\/wp-content\/uploads\/2025\/08\/Malbec-Tan-Solo-de-Ciro-300x169.jpg 300w, https:\/\/enolife.com.ar\/es\/wp-content\/uploads\/2025\/08\/Malbec-Tan-Solo-de-Ciro-768x432.jpg 768w, https:\/\/enolife.com.ar\/es\/wp-content\/uploads\/2025\/08\/Malbec-Tan-Solo-de-Ciro-1536x864.jpg 1536w, https:\/\/enolife.com.ar\/es\/wp-content\/uploads\/2025\/08\/Malbec-Tan-Solo-de-Ciro-1170x658.jpg 1170w, https:\/\/enolife.com.ar\/es\/wp-content\/uploads\/2025\/08\/Malbec-Tan-Solo-de-Ciro-585x329.jpg 585w, https:\/\/enolife.com.ar\/es\/wp-content\/uploads\/2025\/08\/Malbec-Tan-Solo-de-Ciro.jpg 1600w\" sizes=\"auto, (max-width: 1024px) 100vw, 1024px\" \/><\/a><figcaption class=\"wp-element-caption\"><em><strong>En uno de los tanques de Martino Wines se guarda el vino \u00abTan Solo\u00bb de Ciro Mart\u00ednez, lider de Los Piojos, mientras espera su paso a la barrica para una crianza de 5 meses<\/strong><\/em><strong><em>.<\/em><\/strong><\/figcaption><\/figure><\/div>\n\n\n<div style=\"height:35px\" aria-hidden=\"true\" class=\"wp-block-spacer\"><\/div>\n\n\n\n<p>Con respecto al portfolio de la bodega, Guarnieri detall\u00f3: <em>\u00abElaboramos 5 l\u00edneas de vinos, con varietales y blends de 15 uvas, con 20 etiquetas de mercado. Tenemos un segmento de variedades inusuales, Pedro Gim\u00e9nez, Tempranillo, Sangiovese, Marselan, y el foco siempre en la alta gama. Nuestra en\u00f3loga <strong>Virgina Sari<\/strong>, con la asesor\u00eda del en\u00f3logo italiano <strong>Attilio Pagli<\/strong>, hacen un gran trabajo con las uvas Pedro Gim\u00e9nez y Sangiovese, logrando vinos de alta calidad gracias al cuidado enol\u00f3gico y a la crianza durante a\u00f1os en barrica. Entramos al mercado con la l\u00ednea Martino, que est\u00e1 alrededor de $20.000, y hasta los $140.000 del Gran Malbec, nuestro vino \u00edcono. Exportamos el 50 por ciento de la producci\u00f3n\u00bb.<\/em><\/p>\n\n\n\n<div style=\"height:35px\" aria-hidden=\"true\" class=\"wp-block-spacer\"><\/div>\n\n\n<div class=\"wp-block-image\">\n<figure class=\"aligncenter size-large is-resized\"><a href=\"https:\/\/enolife.com.ar\/es\/wp-content\/uploads\/2025\/08\/Tan-Solo-portada-1.jpg.webp\"><img loading=\"lazy\" decoding=\"async\" width=\"1024\" height=\"682\" src=\"https:\/\/enolife.com.ar\/es\/wp-content\/uploads\/2025\/08\/Tan-Solo-portada-1.jpg-1024x682.webp\" alt=\"\" class=\"wp-image-160435\" style=\"width:690px;height:auto\" srcset=\"https:\/\/enolife.com.ar\/es\/wp-content\/uploads\/2025\/08\/Tan-Solo-portada-1.jpg-1024x682.webp 1024w, https:\/\/enolife.com.ar\/es\/wp-content\/uploads\/2025\/08\/Tan-Solo-portada-1.jpg-300x200.webp 300w, https:\/\/enolife.com.ar\/es\/wp-content\/uploads\/2025\/08\/Tan-Solo-portada-1.jpg-768x512.webp 768w, https:\/\/enolife.com.ar\/es\/wp-content\/uploads\/2025\/08\/Tan-Solo-portada-1.jpg-1170x780.webp 1170w, https:\/\/enolife.com.ar\/es\/wp-content\/uploads\/2025\/08\/Tan-Solo-portada-1.jpg-585x390.webp 585w, https:\/\/enolife.com.ar\/es\/wp-content\/uploads\/2025\/08\/Tan-Solo-portada-1.jpg.webp 1250w\" sizes=\"auto, (max-width: 1024px) 100vw, 1024px\" \/><\/a><figcaption class=\"wp-element-caption\"><em><strong>Ciro Mart\u00ednez y su en\u00f3logo y amigo Andr\u00e9s Vignani<\/strong><\/em><strong><em>.<\/em><\/strong><\/figcaption><\/figure><\/div>\n\n\n<div style=\"height:22px\" aria-hidden=\"true\" class=\"wp-block-spacer\"><\/div>\n\n\n\n<h3 class=\"wp-block-heading has-vivid-red-color has-text-color has-link-color wp-elements-347c322ebb94b91ff76cb7d6593848a3\">En la bodega Martino Wines se realizan proyectos para terceros, por ejemplo el vino \u00abTan Solo\u00bb, de Ciro Mart\u00ednez, el famoso l\u00edder rockero de las bandas Los Piojos y Ciro y Los Persas. Es un blend de Malbec (87%), Cabernet Sauvignon (8%) y Syrah (5%), con 5 meses en barrica, al cuidado del en\u00f3logo Andr\u00e9s Vignani.<\/h3>\n\n\n\n<div style=\"height:35px\" aria-hidden=\"true\" class=\"wp-block-spacer\"><\/div>\n\n\n\n<p><em>\u00abEn 2016 <\/em>-cont\u00f3 Guarnieri-<em> los due\u00f1os decidieron hacer una doble ampliaci\u00f3n y se empez\u00f3 a ofrecer el servicio de elaboraci\u00f3n a terceros, para lo cual tenemos una capacidad de 1.500.000 litros, de los cuales nosotros usamos el 10%\u00bb.<\/em><\/p>\n\n\n\n<div style=\"height:30px\" aria-hidden=\"true\" class=\"wp-block-spacer\"><\/div>\n\n\n\n<p class=\"has-medium-font-size\"><strong>Las propuestas de invierno<\/strong><\/p>\n\n\n\n<p>Para lo que resta de este invierno, el restaurante de Martino Wines dispone de precios y beneficios especiale, tanto para visitantes mendocinos como para turistas for\u00e1neos. Los valores del men\u00fa b\u00e1sico es de $55.000 por persona, con un precio promocional de $39.000 abonando en efectivo. Aqu\u00ed algunas de las opciones:<\/p>\n\n\n\n<p><strong>Men\u00fa de invierno 1<\/strong><\/p>\n\n\n\n<ul class=\"wp-block-list\">\n<li>Sopa del chef de temporada<\/li>\n\n\n\n<li>\u00d1oquis rellenos con rag\u00fa y vegetales de la huerta<\/li>\n\n\n\n<li>Churro con chocolate y sal marina<br><em>Incluye botella de vino Martino cada dos personas<\/em><\/li>\n<\/ul>\n\n\n\n<p><strong>Men\u00fa de invierno 2<\/strong><\/p>\n\n\n\n<ul class=\"wp-block-list\">\n<li>Pastelito de chivo<\/li>\n\n\n\n<li>Vac\u00edo a la llama<\/li>\n\n\n\n<li>Mousse de dulce de leche<br><em>Incluye botella de Fruto Tinto o Molteni Andino cada dos personas<\/em><\/li>\n<\/ul>\n\n\n\n<p><strong>Men\u00fa de invierno 3<\/strong><\/p>\n\n\n\n<ul class=\"wp-block-list\">\n<li>Parrillada Martino<\/li>\n\n\n\n<li>Panes de masa madre con alioli y escabeche<\/li>\n\n\n\n<li>Empanada de osobuco<\/li>\n\n\n\n<li>Embutidos, achuras y cortes de carne a las brasas<\/li>\n\n\n\n<li>Panqueque con dulce de leche<br><em>Incluye botella de vino Martino cada dos personas<\/em><\/li>\n<\/ul>\n\n\n\n<div style=\"height:24px\" aria-hidden=\"true\" class=\"wp-block-spacer\"><\/div>\n\n\n\n<p class=\"has-cyan-bluish-gray-background-color has-background\"><strong>Para agendar<\/strong><br><br>Reservas e Informaci\u00f3n:<br>Mail: <a href=\"mailto:turismo@martinowines.com.ar\">turismo@martinowines.com.ar<\/a><br>Whatsapp: <strong>+<\/strong>54 9 261 611 9812<br>Web: <a href=\"https:\/\/wineobs.com.ar\/winery\/martino-wines\">https:\/\/wineobs.com.ar\/winery\/martino-wines<\/a><br>Ubicaci\u00f3n: Cnel Juan Terrada 2250, Mayor Drummond, Luj\u00e1n de Cuyo<br>Instagram: @martinowines<br>Cupos limitados. Se recomienda reservar con anticipaci\u00f3n.<\/p>\n\n\n\n<div style=\"height:39px\" aria-hidden=\"true\" class=\"wp-block-spacer\"><\/div>\n","protected":false},"excerpt":{"rendered":"<p>El invierno tiene un sabor y un color especial en Mendoza. En sinton\u00eda con la&hellip;<\/p>\n","protected":false},"author":2,"featured_media":159808,"comment_status":"closed","ping_status":"open","sticky":false,"template":"","format":"standard","meta":{"footnotes":""},"categories":[56,57],"tags":[],"class_list":["post-159806","post","type-post","status-publish","format-standard","has-post-thumbnail","hentry","category-destacado","category-empresas"],"_links":{"self":[{"href":"https:\/\/enolife.com.ar\/es\/wp-json\/wp\/v2\/posts\/159806","targetHints":{"allow":["GET"]}}],"collection":[{"href":"https:\/\/enolife.com.ar\/es\/wp-json\/wp\/v2\/posts"}],"about":[{"href":"https:\/\/enolife.com.ar\/es\/wp-json\/wp\/v2\/types\/post"}],"author":[{"embeddable":true,"href":"https:\/\/enolife.com.ar\/es\/wp-json\/wp\/v2\/users\/2"}],"replies":[{"embeddable":true,"href":"https:\/\/enolife.com.ar\/es\/wp-json\/wp\/v2\/comments?post=159806"}],"version-history":[{"count":0,"href":"https:\/\/enolife.com.ar\/es\/wp-json\/wp\/v2\/posts\/159806\/revisions"}],"wp:featuredmedia":[{"embeddable":true,"href":"https:\/\/enolife.com.ar\/es\/wp-json\/wp\/v2\/media\/159808"}],"wp:attachment":[{"href":"https:\/\/enolife.com.ar\/es\/wp-json\/wp\/v2\/media?parent=159806"}],"wp:term":[{"taxonomy":"category","embeddable":true,"href":"https:\/\/enolife.com.ar\/es\/wp-json\/wp\/v2\/categories?post=159806"},{"taxonomy":"post_tag","embeddable":true,"href":"https:\/\/enolife.com.ar\/es\/wp-json\/wp\/v2\/tags?post=159806"}],"curies":[{"name":"wp","href":"https:\/\/api.w.org\/{rel}","templated":true}]}}