{"id":159560,"date":"2025-07-23T19:14:46","date_gmt":"2025-07-23T19:14:46","guid":{"rendered":"https:\/\/enolife.com.ar\/es\/?p=159560"},"modified":"2025-07-24T22:13:22","modified_gmt":"2025-07-24T22:13:22","slug":"ya-inscriben-al-concurso-de-poda-de-bahco-con-un-pasaje-a-francia-de-premio-para-el-ganado","status":"publish","type":"post","link":"https:\/\/enolife.com.ar\/es\/ya-inscriben-al-concurso-de-poda-de-bahco-con-un-pasaje-a-francia-de-premio-para-el-ganado\/","title":{"rendered":"Ya inscriben al concurso de poda de Bahco, con un pasaje a Francia de premio para el ganador"},"content":{"rendered":"\n<h4 class=\"wp-block-heading\"><em><strong>El 2 de agosto se llevar\u00e1 a cabo la 13\u00b0 edici\u00f3n del Desaf\u00edo Bahco -concurso latinoamericano de poda de vid- en la Finca El Para\u00edso, de la Bodega Luigi Bosca en Maip\u00fa, Mendoza. El premio principal para el podador m\u00e1s r\u00e1pido y habilidoso ser\u00e1 un viaje a Francia para conocer la planta de Bahco y representar a su regi\u00f3n en un concurso internacional.<\/strong><\/em><\/h4>\n\n\n\n<div style=\"height:35px\" aria-hidden=\"true\" class=\"wp-block-spacer\"><\/div>\n\n\n\n\n\n<div style=\"height:45px\" aria-hidden=\"true\" class=\"wp-block-spacer\"><\/div>\n\n\n\n<p><strong>SNA Europe<\/strong>, empresa l\u00edder en herramientas de mano y fabricante de las emblem\u00e1ticas tijeras de poda Bahco, anunci\u00f3 la final de la 13\u00aa edici\u00f3n del <strong>Desaf\u00edo Bahco<\/strong>, que tendr\u00e1 lugar el <strong>2 de agosto de 2025<\/strong> desde las 10 hs en Finca El Para\u00edso, de la <strong>Bodega Luigi Bosca, ubicada en Maip\u00fa, Mendoza.<\/strong><\/p>\n\n\n<div class=\"wp-block-image\">\n<figure class=\"alignleft size-full is-resized\"><a href=\"https:\/\/docs.google.com\/forms\/d\/e\/1FAIpQLSeGZ7GJglN4vzFP8ehwKp3fLJiFBsDFEEMuZkLwqrFp9tmP8Q\/closedform\" rel=\"https:\/\/docs.google.com\/forms\/d\/e\/1FAIpQLSeGZ7GJglN4vzFP8ehwKp3fLJiFBsDFEEMuZkLwqrFp9tmP8Q\/closedform\"><img loading=\"lazy\" decoding=\"async\" width=\"400\" height=\"400\" src=\"https:\/\/enolife.com.ar\/es\/wp-content\/uploads\/2025\/07\/Grafica_Concurso_de_poda_2025_page-0001.jpg\" alt=\"\" class=\"wp-image-159567\" style=\"width:311px;height:auto\" srcset=\"https:\/\/enolife.com.ar\/es\/wp-content\/uploads\/2025\/07\/Grafica_Concurso_de_poda_2025_page-0001.jpg 400w, https:\/\/enolife.com.ar\/es\/wp-content\/uploads\/2025\/07\/Grafica_Concurso_de_poda_2025_page-0001-300x300.jpg 300w, https:\/\/enolife.com.ar\/es\/wp-content\/uploads\/2025\/07\/Grafica_Concurso_de_poda_2025_page-0001-150x150.jpg 150w\" sizes=\"auto, (max-width: 400px) 100vw, 400px\" \/><\/a><\/figure><\/div>\n\n\n<p class=\"has-white-background-color has-background\">Desde su inicio en 2012 como una iniciativa local en Mendoza, el <strong>Desaf\u00edo Bahco<\/strong> ha evolucionado hasta convertirse en un cl\u00e1sico del calendario vitivin\u00edcola de Am\u00e9rica Latina. Este evento no s\u00f3lo es una competencia, sino tambi\u00e9n una celebraci\u00f3n del oficio de podadores, un espacio de formaci\u00f3n continua y un reconocimiento al conocimiento, la dedicaci\u00f3n y la pasi\u00f3n de quienes cuidan la vid con maestr\u00eda.<\/p>\n\n\n\n<p class=\"has-white-background-color has-background\">A lo largo de los a\u00f1os, el certamen ha crecido significativamente, sumando sedes en <strong>Salta, San Juan, La Rioja, Neuqu\u00e9n y R\u00edo Negro<\/strong>, y expandi\u00e9ndose hacia <strong>Chile, Uruguay y Per\u00fa<\/strong>. Con m\u00e1s de 50 ediciones realizadas y una comunidad cada vez m\u00e1s activa, este evento promueve el intercambio entre regiones y destaca la importancia de la poda para la calidad del vino.<\/p>\n\n\n\n<p class=\"has-white-background-color has-background\">En esta edici\u00f3n, el Desaf\u00edo Bahco contin\u00faa su compromiso con la inclusi\u00f3n y la representaci\u00f3n femenina. En la sede de R\u00edo Negro, <strong>Romina Hern\u00e1ndez<\/strong>, de <strong>Bodegas Chacra<\/strong>, se convirti\u00f3 en la primera mujer en ganar el primer puesto del certamen. Adem\u00e1s, en <strong>Chile<\/strong>, <strong>Valentina Alanis<\/strong>, de <strong>Bodega Agr\u00edcola Poblaci\u00f3n<\/strong>, recibi\u00f3 una Menci\u00f3n de Honor.<\/p>\n\n\n\n<p class=\"has-background\" style=\"background-color:#abb7c24f\"><strong>Inscripciones <a href=\"https:\/\/docs.google.com\/forms\/d\/e\/1FAIpQLSeGZ7GJglN4vzFP8ehwKp3fLJiFBsDFEEMuZkLwqrFp9tmP8Q\/closedform\">AQU\u00cd<\/a><\/strong><\/p>\n\n\n\n<p class=\"has-white-background-color has-background\"><strong>Juan Villafa\u00f1e<\/strong>, tricampe\u00f3n del Concurso Latinoamericano de Poda y referente indiscutido por su experiencia, t\u00e9cnica y dedicaci\u00f3n, se incorpora al jurado despu\u00e9s de representar a Bahco en Francia y competir en un torneo europeo.<\/p>\n\n\n\n<div style=\"height:35px\" aria-hidden=\"true\" class=\"wp-block-spacer\"><\/div>\n\n\n<div class=\"wp-block-image\">\n<figure class=\"aligncenter size-full is-resized\"><a href=\"https:\/\/enolife.com.ar\/es\/wp-content\/uploads\/2025\/07\/WhatsApp-Image-2025-07-22-at-16.34.41.jpeg\" data-rel=\"penci-gallery-image-content\" ><img loading=\"lazy\" decoding=\"async\" width=\"899\" height=\"500\" src=\"https:\/\/enolife.com.ar\/es\/wp-content\/uploads\/2025\/07\/WhatsApp-Image-2025-07-22-at-16.34.41.jpeg\" alt=\"\" class=\"wp-image-159570\" style=\"width:597px;height:auto\" srcset=\"https:\/\/enolife.com.ar\/es\/wp-content\/uploads\/2025\/07\/WhatsApp-Image-2025-07-22-at-16.34.41.jpeg 899w, https:\/\/enolife.com.ar\/es\/wp-content\/uploads\/2025\/07\/WhatsApp-Image-2025-07-22-at-16.34.41-300x167.jpeg 300w, https:\/\/enolife.com.ar\/es\/wp-content\/uploads\/2025\/07\/WhatsApp-Image-2025-07-22-at-16.34.41-768x427.jpeg 768w, https:\/\/enolife.com.ar\/es\/wp-content\/uploads\/2025\/07\/WhatsApp-Image-2025-07-22-at-16.34.41-585x325.jpeg 585w\" sizes=\"auto, (max-width: 899px) 100vw, 899px\" \/><\/a><\/figure><\/div>\n\n\n<div style=\"height:35px\" aria-hidden=\"true\" class=\"wp-block-spacer\"><\/div>\n\n\n\n<p class=\"has-white-background-color has-background\">El premio principal de esta edici\u00f3n es una experiencia \u00fanica: el <strong>ganador viajar\u00e1 a Francia<\/strong> para conocer la planta de Bahco y representar a su regi\u00f3n en un concurso internacional. El premio ser\u00e1 entregado personalmente por el presidente global de Bahco,<strong> Jeff Zuelhs<\/strong>, quien viajar\u00e1 especialmente para la ocasi\u00f3n.<\/p>\n\n\n\n<div style=\"height:35px\" aria-hidden=\"true\" class=\"wp-block-spacer\"><\/div>\n\n\n<div class=\"wp-block-image\">\n<figure class=\"aligncenter size-full is-resized\"><a href=\"https:\/\/enolife.com.ar\/es\/wp-content\/uploads\/2025\/07\/WhatsApp-Image-2025-07-22-at-16.34.40.jpeg\" data-rel=\"penci-gallery-image-content\" ><img loading=\"lazy\" decoding=\"async\" width=\"869\" height=\"500\" src=\"https:\/\/enolife.com.ar\/es\/wp-content\/uploads\/2025\/07\/WhatsApp-Image-2025-07-22-at-16.34.40.jpeg\" alt=\"\" class=\"wp-image-159572\" style=\"width:622px;height:auto\" srcset=\"https:\/\/enolife.com.ar\/es\/wp-content\/uploads\/2025\/07\/WhatsApp-Image-2025-07-22-at-16.34.40.jpeg 869w, https:\/\/enolife.com.ar\/es\/wp-content\/uploads\/2025\/07\/WhatsApp-Image-2025-07-22-at-16.34.40-300x173.jpeg 300w, https:\/\/enolife.com.ar\/es\/wp-content\/uploads\/2025\/07\/WhatsApp-Image-2025-07-22-at-16.34.40-768x442.jpeg 768w, https:\/\/enolife.com.ar\/es\/wp-content\/uploads\/2025\/07\/WhatsApp-Image-2025-07-22-at-16.34.40-585x337.jpeg 585w\" sizes=\"auto, (max-width: 869px) 100vw, 869px\" \/><\/a><\/figure><\/div>\n\n\n<div style=\"height:35px\" aria-hidden=\"true\" class=\"wp-block-spacer\"><\/div>\n\n\n\n<p class=\"has-white-background-color has-background\">Los organizadores destacaron especialmente la colaboraci\u00f3n de los due\u00f1os y personal de la Bodega Luigi Bosca por abrirles sus puertas y acompa\u00f1arlos en esta celebraci\u00f3n. <em>\u00abFinca El Para\u00edso es un lugar simb\u00f3lico y hermoso<\/em> -enfatizaron- <em>que refleja a la perfecci\u00f3n el esp\u00edritu que queremos transmitir: un homenaje al oficio, a la tradici\u00f3n viva que se transmite de generaci\u00f3n en generaci\u00f3n, y al futuro de una profesi\u00f3n que se reinventa con cada corte\u00bb.<\/em><\/p>\n\n\n\n<p class=\"has-white-background-color has-background\">Y finalizaron:<em> \u00abLa poda es mucho m\u00e1s que una t\u00e9cnica: es cultura, es identidad y es pasi\u00f3n. En Bahco seguimos apostando con orgullo por ese legado que crece a\u00f1o tras a\u00f1o\u00bb<\/em><\/p>\n\n\n\n<div style=\"height:37px\" aria-hidden=\"true\" class=\"wp-block-spacer\"><\/div>\n","protected":false},"excerpt":{"rendered":"<p>El 2 de agosto se llevar\u00e1 a cabo la 13\u00b0 edici\u00f3n del Desaf\u00edo Bahco -concurso&hellip;<\/p>\n","protected":false},"author":2,"featured_media":159574,"comment_status":"closed","ping_status":"open","sticky":false,"template":"","format":"standard","meta":{"footnotes":""},"categories":[47,56],"tags":[],"class_list":["post-159560","post","type-post","status-publish","format-standard","has-post-thumbnail","hentry","category-agenda","category-destacado"],"_links":{"self":[{"href":"https:\/\/enolife.com.ar\/es\/wp-json\/wp\/v2\/posts\/159560","targetHints":{"allow":["GET"]}}],"collection":[{"href":"https:\/\/enolife.com.ar\/es\/wp-json\/wp\/v2\/posts"}],"about":[{"href":"https:\/\/enolife.com.ar\/es\/wp-json\/wp\/v2\/types\/post"}],"author":[{"embeddable":true,"href":"https:\/\/enolife.com.ar\/es\/wp-json\/wp\/v2\/users\/2"}],"replies":[{"embeddable":true,"href":"https:\/\/enolife.com.ar\/es\/wp-json\/wp\/v2\/comments?post=159560"}],"version-history":[{"count":0,"href":"https:\/\/enolife.com.ar\/es\/wp-json\/wp\/v2\/posts\/159560\/revisions"}],"wp:featuredmedia":[{"embeddable":true,"href":"https:\/\/enolife.com.ar\/es\/wp-json\/wp\/v2\/media\/159574"}],"wp:attachment":[{"href":"https:\/\/enolife.com.ar\/es\/wp-json\/wp\/v2\/media?parent=159560"}],"wp:term":[{"taxonomy":"category","embeddable":true,"href":"https:\/\/enolife.com.ar\/es\/wp-json\/wp\/v2\/categories?post=159560"},{"taxonomy":"post_tag","embeddable":true,"href":"https:\/\/enolife.com.ar\/es\/wp-json\/wp\/v2\/tags?post=159560"}],"curies":[{"name":"wp","href":"https:\/\/api.w.org\/{rel}","templated":true}]}}