{"id":15950,"date":"2020-07-07T01:33:23","date_gmt":"2020-07-07T01:33:23","guid":{"rendered":"http:\/\/enolife.com.ar\/es\/?p=15950"},"modified":"2020-07-10T20:26:02","modified_gmt":"2020-07-10T20:26:02","slug":"el-museo-de-la-vid-y-el-vino-de-cafayate-lleva-el-arte-mural-a-los-barrios","status":"publish","type":"post","link":"https:\/\/enolife.com.ar\/es\/el-museo-de-la-vid-y-el-vino-de-cafayate-lleva-el-arte-mural-a-los-barrios\/","title":{"rendered":"El Museo de la Vid y el Vino de Cafayate lleva el arte mural a los barrios"},"content":{"rendered":"\n<h4 class=\"wp-block-heading\"><em><strong>El equipo de trabajo del Museo de la Vid y el Vino, emplazado en la localidad de Cafayate, Salta, realiza desde 2012 un plan de extensi\u00f3n de sus actividades culturales a los barrios de la ciudad. Se trata del proyecto \u00abUn mural, una historia\u00bb, en el que trabajan en conjunto artistas pl\u00e1sticos y vecinos, pintando murales callejeros cuya tem\u00e1tica es la vitivinicultura, pero siempre unida a las caracter\u00edsticas particulares de cada lugar. As\u00ed, los cafayate\u00f1os ponen color a los muros de la localidad, afirmando su identidad y sumando atractivos tur\u00edsticos.<\/strong><\/em> <\/h4>\n\n\n\n<div style=\"height:20px\" aria-hidden=\"true\" class=\"wp-block-spacer\"><\/div>\n\n\n\n<p><strong>Por Lorena Mellone<br><\/strong><em>(lmellone@enolife.com.ar)<\/em><\/p>\n\n\n\n<div style=\"height:20px\" aria-hidden=\"true\" class=\"wp-block-spacer\"><\/div>\n\n\n\n<p>El <strong>Museo de la Vid y el Vino de Cafayate<\/strong> es un \u00e1mbito cultural y a la vez un atractivo tur\u00edstico que se integra al circuito de la <strong>Ruta del Vino<\/strong> salte\u00f1a. Fue inaugurado el <strong>11 de marzo de 2011<\/strong>,  en el predio del antiguo museo conocido con el nombre de \u201cLa Bodega Encantada.\u201d Lo cre\u00f3 y desarroll\u00f3 un equipo interdisciplinario dirigido por el fallecido <strong>H\u00e9ctor Berra<\/strong>, dise\u00f1ador de museos, y por el arquitecto <strong>Gustavo Borlasca<\/strong>. Una vez que finalice la actual cuarentena, posiblemente en pocas semanas, en coincidencia con las vacaciones de invierno, el Museo tiene listo un protocolo para reabrir sus puertas.<\/p>\n\n\n\n<div style=\"height:20px\" aria-hidden=\"true\" class=\"wp-block-spacer\"><\/div>\n\n\n\n<figure class=\"wp-block-gallery columns-2 is-cropped wp-block-gallery-1 is-layout-flex wp-block-gallery-is-layout-flex\"><ul class=\"blocks-gallery-grid\"><li class=\"blocks-gallery-item\"><figure><img loading=\"lazy\" decoding=\"async\" width=\"600\" height=\"450\" src=\"https:\/\/enolife.com.ar\/es\/wp-content\/uploads\/2020\/07\/acafayate_museo_3555.jpg\" alt=\"\" data-id=\"16027\" data-full-url=\"https:\/\/enolife.com.ar\/es\/wp-content\/uploads\/2020\/07\/acafayate_museo_3555.jpg\" data-link=\"https:\/\/enolife.com.ar\/es\/?attachment_id=16027\" class=\"wp-image-16027\" srcset=\"https:\/\/enolife.com.ar\/es\/wp-content\/uploads\/2020\/07\/acafayate_museo_3555.jpg 600w, https:\/\/enolife.com.ar\/es\/wp-content\/uploads\/2020\/07\/acafayate_museo_3555-300x225.jpg 300w, https:\/\/enolife.com.ar\/es\/wp-content\/uploads\/2020\/07\/acafayate_museo_3555-585x439.jpg 585w\" sizes=\"auto, (max-width: 600px) 100vw, 600px\" \/><\/figure><\/li><li class=\"blocks-gallery-item\"><figure><img loading=\"lazy\" decoding=\"async\" width=\"480\" height=\"270\" src=\"https:\/\/enolife.com.ar\/es\/wp-content\/uploads\/2020\/07\/museo-de-la-vid-y-el-vino-e.jpg\" alt=\"\" data-id=\"16026\" class=\"wp-image-16026\" srcset=\"https:\/\/enolife.com.ar\/es\/wp-content\/uploads\/2020\/07\/museo-de-la-vid-y-el-vino-e.jpg 480w, https:\/\/enolife.com.ar\/es\/wp-content\/uploads\/2020\/07\/museo-de-la-vid-y-el-vino-e-300x169.jpg 300w\" sizes=\"auto, (max-width: 480px) 100vw, 480px\" \/><\/figure><\/li><\/ul><\/figure>\n\n\n\n<div style=\"height:20px\" aria-hidden=\"true\" class=\"wp-block-spacer\"><\/div>\n\n\n\n<p>En 2012, el Museo comenz\u00f3 con la actividad <strong>\u00abUn mural, una historia\u00bb<\/strong>. Se trata de jornadas de \u00abtrabajo\u00bb en las cuales, bajo la direcci\u00f3n de artistas pl\u00e1sticos invitados, el Museo sale a los barrios a realizar&nbsp;murales&nbsp;colectivos. Para llevarlos a cabo, invitan a todo los vecinos a participar, tomando como din\u00e1mica motivacional el enriquecimiento est\u00e9tico y simb\u00f3lico de su barrio y fomentando la participaci\u00f3n de las familias cafayate\u00f1as. La tem\u00e1tica es el valor cultural del vino&nbsp;y de la industria vitivin\u00edcola como factores de identidad regional. <\/p>\n\n\n\n<div style=\"height:20px\" aria-hidden=\"true\" class=\"wp-block-spacer\"><\/div>\n\n\n\n<figure class=\"wp-block-gallery columns-2 is-cropped wp-block-gallery-2 is-layout-flex wp-block-gallery-is-layout-flex\"><ul class=\"blocks-gallery-grid\"><li class=\"blocks-gallery-item\"><figure><img loading=\"lazy\" decoding=\"async\" width=\"615\" height=\"406\" src=\"https:\/\/enolife.com.ar\/es\/wp-content\/uploads\/2020\/07\/pintando.jpg\" alt=\"\" data-id=\"16028\" data-link=\"https:\/\/enolife.com.ar\/es\/?attachment_id=16028\" class=\"wp-image-16028\" srcset=\"https:\/\/enolife.com.ar\/es\/wp-content\/uploads\/2020\/07\/pintando.jpg 615w, https:\/\/enolife.com.ar\/es\/wp-content\/uploads\/2020\/07\/pintando-300x198.jpg 300w, https:\/\/enolife.com.ar\/es\/wp-content\/uploads\/2020\/07\/pintando-585x386.jpg 585w\" sizes=\"auto, (max-width: 615px) 100vw, 615px\" \/><\/figure><\/li><li class=\"blocks-gallery-item\"><figure><img loading=\"lazy\" decoding=\"async\" width=\"551\" height=\"453\" src=\"https:\/\/enolife.com.ar\/es\/wp-content\/uploads\/2020\/07\/en-escalera.jpg\" alt=\"\" data-id=\"16029\" data-full-url=\"https:\/\/enolife.com.ar\/es\/wp-content\/uploads\/2020\/07\/en-escalera.jpg\" data-link=\"https:\/\/enolife.com.ar\/es\/?attachment_id=16029\" class=\"wp-image-16029\" srcset=\"https:\/\/enolife.com.ar\/es\/wp-content\/uploads\/2020\/07\/en-escalera.jpg 551w, https:\/\/enolife.com.ar\/es\/wp-content\/uploads\/2020\/07\/en-escalera-300x247.jpg 300w\" sizes=\"auto, (max-width: 551px) 100vw, 551px\" \/><\/figure><\/li><\/ul><\/figure>\n\n\n\n<div style=\"height:20px\" aria-hidden=\"true\" class=\"wp-block-spacer\"><\/div>\n\n\n\n<p>Este proyecto fue ideado por el equipo del Museo de la Vid y el Vino, liderado por su directora <strong>Adriana Rodr\u00edguez Balut, <\/strong>quien expresa que \u00abel objetivo fue acercar el arte y la cultura a los barrios y que sus vecinos sean protagonistas de esta actividad que deja sus murales pintados con im\u00e1genes del vino, sumadas a su identidad\u00bb. <\/p>\n\n\n\n<div style=\"height:20px\" aria-hidden=\"true\" class=\"wp-block-spacer\"><\/div>\n\n\n\n<figure class=\"wp-block-gallery columns-2 is-cropped wp-block-gallery-3 is-layout-flex wp-block-gallery-is-layout-flex\"><ul class=\"blocks-gallery-grid\"><li class=\"blocks-gallery-item\"><figure><img loading=\"lazy\" decoding=\"async\" width=\"480\" height=\"270\" src=\"https:\/\/enolife.com.ar\/es\/wp-content\/uploads\/2020\/07\/Mural.jpg\" alt=\"\" data-id=\"16030\" data-link=\"https:\/\/enolife.com.ar\/es\/?attachment_id=16030\" class=\"wp-image-16030\" srcset=\"https:\/\/enolife.com.ar\/es\/wp-content\/uploads\/2020\/07\/Mural.jpg 480w, https:\/\/enolife.com.ar\/es\/wp-content\/uploads\/2020\/07\/Mural-300x169.jpg 300w\" sizes=\"auto, (max-width: 480px) 100vw, 480px\" \/><\/figure><\/li><li class=\"blocks-gallery-item\"><figure><img loading=\"lazy\" decoding=\"async\" width=\"545\" height=\"458\" src=\"https:\/\/enolife.com.ar\/es\/wp-content\/uploads\/2020\/07\/palomas.jpg\" alt=\"\" data-id=\"16031\" data-full-url=\"https:\/\/enolife.com.ar\/es\/wp-content\/uploads\/2020\/07\/palomas.jpg\" data-link=\"https:\/\/enolife.com.ar\/es\/?attachment_id=16031\" class=\"wp-image-16031\" srcset=\"https:\/\/enolife.com.ar\/es\/wp-content\/uploads\/2020\/07\/palomas.jpg 545w, https:\/\/enolife.com.ar\/es\/wp-content\/uploads\/2020\/07\/palomas-300x252.jpg 300w\" sizes=\"auto, (max-width: 545px) 100vw, 545px\" \/><\/figure><\/li><\/ul><\/figure>\n\n\n\n<div style=\"height:20px\" aria-hidden=\"true\" class=\"wp-block-spacer\"><\/div>\n\n\n\n<p>La iniciativa, cuenta Adriana, \u00abcomenz\u00f3 con la realizaci\u00f3n de diez murales en 2012 y otros 10 en 2013 y, si bien le seguimos dando continuidad, \u00faltimamente la crisis econ\u00f3mica y el efecto negativo de la pandemia no colaboraron con el proyecto, as\u00ed que estamos haciendo uno o dos murales por a\u00f1o\u00bb. Y cuenta con orgullo: \u00abA partir de esa actividad, las visitas al museo aumentaron un 500%, pudimos acercar a los vecinos de Cafayate\u00bb.<\/p>\n\n\n\n<p>Para <strong>Gabriela Mart\u00ednez Escandar<\/strong>, del \u00e1rea de Cultura y Educaci\u00f3n del Museo, esa actividad les permiti\u00f3 concretar un fuerte intercambio fuerte con la gente del lugar, \u00abporque es algo que llama la atenci\u00f3n, que genera que la gente se pare, vea y en algunos casos se sumen a pintar\u00bb. Y cuenta que en varios casos pudieron \u00abdescubrir artistas muy talentosos\u00bb.<\/p>\n\n\n\n<div style=\"height:20px\" aria-hidden=\"true\" class=\"wp-block-spacer\"><\/div>\n\n\n\n<figure class=\"wp-block-embed-youtube aligncenter wp-block-embed is-type-video is-provider-youtube wp-embed-aspect-16-9 wp-has-aspect-ratio\"><div class=\"wp-block-embed__wrapper\">\n<iframe loading=\"lazy\" title=\"Un Mural, una historia - Museo de la Vid y El Vino\" width=\"1170\" height=\"658\" src=\"https:\/\/www.youtube.com\/embed\/7FK28sTyrnM?start=42&#038;feature=oembed\" frameborder=\"0\" allow=\"accelerometer; autoplay; encrypted-media; gyroscope; picture-in-picture\" allowfullscreen><\/iframe>\n<\/div><\/figure>\n\n\n\n<div style=\"height:20px\" aria-hidden=\"true\" class=\"wp-block-spacer\"><\/div>\n\n\n\n<p><strong>Miro Barraza<\/strong>, un reconocido pintor, grabador y escen\u00f3grafo de Salta, particip\u00f3 en el proyecto y defini\u00f3 a los murales como \u00abalgo muy importante para el pueblo; no es una decoraci\u00f3n, es un aporte cultural de los artistas, es un s\u00edmbolo, algo que representa el lugar\u00bb.<\/p>\n\n\n\n<div style=\"height:20px\" aria-hidden=\"true\" class=\"wp-block-spacer\"><\/div>\n\n\n\n<figure class=\"wp-block-gallery columns-2 is-cropped wp-block-gallery-4 is-layout-flex wp-block-gallery-is-layout-flex\"><ul class=\"blocks-gallery-grid\"><li class=\"blocks-gallery-item\"><figure><img loading=\"lazy\" decoding=\"async\" width=\"563\" height=\"443\" src=\"https:\/\/enolife.com.ar\/es\/wp-content\/uploads\/2020\/07\/pintando-ocre.jpg\" alt=\"\" data-id=\"16036\" data-link=\"https:\/\/enolife.com.ar\/es\/?attachment_id=16036\" class=\"wp-image-16036\" srcset=\"https:\/\/enolife.com.ar\/es\/wp-content\/uploads\/2020\/07\/pintando-ocre.jpg 563w, https:\/\/enolife.com.ar\/es\/wp-content\/uploads\/2020\/07\/pintando-ocre-300x236.jpg 300w\" sizes=\"auto, (max-width: 563px) 100vw, 563px\" \/><\/figure><\/li><li class=\"blocks-gallery-item\"><figure><img loading=\"lazy\" decoding=\"async\" width=\"596\" height=\"419\" src=\"https:\/\/enolife.com.ar\/es\/wp-content\/uploads\/2020\/07\/coya.jpg\" alt=\"\" data-id=\"16037\" data-full-url=\"https:\/\/enolife.com.ar\/es\/wp-content\/uploads\/2020\/07\/coya.jpg\" data-link=\"https:\/\/enolife.com.ar\/es\/?attachment_id=16037\" class=\"wp-image-16037\" srcset=\"https:\/\/enolife.com.ar\/es\/wp-content\/uploads\/2020\/07\/coya.jpg 596w, https:\/\/enolife.com.ar\/es\/wp-content\/uploads\/2020\/07\/coya-300x211.jpg 300w, https:\/\/enolife.com.ar\/es\/wp-content\/uploads\/2020\/07\/coya-585x411.jpg 585w\" sizes=\"auto, (max-width: 596px) 100vw, 596px\" \/><\/figure><\/li><\/ul><\/figure>\n\n\n\n<div style=\"height:20px\" aria-hidden=\"true\" class=\"wp-block-spacer\"><\/div>\n\n\n\n<p>Este arte urbano tambi\u00e9n ser\u00e1 utilizado para mostrar la cultura local a los enoturistas, ofreci\u00e9ndoles \u00abEl paseo de los murales\u00bb para recorrer en bicicleta o a pie.<\/p>\n\n\n\n<p>En la charla mantenida con Enolife, la directora Rodr\u00edguez Balut transmiti\u00f3 su emoci\u00f3n y dedicaci\u00f3n a este proyecto: \u00abLogr\u00e1bamos juntar entre 20 a 25 personas -cuenta-, de las cuales el 30 por ciento eran chicos que participaban y el resto hac\u00edan actividades paralelas culturales como talleres de barriletes, reciclados y proyecci\u00f3n de pel\u00edculas. Se prend\u00edan mucho, convocamos artistas y estudiantes de Bellas Artes que llegaban entusiasmados a reunirse con los vecinos\u00bb. Y contin\u00faa: \u00abEl a\u00f1o pasado se hizo un mural por los cien a\u00f1os de la escuela Loro Huasi y los chicos participaron mucho\u00bb.<\/p>\n\n\n\n<div style=\"height:20px\" aria-hidden=\"true\" class=\"wp-block-spacer\"><\/div>\n\n\n\n<div class=\"wp-block-image\"><figure class=\"aligncenter\"><img loading=\"lazy\" decoding=\"async\" width=\"555\" height=\"450\" src=\"https:\/\/enolife.com.ar\/es\/wp-content\/uploads\/2020\/07\/barriletes.jpg\" alt=\"\" class=\"wp-image-16032\" srcset=\"https:\/\/enolife.com.ar\/es\/wp-content\/uploads\/2020\/07\/barriletes.jpg 555w, https:\/\/enolife.com.ar\/es\/wp-content\/uploads\/2020\/07\/barriletes-300x243.jpg 300w\" sizes=\"auto, (max-width: 555px) 100vw, 555px\" \/><\/figure><\/div>\n\n\n\n<div style=\"height:20px\" aria-hidden=\"true\" class=\"wp-block-spacer\"><\/div>\n\n\n\n<p>Este programa \u00abUn mural, una historia\u00bb acerca a los vecinos al Museo y a los turistas a los barrios. El proyecto tiene plena vigencia, pero el costo de la pintura a veces excede el presupuesto del Museo. \u00abSe hace muy dif\u00edcil conseguir los recursos necesarios, la Municipalidad colabora mucho y nos preparan las paredes, pero necesitamos auspiciantes para comprar la pintura, con eso podr\u00edamos tener otra vez nuestros murales en marcha y llevar el arte a los vecinos\u00bb, se entusiasma Adriana. <\/p>\n\n\n\n<div style=\"height:20px\" aria-hidden=\"true\" class=\"wp-block-spacer\"><\/div>\n\n\n\n<p class=\"has-background has-luminous-vivid-amber-background-color\"><strong>Las empresas que quieran participar de esta actividad como auspiciantes o donando la pintura a los barrios, pueden comunicarse con la licenciada Adriana Rodriguez Balut al celular +54 9 3868 422434 o al mail <a href=\"mailto:directora@museodelavidyelvino.gov.ar\">directora@museodelavidyelvino.gov.ar<\/a><\/strong><br><strong>Redes: <a href=\"https:\/\/www.facebook.com\/Museo-de-la-Vid-y-el-Vino-153208668082795\/\">Facebook<\/a> \/ <a href=\"https:\/\/twitter.com\/museodelavid\">Twitter<\/a> \/ <a href=\"https:\/\/www.instagram.com\/museodelavidyelvino\/\">Instagram<\/a> <\/strong><\/p>\n\n\n\n<div style=\"height:20px\" aria-hidden=\"true\" class=\"wp-block-spacer\"><\/div>\n\n\n\n<p class=\"has-background has-text-align-center has-very-light-gray-background-color\"><strong>A continuaci\u00f3n, se pueden ver algunos de los videos de cada una de las actividades<\/strong>:<\/p>\n\n\n\n<p class=\"has-text-align-center\"><strong> Adriana Rodriguez Balut<\/strong>:<\/p>\n\n\n\n<div style=\"height:20px\" aria-hidden=\"true\" class=\"wp-block-spacer\"><\/div>\n\n\n\n<figure class=\"wp-block-video aligncenter\"><video controls src=\"https:\/\/enolife.com.ar\/es\/wp-content\/uploads\/2020\/07\/presentacion.mp4\"><\/video><\/figure>\n\n\n\n<div style=\"height:51px\" aria-hidden=\"true\" class=\"wp-block-spacer\"><\/div>\n\n\n\n<p class=\"has-text-align-center\"><strong>Gabriela Mart\u00ednez Escandar:<\/strong><\/p>\n\n\n\n<div style=\"height:20px\" aria-hidden=\"true\" class=\"wp-block-spacer\"><\/div>\n\n\n\n<figure class=\"wp-block-video aligncenter\"><video controls src=\"https:\/\/enolife.com.ar\/es\/wp-content\/uploads\/2020\/07\/presentacion2-2.mp4\"><\/video><\/figure>\n\n\n\n<div style=\"height:39px\" aria-hidden=\"true\" class=\"wp-block-spacer\"><\/div>\n\n\n\n<p class=\"has-background has-text-align-center has-very-light-gray-background-color\"><strong>Videos de algunos de los murales, sus artistas y los barrios<\/strong>:<\/p>\n\n\n\n<div style=\"height:20px\" aria-hidden=\"true\" class=\"wp-block-spacer\"><\/div>\n\n\n\n<p class=\"has-text-align-center\"><strong>Mural \u201cHistoria de una parra\u201d, del Barrio Los Para\u00edsos,<br><\/strong>Creado por los artistas Walter Riquelme y Martin Moyano y los vecinos del barrio. <\/p>\n\n\n\n<div style=\"height:20px\" aria-hidden=\"true\" class=\"wp-block-spacer\"><\/div>\n\n\n\n<figure class=\"wp-block-video aligncenter\"><video controls src=\"https:\/\/enolife.com.ar\/es\/wp-content\/uploads\/2020\/07\/parra.mp4\"><\/video><\/figure>\n\n\n\n<div style=\"height:43px\" aria-hidden=\"true\" class=\"wp-block-spacer\"><\/div>\n\n\n\n<p class=\"has-text-align-center\"><strong>Mural \u201cEl Para\u00edso de Baco\u201d (primera parte), del Barrio Paseo de las Vi\u00f1as<\/strong>,<br>creado por la artista Guadalupe Borda, en conjunto con los vecinos del barrio.<\/p>\n\n\n\n<div style=\"height:20px\" aria-hidden=\"true\" class=\"wp-block-spacer\"><\/div>\n\n\n\n<figure class=\"wp-block-video aligncenter\"><video controls src=\"https:\/\/enolife.com.ar\/es\/wp-content\/uploads\/2020\/07\/paraiso-baco.mp4\"><\/video><\/figure>\n\n\n\n<div style=\"height:36px\" aria-hidden=\"true\" class=\"wp-block-spacer\"><\/div>\n\n\n\n<p class=\"has-text-align-center\"><strong>Mural \u00abEl Para\u00edso de Baco\u201d (segunda parte), del Barrio Paseo de las Vi\u00f1as,<\/strong><br>creado por la artista Guadalupe Borda, en conjunto con los vecinos del barrio. <br> <\/p>\n\n\n\n<figure class=\"wp-block-video aligncenter\"><video controls src=\"https:\/\/enolife.com.ar\/es\/wp-content\/uploads\/2020\/07\/baco2.mp4\"><\/video><\/figure>\n\n\n\n<div style=\"height:46px\" aria-hidden=\"true\" class=\"wp-block-spacer\"><\/div>\n\n\n\n<p class=\"has-text-align-center\"><strong>Mural \u201cLuz del Vino\u201d en Barrio Centro<\/strong>,<br>creado por Hugo Guantay. <\/p>\n\n\n\n<div style=\"height:20px\" aria-hidden=\"true\" class=\"wp-block-spacer\"><\/div>\n\n\n\n<figure class=\"wp-block-video aligncenter\"><video controls src=\"https:\/\/enolife.com.ar\/es\/wp-content\/uploads\/2020\/07\/luz.mp4\"><\/video><\/figure>\n\n\n\n<div style=\"height:36px\" aria-hidden=\"true\" class=\"wp-block-spacer\"><\/div>\n\n\n\n<p class=\"has-text-align-center\"><strong>Mural \u201cCiclos\u201d del Barrio El Porvenir, <\/strong><br>creado por el artista Alberto Cruz  y por alumnos del Colegio N\u00b0 8169 \u201cNuestra Se\u00f1ora de Pentecost\u00e9s\u201d y de la Escuela de Educaci\u00f3n Especial \u00abVirgen del Rosario\u00bb. <\/p>\n\n\n\n<div style=\"height:20px\" aria-hidden=\"true\" class=\"wp-block-spacer\"><\/div>\n\n\n\n<figure class=\"wp-block-video aligncenter\"><video controls src=\"https:\/\/enolife.com.ar\/es\/wp-content\/uploads\/2020\/07\/ciclos-1.mp4\"><\/video><\/figure>\n\n\n\n<div style=\"height:67px\" aria-hidden=\"true\" class=\"wp-block-spacer\"><\/div>\n\n\n\n<p class=\"has-text-align-center\"><strong>Mural \u201cCuesti\u00f3n Social\u201d, del Barrio Fonavi,<\/strong><br>creado por la artista Natalia Cruz en conjunto con los vecinos del barrio. <\/p>\n\n\n\n<div style=\"height:20px\" aria-hidden=\"true\" class=\"wp-block-spacer\"><\/div>\n\n\n\n<figure class=\"wp-block-video aligncenter\"><video controls src=\"https:\/\/enolife.com.ar\/es\/wp-content\/uploads\/2020\/07\/cuestion-social.mp4\"><\/video><\/figure>\n\n\n\n<div style=\"height:57px\" aria-hidden=\"true\" class=\"wp-block-spacer\"><\/div>\n\n\n\n<p class=\"has-text-align-center\"><strong>Mural \u201cHomenaje al Bicentenario de la Batalla de Salta\u201d, <\/strong>ubicado en la ruta 40 y Avenida G\u00fcemes Sur, creado por Pablo Abracaite y Roxana Ramos. <\/p>\n\n\n\n<div style=\"height:20px\" aria-hidden=\"true\" class=\"wp-block-spacer\"><\/div>\n\n\n\n<figure class=\"wp-block-video aligncenter\"><video controls src=\"https:\/\/enolife.com.ar\/es\/wp-content\/uploads\/2020\/07\/san-martin-2.mp4\"><\/video><\/figure>\n\n\n\n<div style=\"height:20px\" aria-hidden=\"true\" class=\"wp-block-spacer\"><\/div>\n\n\n\n<p class=\"has-small-font-size\"><em><strong>Fuente: Museo de la Vid y el Vino de Salta<\/strong><\/em><\/p>\n","protected":false},"excerpt":{"rendered":"<p>El equipo de trabajo del Museo de la Vid y el Vino, emplazado en la&hellip;<\/p>\n","protected":false},"author":3,"featured_media":16039,"comment_status":"open","ping_status":"open","sticky":false,"template":"","format":"standard","meta":{"footnotes":""},"categories":[34],"tags":[],"class_list":["post-15950","post","type-post","status-publish","format-standard","has-post-thumbnail","hentry","category-cultura1"],"_links":{"self":[{"href":"https:\/\/enolife.com.ar\/es\/wp-json\/wp\/v2\/posts\/15950","targetHints":{"allow":["GET"]}}],"collection":[{"href":"https:\/\/enolife.com.ar\/es\/wp-json\/wp\/v2\/posts"}],"about":[{"href":"https:\/\/enolife.com.ar\/es\/wp-json\/wp\/v2\/types\/post"}],"author":[{"embeddable":true,"href":"https:\/\/enolife.com.ar\/es\/wp-json\/wp\/v2\/users\/3"}],"replies":[{"embeddable":true,"href":"https:\/\/enolife.com.ar\/es\/wp-json\/wp\/v2\/comments?post=15950"}],"version-history":[{"count":0,"href":"https:\/\/enolife.com.ar\/es\/wp-json\/wp\/v2\/posts\/15950\/revisions"}],"wp:featuredmedia":[{"embeddable":true,"href":"https:\/\/enolife.com.ar\/es\/wp-json\/wp\/v2\/media\/16039"}],"wp:attachment":[{"href":"https:\/\/enolife.com.ar\/es\/wp-json\/wp\/v2\/media?parent=15950"}],"wp:term":[{"taxonomy":"category","embeddable":true,"href":"https:\/\/enolife.com.ar\/es\/wp-json\/wp\/v2\/categories?post=15950"},{"taxonomy":"post_tag","embeddable":true,"href":"https:\/\/enolife.com.ar\/es\/wp-json\/wp\/v2\/tags?post=15950"}],"curies":[{"name":"wp","href":"https:\/\/api.w.org\/{rel}","templated":true}]}}