{"id":159277,"date":"2025-07-21T20:54:59","date_gmt":"2025-07-21T20:54:59","guid":{"rendered":"https:\/\/enolife.com.ar\/es\/?p=159277"},"modified":"2025-07-23T19:13:47","modified_gmt":"2025-07-23T19:13:47","slug":"el-1-8-comienza-el-programa-de-capacitacion-gratuita-de-coviar-para-agronomos-enologos-y-tecnicos","status":"publish","type":"post","link":"https:\/\/enolife.com.ar\/es\/el-1-8-comienza-el-programa-de-capacitacion-gratuita-de-coviar-para-agronomos-enologos-y-tecnicos\/","title":{"rendered":"El 1\/8 comienza el programa de capacitaci\u00f3n gratuita de Coviar para agr\u00f3nomos, en\u00f3logos y t\u00e9cnicos"},"content":{"rendered":"\n<h4 class=\"wp-block-heading\"><em><strong>En el marco del Programa Federal de Actualizaci\u00f3n Vitivin\u00edcola, la Corporaci\u00f3n Vitivin\u00edcola Argentina (Coviar), junto al Consejo Federal de Inversiones y los gobiernos provinciales, han implementado estas capacitaciones sin costo destinadas a&nbsp;ingenieros agr\u00f3nomos, t\u00e9cnicos agr\u00edcolas y en\u00f3logos&nbsp;que ya est\u00e9n trabajando en un establecimiento vitivin\u00edcola.  La modalidad es mixta, con clases te\u00f3ricas dictadas en forma virtual y giras t\u00e9cnicas presenciales que se llevar\u00e1n a cabo a lo largo del ciclo productivo 2025-2026.<\/strong><\/em><\/h4>\n\n\n\n<div style=\"height:35px\" aria-hidden=\"true\" class=\"wp-block-spacer\"><\/div>\n\n\n<a href=\"https:\/\/www.centroenologico.com.ar\/\" aria-label=\"CERSA 1700X500 BORDO\"><img loading=\"lazy\" decoding=\"async\" src=\"https:\/\/enolife.com.ar\/es\/wp-content\/uploads\/2025\/02\/CERSA-1700X500-BORDO.gif\" alt=\"\"  width=\"1700\" height=\"500\"   \/><\/a>\n\n\n<div style=\"height:45px\" aria-hidden=\"true\" class=\"wp-block-spacer\"><\/div>\n\n\n<div class=\"wp-block-image\">\n<figure class=\"alignleft size-full is-resized\"><a href=\"https:\/\/enolife.com.ar\/es\/wp-content\/uploads\/2025\/07\/MAIL-Produccion-Primaria.jpg\" data-rel=\"penci-gallery-image-content\" ><img loading=\"lazy\" decoding=\"async\" width=\"400\" height=\"500\" src=\"https:\/\/enolife.com.ar\/es\/wp-content\/uploads\/2025\/07\/MAIL-Produccion-Primaria.jpg\" alt=\"\" class=\"wp-image-159281\" style=\"width:322px;height:auto\" srcset=\"https:\/\/enolife.com.ar\/es\/wp-content\/uploads\/2025\/07\/MAIL-Produccion-Primaria.jpg 400w, https:\/\/enolife.com.ar\/es\/wp-content\/uploads\/2025\/07\/MAIL-Produccion-Primaria-240x300.jpg 240w\" sizes=\"auto, (max-width: 400px) 100vw, 400px\" \/><\/a><\/figure><\/div>\n\n\n<p>Bodegas de todo el pa\u00eds van a poder\u00a0capacitar sin costo a sus t\u00e9cnicos. Los\u00a0<strong>gobiernos provinciales<\/strong>, a trav\u00e9s del\u00a0<strong>Consejo Federal de Inversiones (CFI)<\/strong> y la\u00a0<strong>Corporaci\u00f3n Vitivin\u00edcola Argentina (Coviar)<\/strong>,\u00a0abren la convocatoria para capacitar sin costo a\u00a0<strong>ingenieros agr\u00f3nomos, t\u00e9cnicos agr\u00edcolas y en\u00f3logos\u00a0<\/strong>que ya est\u00e9n trabajando en un establecimiento vitivin\u00edcola. La inscripci\u00f3n es por provincias y los\u00a0cupos son limitados. La modalidad es mixta, con capacitaciones te\u00f3ricas dictadas en forma virtual y giras t\u00e9cnicas presenciales que se llevar\u00e1n a cabo a lo largo del ciclo productivo 2025-2026.<\/p>\n\n\n\n<p>La capacitaci\u00f3n se brinda en el marco del\u00a0<strong>Programa Federal de Fortalecimiento del Sector Vitivin\u00edcola Argentino<\/strong>. La iniciativa busca fortalecer las capacidades de los t\u00e9cnicos vinculados a productores primarios (peque\u00f1os y medianos), elaboradores de vino casero y artesanal y peque\u00f1as bodegas bajo normas de sostenibilidad y calidad.<\/p>\n\n\n\n<p>La propuesta consta de 5 m\u00f3dulos integrados en tres&nbsp;ejes tem\u00e1ticos:&nbsp;<\/p>\n\n\n\n<ul class=\"wp-block-list\">\n<li><strong>Sostenibilidad<\/strong>. Se contempla al uso eficiente de recursos como eje transversal a todos temas a tratar, teniendo un protagonismo fundamental el uso eficiente del agua de riego y el uso de energ\u00eda fotovoltaica como alternativa.<\/li>\n\n\n\n<li><strong>Vitivinicultura Org\u00e1nica<\/strong>. En el m\u00f3dulo de Enolog\u00eda y Viticultura se tratar\u00e1n la producci\u00f3n org\u00e1nica y otras producciones alternativas (por ejemplo, biodin\u00e1mica)<\/li>\n\n\n\n<li><strong>Programa de formaci\u00f3n en enolog\u00eda<\/strong>. El m\u00f3dulo tiene en su temario el desarrollo de contenidos b\u00e1sicos de elaboraci\u00f3n de vinos y espumosos a nivel industrial, casero y artesanal.<\/li>\n<\/ul>\n\n\n\n<p>El programa contempla la realizaci\u00f3n de capacitaciones presenciales y virtuales, giras t\u00e9cnicas e intercambio de buenas pr\u00e1cticas en la gesti\u00f3n de unidades productivas y contar\u00e1n con la colaboraci\u00f3n de los Centros de Desarrollo Vit\u00edcolas Coviar-INTA.<\/p>\n\n\n\n<p class=\"has-background\" style=\"background-color:#abb7c24f\"><strong>La formaci\u00f3n arranca el 1 de agosto. Los cupos son limitados y los interesados en participar deben&nbsp;<a href=\"https:\/\/docs.google.com\/forms\/d\/e\/1FAIpQLSeTVCqmntrJTyCFkXOWBEYQaVt2N7xFYKOGd4HN_c6f8hlggA\/viewform\">inscribirse aqu\u00ed.<\/a> &#8211; Para m\u00e1s informaci\u00f3n y consultas comunicarse con Producci\u00f3n Primaria de Coviar al WhatsApp +54 9 261 631-7934 o al IG de <a href=\"https:\/\/www.instagram.com\/produccionprimaria\/\">Producci\u00f3n Primaria <\/a><\/strong><\/p>\n\n\n\n<div style=\"height:42px\" aria-hidden=\"true\" class=\"wp-block-spacer\"><\/div>\n","protected":false},"excerpt":{"rendered":"<p>En el marco del Programa Federal de Actualizaci\u00f3n Vitivin\u00edcola, la Corporaci\u00f3n Vitivin\u00edcola Argentina (Coviar), junto&hellip;<\/p>\n","protected":false},"author":2,"featured_media":159286,"comment_status":"closed","ping_status":"open","sticky":false,"template":"","format":"standard","meta":{"footnotes":""},"categories":[47,56],"tags":[],"class_list":["post-159277","post","type-post","status-publish","format-standard","has-post-thumbnail","hentry","category-agenda","category-destacado"],"_links":{"self":[{"href":"https:\/\/enolife.com.ar\/es\/wp-json\/wp\/v2\/posts\/159277","targetHints":{"allow":["GET"]}}],"collection":[{"href":"https:\/\/enolife.com.ar\/es\/wp-json\/wp\/v2\/posts"}],"about":[{"href":"https:\/\/enolife.com.ar\/es\/wp-json\/wp\/v2\/types\/post"}],"author":[{"embeddable":true,"href":"https:\/\/enolife.com.ar\/es\/wp-json\/wp\/v2\/users\/2"}],"replies":[{"embeddable":true,"href":"https:\/\/enolife.com.ar\/es\/wp-json\/wp\/v2\/comments?post=159277"}],"version-history":[{"count":0,"href":"https:\/\/enolife.com.ar\/es\/wp-json\/wp\/v2\/posts\/159277\/revisions"}],"wp:featuredmedia":[{"embeddable":true,"href":"https:\/\/enolife.com.ar\/es\/wp-json\/wp\/v2\/media\/159286"}],"wp:attachment":[{"href":"https:\/\/enolife.com.ar\/es\/wp-json\/wp\/v2\/media?parent=159277"}],"wp:term":[{"taxonomy":"category","embeddable":true,"href":"https:\/\/enolife.com.ar\/es\/wp-json\/wp\/v2\/categories?post=159277"},{"taxonomy":"post_tag","embeddable":true,"href":"https:\/\/enolife.com.ar\/es\/wp-json\/wp\/v2\/tags?post=159277"}],"curies":[{"name":"wp","href":"https:\/\/api.w.org\/{rel}","templated":true}]}}