{"id":159114,"date":"2025-07-18T20:26:08","date_gmt":"2025-07-18T20:26:08","guid":{"rendered":"https:\/\/enolife.com.ar\/es\/?p=159114"},"modified":"2025-07-22T01:25:07","modified_gmt":"2025-07-22T01:25:07","slug":"el-inv-reconocio-a-alto-agrelo-lujan-de-cuyo-como-nueva-identificacion-geografica-ig-para-el-vino","status":"publish","type":"post","link":"https:\/\/enolife.com.ar\/es\/el-inv-reconocio-a-alto-agrelo-lujan-de-cuyo-como-nueva-identificacion-geografica-ig-para-el-vino\/","title":{"rendered":"El INV reconoci\u00f3 a Alto Agrelo, Luj\u00e1n de Cuyo, como nueva Identificaci\u00f3n Geogr\u00e1fica (IG) para el vino"},"content":{"rendered":"\n<h4 class=\"wp-block-heading\"><em><strong>El Instituto Nacional de Vitivinicultura (INV) reconoci\u00f3 oficialmente a Alto Agrelo, en Luj\u00e1n de Cuyo, Mendoza, como nueva Indicaci\u00f3n Geogr\u00e1fica (IG) de Argentina. La presentaci\u00f3n, realizada por Grupo Avinea en mayo pasado, incluy\u00f3 toda la informaci\u00f3n t\u00e9cnica y los antecedentes necesarios para destacar las caracter\u00edsticas \u00fanicas de esta regi\u00f3n vitivin\u00edcola<\/strong><\/em><strong><em>.<\/em><\/strong><\/h4>\n\n\n\n<div style=\"height:35px\" aria-hidden=\"true\" class=\"wp-block-spacer\"><\/div>\n\n\n<a href=\"https:\/\/altieri.com.ar\/\" aria-label=\"ALTIERI-1700X500\"><img loading=\"lazy\" decoding=\"async\" src=\"https:\/\/enolife.com.ar\/es\/wp-content\/uploads\/2025\/02\/ALTIERI-1700X500.jpg\" alt=\"\"  srcset=\"https:\/\/enolife.com.ar\/es\/wp-content\/uploads\/2025\/02\/ALTIERI-1700X500.jpg 1700w, https:\/\/enolife.com.ar\/es\/wp-content\/uploads\/2025\/02\/ALTIERI-1700X500-300x88.jpg 300w, https:\/\/enolife.com.ar\/es\/wp-content\/uploads\/2025\/02\/ALTIERI-1700X500-1024x301.jpg 1024w, https:\/\/enolife.com.ar\/es\/wp-content\/uploads\/2025\/02\/ALTIERI-1700X500-768x226.jpg 768w, https:\/\/enolife.com.ar\/es\/wp-content\/uploads\/2025\/02\/ALTIERI-1700X500-1536x452.jpg 1536w, https:\/\/enolife.com.ar\/es\/wp-content\/uploads\/2025\/02\/ALTIERI-1700X500-1170x344.jpg 1170w, https:\/\/enolife.com.ar\/es\/wp-content\/uploads\/2025\/02\/ALTIERI-1700X500-585x172.jpg 585w\" sizes=\"auto, (max-width: 1700px) 100vw, 1700px\" width=\"1700\" height=\"500\"   \/><\/a>\n\n\n<div style=\"height:45px\" aria-hidden=\"true\" class=\"wp-block-spacer\"><\/div>\n\n\n\n<p>Con esta incorporaci\u00f3n, Luj\u00e1n de Cuyo suma su quinta Identificaci\u00f3n Geogr\u00e1fica (IG), tomando en cuenta las anteriores: Agrelo, Las Compuertas, Luj\u00e1n de Cuyo y Vistalba, sum\u00e1ndose ahora Alto Agrelo. As\u00ed, el departamente del suroeste del Gran Mendoza se consolida como una de las zonas con mayor desarrollo y proyecci\u00f3n del pa\u00eds en lo que se refiere a terroirs vitivin\u00edcolas.<\/p>\n\n\n\n<p>En Alto Agrelo, el Grupo Avinea posee su finca insignia, un vi\u00f1edo de 232 hect\u00e1reas certificadas org\u00e1nicas, que lidera la producci\u00f3n de vinos sustentables en la regi\u00f3n y da origen a etiquetas reconocidas como <strong>Argento Estate Bottled Org\u00e1nico Malbec<\/strong><strong> y Artesano Org\u00e1nico Malbec, <\/strong>entre otras.<\/p>\n\n\n\n<div style=\"height:35px\" aria-hidden=\"true\" class=\"wp-block-spacer\"><\/div>\n\n\n<div class=\"wp-block-image\">\n<figure class=\"aligncenter size-full is-resized\"><a href=\"https:\/\/enolife.com.ar\/es\/wp-content\/uploads\/2025\/07\/Imagen1-11.jpg\" data-rel=\"penci-gallery-image-content\" ><img loading=\"lazy\" decoding=\"async\" width=\"786\" height=\"508\" src=\"https:\/\/enolife.com.ar\/es\/wp-content\/uploads\/2025\/07\/Imagen1-11.jpg\" alt=\"\" class=\"wp-image-159156\" style=\"width:554px;height:auto\" srcset=\"https:\/\/enolife.com.ar\/es\/wp-content\/uploads\/2025\/07\/Imagen1-11.jpg 786w, https:\/\/enolife.com.ar\/es\/wp-content\/uploads\/2025\/07\/Imagen1-11-300x194.jpg 300w, https:\/\/enolife.com.ar\/es\/wp-content\/uploads\/2025\/07\/Imagen1-11-768x496.jpg 768w, https:\/\/enolife.com.ar\/es\/wp-content\/uploads\/2025\/07\/Imagen1-11-585x378.jpg 585w\" sizes=\"auto, (max-width: 786px) 100vw, 786px\" \/><\/a><figcaption class=\"wp-element-caption\"><em><strong>Mapa de la IG Alto Agrelo<\/strong><\/em>.<\/figcaption><\/figure><\/div>\n\n\n<div style=\"height:35px\" aria-hidden=\"true\" class=\"wp-block-spacer\"><\/div>\n\n\n\n<p>\u00ab<em>Este reconocimiento nos permite reforzar el posicionamiento de Alto Agrelo como un origen diferenciado, con identidad propia y gran potencial para competir en los mercados m\u00e1s exigentes<\/em>\u00ab, explic\u00f3 <strong>Jos\u00e9 Verdaguer<\/strong>, gerente Agr\u00edcola del <strong>Grupo Avinea<\/strong>.<\/p>\n\n\n\n<div style=\"height:45px\" aria-hidden=\"true\" class=\"wp-block-spacer\"><\/div>\n\n\n<div class=\"wp-block-image\">\n<figure class=\"alignleft size-full is-resized\"><a href=\"https:\/\/enolife.com.ar\/es\/wp-content\/uploads\/2025\/07\/image-50.png\" data-rel=\"penci-gallery-image-content\" ><img loading=\"lazy\" decoding=\"async\" width=\"840\" height=\"530\" src=\"https:\/\/enolife.com.ar\/es\/wp-content\/uploads\/2025\/07\/image-50.png\" alt=\"\" class=\"wp-image-159162\" style=\"width:321px;height:auto\" srcset=\"https:\/\/enolife.com.ar\/es\/wp-content\/uploads\/2025\/07\/image-50.png 840w, https:\/\/enolife.com.ar\/es\/wp-content\/uploads\/2025\/07\/image-50-300x189.png 300w, https:\/\/enolife.com.ar\/es\/wp-content\/uploads\/2025\/07\/image-50-768x485.png 768w, https:\/\/enolife.com.ar\/es\/wp-content\/uploads\/2025\/07\/image-50-585x369.png 585w\" sizes=\"auto, (max-width: 840px) 100vw, 840px\" \/><\/a><\/figure><\/div>\n\n\n<p class=\"has-medium-font-size\"><strong>Acerca del Grupo Avinea<\/strong><\/p>\n\n\n\n<p>Grupo Avinea, miembro de <strong>Alejandro Bulgheroni Family Vineyards<\/strong> y el primer producto&nbsp;org\u00e1nico de la Argentina, es un importante referente en la sustentabilidad en la industria&nbsp;vitivin\u00edcola, con un portfolio centrado&nbsp;en el consumidor y guiado por la innovaci\u00f3n, sustentabilidad y producci\u00f3n org\u00e1nica. Actualmente, exporta a unos 50 pa\u00edses.&nbsp;<\/p>\n\n\n\n<p>Su compromiso con la sustentabilidad ha llevado a este grupo a dar un paso m\u00e1s all\u00e1 y unir fuerzas con otras partes interesadas de la industria, para fundar en conjunto la <strong>Sustainable Wine Roundtable (SWR)<\/strong>, junto otras bodegas l\u00edderes, distribuidores, peque\u00f1os productores, minoristas y organizaciones ambientales.<\/p>\n\n\n\n<div style=\"height:38px\" aria-hidden=\"true\" class=\"wp-block-spacer\"><\/div>\n","protected":false},"excerpt":{"rendered":"<p>El Instituto Nacional de Vitivinicultura (INV) reconoci\u00f3 oficialmente a Alto Agrelo, en Luj\u00e1n de Cuyo,&hellip;<\/p>\n","protected":false},"author":2,"featured_media":159166,"comment_status":"open","ping_status":"open","sticky":false,"template":"","format":"standard","meta":{"footnotes":""},"categories":[56,14],"tags":[],"class_list":["post-159114","post","type-post","status-publish","format-standard","has-post-thumbnail","hentry","category-destacado","category-news"],"_links":{"self":[{"href":"https:\/\/enolife.com.ar\/es\/wp-json\/wp\/v2\/posts\/159114","targetHints":{"allow":["GET"]}}],"collection":[{"href":"https:\/\/enolife.com.ar\/es\/wp-json\/wp\/v2\/posts"}],"about":[{"href":"https:\/\/enolife.com.ar\/es\/wp-json\/wp\/v2\/types\/post"}],"author":[{"embeddable":true,"href":"https:\/\/enolife.com.ar\/es\/wp-json\/wp\/v2\/users\/2"}],"replies":[{"embeddable":true,"href":"https:\/\/enolife.com.ar\/es\/wp-json\/wp\/v2\/comments?post=159114"}],"version-history":[{"count":0,"href":"https:\/\/enolife.com.ar\/es\/wp-json\/wp\/v2\/posts\/159114\/revisions"}],"wp:featuredmedia":[{"embeddable":true,"href":"https:\/\/enolife.com.ar\/es\/wp-json\/wp\/v2\/media\/159166"}],"wp:attachment":[{"href":"https:\/\/enolife.com.ar\/es\/wp-json\/wp\/v2\/media?parent=159114"}],"wp:term":[{"taxonomy":"category","embeddable":true,"href":"https:\/\/enolife.com.ar\/es\/wp-json\/wp\/v2\/categories?post=159114"},{"taxonomy":"post_tag","embeddable":true,"href":"https:\/\/enolife.com.ar\/es\/wp-json\/wp\/v2\/tags?post=159114"}],"curies":[{"name":"wp","href":"https:\/\/api.w.org\/{rel}","templated":true}]}}