{"id":158988,"date":"2025-07-18T01:47:37","date_gmt":"2025-07-18T01:47:37","guid":{"rendered":"https:\/\/enolife.com.ar\/es\/?p=158988"},"modified":"2025-07-19T21:54:12","modified_gmt":"2025-07-19T21:54:12","slug":"vino-musica-y-gastronomia-en-el-ciclo-de-la-nave-cultural-que-cierra-con-gauchito-club-el-16-8","status":"publish","type":"post","link":"https:\/\/enolife.com.ar\/es\/vino-musica-y-gastronomia-en-el-ciclo-de-la-nave-cultural-que-cierra-con-gauchito-club-el-16-8\/","title":{"rendered":"Vino, m\u00fasica y gastronom\u00eda en el ciclo de la Nave Cultural que cierra con Gauchito Club el 16\/8"},"content":{"rendered":"\n<h4 class=\"wp-block-heading\"><em><strong>Por segundo a\u00f1o consecutivo, el programa de shows, catas y actividades de entretenimiento que organiza la Municipalidad de Mendoza en el espacio del Parque Central de Mendoza ofrece al p\u00fablico las presentaciones de las mejores bandas locales y vinos de reconocidas bodegas, con opciones de comidas r\u00e1pidas. Arranca el s\u00e1bado 26 de julio a las 17 hs., contin\u00faa el 16 de agosto con el grupo mendocino de mayor proyecci\u00f3n a nivel nacional e internacional y concluye en noviembre con espect\u00e1culos al aire libre.<\/strong><\/em><\/h4>\n\n\n\n<div style=\"height:35px\" aria-hidden=\"true\" class=\"wp-block-spacer\"><\/div>\n\n\n<a href=\"https:\/\/grupoaltasur.com\/\" aria-label=\"1700-500px\"><img loading=\"lazy\" decoding=\"async\" src=\"https:\/\/enolife.com.ar\/es\/wp-content\/uploads\/2021\/01\/1700-500px.jpg\" alt=\"\"  srcset=\"https:\/\/enolife.com.ar\/es\/wp-content\/uploads\/2021\/01\/1700-500px.jpg 1700w, https:\/\/enolife.com.ar\/es\/wp-content\/uploads\/2021\/01\/1700-500px-300x88.jpg 300w, https:\/\/enolife.com.ar\/es\/wp-content\/uploads\/2021\/01\/1700-500px-1024x301.jpg 1024w, https:\/\/enolife.com.ar\/es\/wp-content\/uploads\/2021\/01\/1700-500px-768x226.jpg 768w, https:\/\/enolife.com.ar\/es\/wp-content\/uploads\/2021\/01\/1700-500px-1536x452.jpg 1536w, https:\/\/enolife.com.ar\/es\/wp-content\/uploads\/2021\/01\/1700-500px-1170x344.jpg 1170w, https:\/\/enolife.com.ar\/es\/wp-content\/uploads\/2021\/01\/1700-500px-585x172.jpg 585w\" sizes=\"auto, (max-width: 1700px) 100vw, 1700px\" width=\"1700\" height=\"500\"   \/><\/a>\n\n\n<div style=\"height:45px\" aria-hidden=\"true\" class=\"wp-block-spacer\"><\/div>\n\n\n\n<p>La <strong>Nave Cultural<\/strong> de <strong>Mendoza<\/strong>, en el <strong>Parque Central<\/strong> de esta ciudad, se convertir\u00e1 el <strong>16 de agosto pr\u00f3ximo<\/strong> en el epicentro de la m\u00fasica y el vino mendocino con el ciclo <strong>Vino a la Nave<\/strong>, un encuentro que celebra la cultura local y re\u00fane a los mejores exponentes de la escena musical de Mendoza.<\/p>\n\n\n\n<p>Con una propuesta que fusiona lo mejor del&nbsp;vino, la&nbsp;gastronom\u00eda&nbsp;y la&nbsp;m\u00fasica,&nbsp;Vino a la Nave&nbsp;se ha posicionado como una cita atractiva para los amantes de la buena m\u00fasica y la vitivinicultura de la regi\u00f3n. Desde su lanzamiento en 2024, el ciclo ha contado con la participaci\u00f3n de&nbsp;buenas bandas mendocinas, como&nbsp;<strong>Pasado Verde, Anyi, Portobel,&nbsp;Blanc, Juli\u00e1n Berno, Ruido Cassette<\/strong>, reafirmando el&nbsp;talento local&nbsp;y mostrando la&nbsp;diversidad musical&nbsp;de nuestra provincia y retroalimentando el circuito&nbsp;de artistas de&nbsp;distintos g\u00e9neros&nbsp;como el indie, el pop, el rock y la m\u00fasica urbana.<\/p>\n\n\n\n<div style=\"height:33px\" aria-hidden=\"true\" class=\"wp-block-spacer\"><\/div>\n\n\n<div class=\"wp-block-image\">\n<figure class=\"aligncenter is-resized\"><img decoding=\"async\" src=\"https:\/\/prensa.ciudaddemendoza.gob.ar\/wp-content\/uploads\/2025\/07\/0a5c5fbe-30cd-6d77-5147-1af4bb89e7e2-1-scaled.jpg\" alt=\"\" class=\"wp-image-164339\" style=\"width:695px;height:auto\"\/><figcaption class=\"wp-element-caption\"><em><strong>Uno de los shows de la edici\u00f3n 2024 de Vino a la Nave, con gran \u00e9xito de p\u00fablico<\/strong><\/em><strong><em>.<\/em><\/strong><\/figcaption><\/figure><\/div>\n\n\n<div style=\"height:22px\" aria-hidden=\"true\" class=\"wp-block-spacer\"><\/div>\n\n\n\n<p>As\u00ed, llega una nueva edici\u00f3n de&nbsp;Vino a la Nave, el&nbsp;s\u00e1bado 26 de julio&nbsp;a partir de las 17, con una programaci\u00f3n que incluye las bandas&nbsp;<strong>Indios,&nbsp;Zen\u00f3n Pereyra, Doppel Gangs, Esperanzah <\/strong>y<strong> Alfre Merlo<\/strong>. La cita promete ser una fiesta para los sentidos, con m\u00fasica en vivo, vinos de calidad y una oferta gastron\u00f3mica destacada.&nbsp;<a href=\"https:\/\/venti.com.ar\/evento\/vino-a-la-nave-26-de-julio?fbclid=PAQ0xDSwKy6FBleHRuA2FlbQIxMAABp8_he13lgcTQ0zQl4d3zLmWcf9Akx6hNWxrKexsiyLQZobmre63n_E_5pSY0_aem_tgj2MhkEBomH4VzOpClCnA\" target=\"_blank\" rel=\"noreferrer noopener\">Las entradas pueden adquirirse aqu\u00ed.<\/a><\/p>\n\n\n\n<div style=\"height:31px\" aria-hidden=\"true\" class=\"wp-block-spacer\"><\/div>\n\n\n\n<p><strong>En agosto, Gauchito Club sube al escenario principal<\/strong><\/p>\n\n\n\n<p>Vino a la Nave, que siempre incluye una banda nacional como cierre de cada edici\u00f3n, contar\u00e1 con la presencia de la banda mendocina&nbsp;<strong>Gauchito Club<\/strong>&nbsp;en el escenario principal, para el&nbsp;encuentro del&nbsp;s\u00e1bado 16 de agosto. El grupo musical, con proyecci\u00f3n internacional y compuesto por los hermanos <strong>Gabriel y Sasha Nazar, Juli\u00e1n Bermejo, Nahuel Quimey Chandia y Ale Rezk<\/strong>, promete poner la vara a\u00fan m\u00e1s alta en este ciclo tan especial. Para esta edici\u00f3n,&nbsp;<a href=\"https:\/\/venti.com.ar\/evento\/vino-a-la-nave-agosto-16?fbclid=PAZXh0bgNhZW0CMTEAAacec81K_nkHAt69_3ZBqX57BSgvG5VzQCGvUlwO-B5rdCpuFhWYZmJk3ZMB9g_aem_Kxz7iLkbjXMxfT3zMIuEtA\" target=\"_blank\" rel=\"noreferrer noopener\">encontr\u00e1 tu ticket en este link.<\/a><\/p>\n\n\n\n<p>Con el apoyo de la&nbsp;<strong>Ciudad de Mendoza<\/strong>, que acompa\u00f1a la iniciativa desde sus primeros pasos, y la organizaci\u00f3n de&nbsp;<strong>Nero Producciones<\/strong>, Vino a la Nave es una de las propuestas culturales m\u00e1s destacadas del a\u00f1o. El ciclo finalizar\u00e1 en noviembre con un festival al aire libre en los jardines de la&nbsp;<strong>Nave Cultural<\/strong>, convirti\u00e9ndose en un encuentro vibrante de m\u00fasica, cultura y entretenimiento.<\/p>\n\n\n\n<p>Las entradas ya est\u00e1n a la venta en&nbsp;<a href=\"https:\/\/venti.com.ar\/eventos\" target=\"_blank\" rel=\"noreferrer noopener\">venti.com.ar<\/a><\/p>\n\n\n\n<div style=\"height:40px\" aria-hidden=\"true\" class=\"wp-block-spacer\"><\/div>\n","protected":false},"excerpt":{"rendered":"<p>Por segundo a\u00f1o consecutivo, el programa de shows, catas y actividades de entretenimiento que organiza&hellip;<\/p>\n","protected":false},"author":2,"featured_media":158991,"comment_status":"open","ping_status":"open","sticky":false,"template":"","format":"standard","meta":{"footnotes":""},"categories":[47,56],"tags":[],"class_list":["post-158988","post","type-post","status-publish","format-standard","has-post-thumbnail","hentry","category-agenda","category-destacado"],"_links":{"self":[{"href":"https:\/\/enolife.com.ar\/es\/wp-json\/wp\/v2\/posts\/158988","targetHints":{"allow":["GET"]}}],"collection":[{"href":"https:\/\/enolife.com.ar\/es\/wp-json\/wp\/v2\/posts"}],"about":[{"href":"https:\/\/enolife.com.ar\/es\/wp-json\/wp\/v2\/types\/post"}],"author":[{"embeddable":true,"href":"https:\/\/enolife.com.ar\/es\/wp-json\/wp\/v2\/users\/2"}],"replies":[{"embeddable":true,"href":"https:\/\/enolife.com.ar\/es\/wp-json\/wp\/v2\/comments?post=158988"}],"version-history":[{"count":0,"href":"https:\/\/enolife.com.ar\/es\/wp-json\/wp\/v2\/posts\/158988\/revisions"}],"wp:featuredmedia":[{"embeddable":true,"href":"https:\/\/enolife.com.ar\/es\/wp-json\/wp\/v2\/media\/158991"}],"wp:attachment":[{"href":"https:\/\/enolife.com.ar\/es\/wp-json\/wp\/v2\/media?parent=158988"}],"wp:term":[{"taxonomy":"category","embeddable":true,"href":"https:\/\/enolife.com.ar\/es\/wp-json\/wp\/v2\/categories?post=158988"},{"taxonomy":"post_tag","embeddable":true,"href":"https:\/\/enolife.com.ar\/es\/wp-json\/wp\/v2\/tags?post=158988"}],"curies":[{"name":"wp","href":"https:\/\/api.w.org\/{rel}","templated":true}]}}