{"id":158892,"date":"2025-07-22T15:47:01","date_gmt":"2025-07-22T15:47:01","guid":{"rendered":"https:\/\/enolife.com.ar\/es\/?p=158892"},"modified":"2025-10-06T14:20:54","modified_gmt":"2025-10-06T14:20:54","slug":"la-fundacion-formarg-inicia-el-13-8-25-un-curso-de-10-clases-para-capacitar-a-personal-de-bodegas","status":"publish","type":"post","link":"https:\/\/enolife.com.ar\/es\/la-fundacion-formarg-inicia-el-13-8-25-un-curso-de-10-clases-para-capacitar-a-personal-de-bodegas\/","title":{"rendered":"La Fundaci\u00f3n Formarg inicia el 13\/8\/25 un curso de 10 clases para capacitar a personal de bodegas"},"content":{"rendered":"\n<h4 class=\"wp-block-heading\"><em><strong>Las tareas de las diferentes \u00e1reas de la vitivinicultura requieren cada vez m\u00e1s especializaci\u00f3n, por lo que las bodegas deben brindar en forma constante y actualizada a sus trabajadores las herramientas para desempe\u00f1ar sus roles. Ante esta necesidad de capacitaci\u00f3n, tres profesionales de la industria vitivin\u00edcola dise\u00f1aron una propuesta de formaci\u00f3n te\u00f3rico-pr\u00e1ctica para el personal de bodegas, que este a\u00f1o va por su segunda edici\u00f3n (en la foto principal, los egresados en el primer curso de 2025). Se ense\u00f1ar\u00e1n conceptos b\u00e1sicos e imprescindibles para cada etapa del proceso productivo, en 10 encuentros, del 13\/8\/25 al 15\/10\/25. Las inscripciones est\u00e1n abiertas. Acompa\u00f1an la iniciativa como sponsors reconocidas empresas proveedoras de servicios para la vitivinicultura con base en Mendoza, y Diario Vitivin\u00edcola Enolife como medio asociado.<\/strong><\/em><\/h4>\n\n\n\n<div style=\"height:35px\" aria-hidden=\"true\" class=\"wp-block-spacer\"><\/div>\n\n\n<a href=\"https:\/\/www.instagram.com\/vinventions.sudamerica\/\" aria-label=\"Banner_Subr_1700x500\"><img loading=\"lazy\" decoding=\"async\" src=\"https:\/\/enolife.com.ar\/es\/wp-content\/uploads\/2019\/07\/Banner_Subr_1700x500.gif\" alt=\"\"  width=\"1700\" height=\"501\"   \/><\/a>\n\n\n<div style=\"height:45px\" aria-hidden=\"true\" class=\"wp-block-spacer\"><\/div>\n\n\n\n<p>La necesidad de que los recursos humanos de las bodegas desarrollen criterios que les permitan tomar decisiones y obtener mayor autonom\u00eda y confianza, es una de las finalidades de la <strong>Fundaci\u00f3n Formarg<\/strong>, que propone una serie de acciones educativas formativas para el personal de bodegas. El proyecto, seg\u00fan explicitan los gestores de Formarg, <em>\u00abofrece generar un cambio cultural y sacar a los trabajadores de sus realidades cotidianas, que conozcan otros colegas, intercambien experiencias y fortalezcan su motivaci\u00f3n y v\u00ednculo con el rol que desempe\u00f1an\u00bb.<\/em><\/p>\n\n\n\n<p>Las formaciones est\u00e1n destinadas a brindar herramientas y conceptos b\u00e1sicos e imprescindibles para cada etapa del proceso productivo por medio de clases te\u00f3rico-pr\u00e1cticas, en busca de empoderar el rol de los trabajadores, para que as\u00ed puedan cumplir de manera eficiente y eficaz sus labores cotidianas, y formen equipos consolidados a trav\u00e9s del compromiso en funci\u00f3n a la cultura de cada empresa.<\/p>\n\n\n\n<div style=\"height:35px\" aria-hidden=\"true\" class=\"wp-block-spacer\"><\/div>\n\n\n\n<figure class=\"wp-block-gallery has-nested-images columns-default is-cropped wp-block-gallery-1 is-layout-flex wp-block-gallery-is-layout-flex\">\n<figure class=\"wp-block-image size-full\"><a href=\"https:\/\/enolife.com.ar\/es\/wp-content\/uploads\/2025\/07\/Imagen4-2.jpg\" data-rel=\"penci-gallery-image-content\" ><img loading=\"lazy\" decoding=\"async\" width=\"530\" height=\"366\" data-id=\"159328\" src=\"https:\/\/enolife.com.ar\/es\/wp-content\/uploads\/2025\/07\/Imagen4-2.jpg\" alt=\"\" class=\"wp-image-159328\" srcset=\"https:\/\/enolife.com.ar\/es\/wp-content\/uploads\/2025\/07\/Imagen4-2.jpg 530w, https:\/\/enolife.com.ar\/es\/wp-content\/uploads\/2025\/07\/Imagen4-2-300x207.jpg 300w\" sizes=\"auto, (max-width: 530px) 100vw, 530px\" \/><\/a><\/figure>\n\n\n\n<figure class=\"wp-block-image size-full\"><a href=\"https:\/\/enolife.com.ar\/es\/wp-content\/uploads\/2025\/07\/Imagen1-12.jpg\" data-rel=\"penci-gallery-image-content\" ><img loading=\"lazy\" decoding=\"async\" width=\"538\" height=\"404\" data-id=\"159329\" src=\"https:\/\/enolife.com.ar\/es\/wp-content\/uploads\/2025\/07\/Imagen1-12.jpg\" alt=\"\" class=\"wp-image-159329\" srcset=\"https:\/\/enolife.com.ar\/es\/wp-content\/uploads\/2025\/07\/Imagen1-12.jpg 538w, https:\/\/enolife.com.ar\/es\/wp-content\/uploads\/2025\/07\/Imagen1-12-300x225.jpg 300w\" sizes=\"auto, (max-width: 538px) 100vw, 538px\" \/><\/a><\/figure>\n<\/figure>\n\n\n\n<div style=\"height:35px\" aria-hidden=\"true\" class=\"wp-block-spacer\"><\/div>\n\n\n\n<p>Seg\u00fan afirma la presidenta de Formarg, <strong>presidenta Pamela Federici<\/strong>, <em>\u00abnuestra propuesta es formar, pero no desde lo estrictamente acad\u00e9mico, sino compartiendo saberes. Queremos mejorar el conocimiento de cada recurso humano y acercarles los &#8216;tips&#8217; m\u00e1s importantes para cada parte del proceso de producci\u00f3n. Y adem\u00e1s, mostrarles las ultimas herramientas existentes en el mercado y c\u00f3mo se usan, y para eso nos acompa\u00f1an proveedores de insumos y servicios, quienes explican sobre las nuevas tecnolog\u00edas. Ofrecemos una mirada hol\u00edstica del proceso.\u00bb<\/em><\/p>\n\n\n\n<div style=\"height:45px\" aria-hidden=\"true\" class=\"wp-block-spacer\"><\/div>\n\n\n\n<p class=\"has-medium-font-size\"><strong>Sus creadores<\/strong><\/p>\n\n\n\n<p>La Fundaci\u00f3n Formarg y los planes de estudio fueron creados por tres profesionales independientes de larga trayectoria en la industria.<\/p>\n\n\n\n<div style=\"height:35px\" aria-hidden=\"true\" class=\"wp-block-spacer\"><\/div>\n\n\n<div class=\"wp-block-image\">\n<figure class=\"aligncenter size-full is-resized\"><a href=\"https:\/\/enolife.com.ar\/es\/wp-content\/uploads\/2025\/07\/Pame-y-Cia-011-copy.jpg\" data-rel=\"penci-gallery-image-content\" ><img loading=\"lazy\" decoding=\"async\" width=\"906\" height=\"500\" src=\"https:\/\/enolife.com.ar\/es\/wp-content\/uploads\/2025\/07\/Pame-y-Cia-011-copy.jpg\" alt=\"\" class=\"wp-image-159307\" style=\"width:636px;height:auto\" srcset=\"https:\/\/enolife.com.ar\/es\/wp-content\/uploads\/2025\/07\/Pame-y-Cia-011-copy.jpg 906w, https:\/\/enolife.com.ar\/es\/wp-content\/uploads\/2025\/07\/Pame-y-Cia-011-copy-300x166.jpg 300w, https:\/\/enolife.com.ar\/es\/wp-content\/uploads\/2025\/07\/Pame-y-Cia-011-copy-768x424.jpg 768w, https:\/\/enolife.com.ar\/es\/wp-content\/uploads\/2025\/07\/Pame-y-Cia-011-copy-585x323.jpg 585w\" sizes=\"auto, (max-width: 906px) 100vw, 906px\" \/><\/a><figcaption class=\"wp-element-caption\"><em><strong>Gabriel Bloise, Pamela Federici y Ricardo Godoy<\/strong><\/em>.<\/figcaption><\/figure><\/div>\n\n\n<div style=\"height:35px\" aria-hidden=\"true\" class=\"wp-block-spacer\"><\/div>\n\n\n\n<p><strong>Pamela Federici<\/strong>: Es ingeniera agr\u00f3noma recibida en la Universidad Nacional de Cuyo (UNCuyo). Trabaja con el recurso humano en el sector agr\u00edcola. Su primer proyecto ha sido la creaci\u00f3n de la Escuela de Oficios para Encargados de Finca, que hoy dicta su tercera edici\u00f3n. Fue gerente de una bodega org\u00e1nica-biodin\u00e1mica y tambi\u00e9n sum\u00f3 a su desarrollo varios a\u00f1os en el \u00e1rea comercial de un vivero de vid.<\/p>\n\n\n\n<p><strong>Gabriel Bloise:<\/strong> Es licenciado en Enolog\u00eda. Se desempe\u00f1\u00f3 como director de una importante bodega org\u00e1nica y biodin\u00e1mica durante 17 a\u00f1os. En la actualidad esa experiencia la vuelca en asesor\u00edas internacionales.<\/p>\n\n\n\n<p><strong>Ricardo Godoy<\/strong>: Es licenciado en Qu\u00edmica y Enolog\u00eda y ha dedicado 35 a\u00f1os de trabajo a brindar cambios culturales en organizaciones, 18 de ellos en una empresa multinacional. Actualmente es CEO de una consultora que asesora 70 empresas bajo el lema <em>\u00abtodo se debe hacer simple y agradable\u00bb.<\/em> Formador de la cultura en alto desempe\u00f1o empresarial y especialista en gesti\u00f3n de procesos.<\/p>\n\n\n\n<div style=\"height:45px\" aria-hidden=\"true\" class=\"wp-block-spacer\"><\/div>\n\n\n\n<p class=\"has-medium-font-size\"><strong>La pr\u00f3xima formaci\u00f3n<\/strong><\/p>\n\n\n<div class=\"wp-block-image\">\n<figure class=\"alignleft size-full is-resized\"><a href=\"https:\/\/enolife.com.ar\/es\/wp-content\/uploads\/2025\/07\/flyer.jpg\" data-rel=\"penci-gallery-image-content\" ><img loading=\"lazy\" decoding=\"async\" width=\"512\" height=\"720\" src=\"https:\/\/enolife.com.ar\/es\/wp-content\/uploads\/2025\/07\/flyer.jpg\" alt=\"\" class=\"wp-image-159556\" style=\"width:320px;height:auto\" srcset=\"https:\/\/enolife.com.ar\/es\/wp-content\/uploads\/2025\/07\/flyer.jpg 512w, https:\/\/enolife.com.ar\/es\/wp-content\/uploads\/2025\/07\/flyer-213x300.jpg 213w\" sizes=\"auto, (max-width: 512px) 100vw, 512px\" \/><\/a><\/figure><\/div>\n\n\n<p>Del <strong>13 de agosto al 15 de octubre<\/strong> de 2025 se realizar\u00e1 la segunda capacitaci\u00f3n anual, <strong>\u00abFormaci\u00f3n para personal de bodega\u00bb<\/strong>, consistente en <strong>10 encuentros, cada d\u00eda de 9 a 14 <\/strong>hs, en la <strong>Bodega Polo<\/strong> (Malabia 255, Carrodilla, Luj\u00e1n de Cuyo, Mendoza).<\/p>\n\n\n\n<p>La formaci\u00f3n est\u00e1 <strong>destinada a personal de bodega de la industria vitivin\u00edcola<\/strong> que ocupe o no el rol de encargados, con o sin estudios primarios completos. Y tambi\u00e9n para estudiantes de Enolog\u00eda, con experiencia en el rubro.<\/p>\n\n\n\n<p>Los encuentros ser\u00e1n te\u00f3rico-pr\u00e1cticos y abordar\u00e1n temas t\u00e9cnicos de todo el proceso productivo del vino, desde la uva a la botella, sumando contenidos de habilidades personales, normas de calidad y econom\u00eda familiar. Todas las clases ser\u00e1n dictadas en una bodega, por los integrantes de Formarg, por profesionales invitados con especializaciones espec\u00edficas y proveedores de la industria. El equipo docente realizar\u00e1 una evaluaci\u00f3n diaria con din\u00e1micas de equipo, cuya informaci\u00f3n se resumir\u00e1 en un cuadernillo que quedar\u00e1 a disposici\u00f3n de los cursantes como apoyo.<\/p>\n\n\n\n<div style=\"height:16px\" aria-hidden=\"true\" class=\"wp-block-spacer\"><\/div>\n\n\n\n<p class=\"has-background\" style=\"background-color:#abb7c25e\"><strong>El precio por cada matr\u00edcula es de $750.000, incluye desayuno, entrega de certificados y almuerzo de fin de ciclo. Para m\u00e1s informaci\u00f3n contactarse a: <a href=\"mailto:enformarg@gmail.com\">enformarg@gmail.com<\/a><\/strong><\/p>\n\n\n\n<div style=\"height:19px\" aria-hidden=\"true\" class=\"wp-block-spacer\"><\/div>\n\n\n\n<p><em>\u00abFormarg busca alcanzar una herramienta de formaci\u00f3n permanente para que las empresas puedan apoyarse y mejorar sus equipos de trabajo a trav\u00e9s de un proceso de mejora continua. Pero adem\u00e1s de mejorar procesos, buscamos transformar a las personas, potenciar talentos y construir futuros m\u00e1s s\u00f3lidos para cada empresa. Nuestro prop\u00f3sito es generar un cambio culturar dentro de las empresas\u00bb,<\/em> explic\u00f3 finalmente Federici.<\/p>\n\n\n\n<div style=\"height:28px\" aria-hidden=\"true\" class=\"wp-block-spacer\"><\/div>\n\n\n\n<p><\/p>\n\n\n\n<p><\/p>\n\n\n\n<p><\/p>\n\n\n\n<p><\/p>\n\n\n\n<p><\/p>\n","protected":false},"excerpt":{"rendered":"<p>Las tareas de las diferentes \u00e1reas de la vitivinicultura requieren cada vez m\u00e1s especializaci\u00f3n, por&hellip;<\/p>\n","protected":false},"author":2,"featured_media":159332,"comment_status":"open","ping_status":"open","sticky":false,"template":"","format":"standard","meta":{"footnotes":""},"categories":[47,56],"tags":[],"class_list":["post-158892","post","type-post","status-publish","format-standard","has-post-thumbnail","hentry","category-agenda","category-destacado"],"_links":{"self":[{"href":"https:\/\/enolife.com.ar\/es\/wp-json\/wp\/v2\/posts\/158892","targetHints":{"allow":["GET"]}}],"collection":[{"href":"https:\/\/enolife.com.ar\/es\/wp-json\/wp\/v2\/posts"}],"about":[{"href":"https:\/\/enolife.com.ar\/es\/wp-json\/wp\/v2\/types\/post"}],"author":[{"embeddable":true,"href":"https:\/\/enolife.com.ar\/es\/wp-json\/wp\/v2\/users\/2"}],"replies":[{"embeddable":true,"href":"https:\/\/enolife.com.ar\/es\/wp-json\/wp\/v2\/comments?post=158892"}],"version-history":[{"count":0,"href":"https:\/\/enolife.com.ar\/es\/wp-json\/wp\/v2\/posts\/158892\/revisions"}],"wp:featuredmedia":[{"embeddable":true,"href":"https:\/\/enolife.com.ar\/es\/wp-json\/wp\/v2\/media\/159332"}],"wp:attachment":[{"href":"https:\/\/enolife.com.ar\/es\/wp-json\/wp\/v2\/media?parent=158892"}],"wp:term":[{"taxonomy":"category","embeddable":true,"href":"https:\/\/enolife.com.ar\/es\/wp-json\/wp\/v2\/categories?post=158892"},{"taxonomy":"post_tag","embeddable":true,"href":"https:\/\/enolife.com.ar\/es\/wp-json\/wp\/v2\/tags?post=158892"}],"curies":[{"name":"wp","href":"https:\/\/api.w.org\/{rel}","templated":true}]}}