{"id":158589,"date":"2025-07-07T16:20:23","date_gmt":"2025-07-07T16:20:23","guid":{"rendered":"https:\/\/enolife.com.ar\/es\/?p=158589"},"modified":"2025-07-08T17:53:07","modified_gmt":"2025-07-08T17:53:07","slug":"mendoza-promociono-sus-experiencias-enoturisticas-sostenibles-en-yantai-china","status":"publish","type":"post","link":"https:\/\/enolife.com.ar\/es\/mendoza-promociono-sus-experiencias-enoturisticas-sostenibles-en-yantai-china\/","title":{"rendered":"Mendoza promocion\u00f3 sus experiencias enotur\u00edsticas sostenibles en Yantai, China"},"content":{"rendered":"\n<h4 class=\"wp-block-heading\"><em><strong>Del 2 al 5 de julio, se llev\u00f3 a cabo en la ciudad de Yantai, China, la II Cumbre Mundial de Enoturismo Responsable, organizada por la Organizaci\u00f3n Mundial de Enoturismo (OMET). Mendoza estuvo presente de la mano de representantes del Emetur, ProMendoza, la Corporaci\u00f3n Vitivin\u00edcola Argentina (Coviar) y empresarios del sector, promoviendo las experiencias sostenibles y de alta calidad que ofrece el pa\u00eds y la provincia. La comitiva particip\u00f3 en ponencias, paneles, reuniones de trabajo y actividades de\u00a0networking junto a referentes de m\u00e1s de 20 pa\u00edses. <\/strong><\/em><\/h4>\n\n\n\n<div style=\"height:35px\" aria-hidden=\"true\" class=\"wp-block-spacer\"><\/div>\n\n\n<a href=\"https:\/\/ar.verallia.com\/\" aria-label=\"VERALLIA 1700 x 500\"><img loading=\"lazy\" decoding=\"async\" src=\"https:\/\/enolife.com.ar\/es\/wp-content\/uploads\/2021\/04\/VERALLIA-1700-x-500.jpg\" alt=\"\"  srcset=\"https:\/\/enolife.com.ar\/es\/wp-content\/uploads\/2021\/04\/VERALLIA-1700-x-500.jpg 1700w, https:\/\/enolife.com.ar\/es\/wp-content\/uploads\/2021\/04\/VERALLIA-1700-x-500-300x88.jpg 300w, https:\/\/enolife.com.ar\/es\/wp-content\/uploads\/2021\/04\/VERALLIA-1700-x-500-1024x301.jpg 1024w, https:\/\/enolife.com.ar\/es\/wp-content\/uploads\/2021\/04\/VERALLIA-1700-x-500-768x226.jpg 768w, https:\/\/enolife.com.ar\/es\/wp-content\/uploads\/2021\/04\/VERALLIA-1700-x-500-1536x452.jpg 1536w, https:\/\/enolife.com.ar\/es\/wp-content\/uploads\/2021\/04\/VERALLIA-1700-x-500-1170x344.jpg 1170w, https:\/\/enolife.com.ar\/es\/wp-content\/uploads\/2021\/04\/VERALLIA-1700-x-500-585x172.jpg 585w\" sizes=\"auto, (max-width: 1700px) 100vw, 1700px\" width=\"1700\" height=\"500\"   \/><\/a>\n\n\n<div style=\"height:45px\" aria-hidden=\"true\" class=\"wp-block-spacer\"><\/div>\n\n\n\n<p>Mendoza particip\u00f3 en la <strong>II Cumbre Mundial de Enoturismo Responsable<\/strong> con una destacada delegaci\u00f3n que busc\u00f3 fortalecer el liderazgo global en turismo del vino, promoviendo las experiencias sostenibles, aut\u00e9nticas y de alta calidad que ofrece el pa\u00eds y la provincia. Cabe resaltar que Mendoza es la mayor productora y exportadora de vino, as\u00ed como el destino enotur\u00edstico de mayor desarrollo de Argentina.<\/p>\n\n\n\n<div style=\"height:30px\" aria-hidden=\"true\" class=\"wp-block-spacer\"><\/div>\n\n\n<div class=\"wp-block-image\">\n<figure class=\"aligncenter size-full is-resized\"><a href=\"https:\/\/enolife.com.ar\/es\/wp-content\/uploads\/2025\/07\/WhatsApp-Image-2025-07-07-at-08.39.17-700x933-1.jpeg\" data-rel=\"penci-gallery-image-content\" ><img loading=\"lazy\" decoding=\"async\" width=\"700\" height=\"501\" src=\"https:\/\/enolife.com.ar\/es\/wp-content\/uploads\/2025\/07\/WhatsApp-Image-2025-07-07-at-08.39.17-700x933-1.jpeg\" alt=\"\" class=\"wp-image-158596\" style=\"width:582px;height:auto\" srcset=\"https:\/\/enolife.com.ar\/es\/wp-content\/uploads\/2025\/07\/WhatsApp-Image-2025-07-07-at-08.39.17-700x933-1.jpeg 700w, https:\/\/enolife.com.ar\/es\/wp-content\/uploads\/2025\/07\/WhatsApp-Image-2025-07-07-at-08.39.17-700x933-1-300x215.jpeg 300w, https:\/\/enolife.com.ar\/es\/wp-content\/uploads\/2025\/07\/WhatsApp-Image-2025-07-07-at-08.39.17-700x933-1-585x419.jpeg 585w\" sizes=\"auto, (max-width: 700px) 100vw, 700px\" \/><\/a><\/figure><\/div>\n\n\n<div style=\"height:30px\" aria-hidden=\"true\" class=\"wp-block-spacer\"><\/div>\n\n\n\n<p>La delegaci\u00f3n mendocina estuvo integrada por <strong>Gabriela Testa<\/strong>, presidenta del Ente Mendoza Turismo (Emetur); <strong>Carolina Su\u00e1rez Garc\u00e9s<\/strong>, responsable de Relaciones Institucionales de ProMendoza y coordinadora ante la Red de Grandes Capitales del Vino;<strong> Carolina Fuller<\/strong>, gerente de Hospitalidad de Catena Zapata, y <strong>Alejandra Gil Posleman<\/strong>, gerente de Rosell Boher Lodge.<em> \u201cYantai nos recibi\u00f3 con los brazos abiertos, permiti\u00e9ndonos sumergirnos en la riqueza de la cultura milenaria de China. Estamos maravillados con la belleza de esta regi\u00f3n, la calidez de su gente y la envergadura de sus bodegas\u201d<\/em>, expres\u00f3 la titular del Emetur.<\/p>\n\n\n\n<div style=\"height:30px\" aria-hidden=\"true\" class=\"wp-block-spacer\"><\/div>\n\n\n<div class=\"wp-block-image\">\n<figure class=\"aligncenter size-full is-resized\"><a href=\"https:\/\/enolife.com.ar\/es\/wp-content\/uploads\/2025\/07\/1000410797-700x466-1.jpg\" data-rel=\"penci-gallery-image-content\" ><img loading=\"lazy\" decoding=\"async\" width=\"551\" height=\"338\" src=\"https:\/\/enolife.com.ar\/es\/wp-content\/uploads\/2025\/07\/1000410797-700x466-1.jpg\" alt=\"\" class=\"wp-image-158595\" style=\"width:581px;height:auto\" srcset=\"https:\/\/enolife.com.ar\/es\/wp-content\/uploads\/2025\/07\/1000410797-700x466-1.jpg 551w, https:\/\/enolife.com.ar\/es\/wp-content\/uploads\/2025\/07\/1000410797-700x466-1-300x184.jpg 300w\" sizes=\"auto, (max-width: 551px) 100vw, 551px\" \/><\/a><\/figure><\/div>\n\n\n<div style=\"height:30px\" aria-hidden=\"true\" class=\"wp-block-spacer\"><\/div>\n\n\n\n<p><em>\u201cEsta II Cumbre Global de Enoturismo Responsable permite a referentes del turismo del vino de m\u00e1s de 20 destinos reunirse para favorecer tanto la reflexi\u00f3n acad\u00e9mica como los negocios que esta actividad genera. Simult\u00e1neamente, se realizaron acciones de&nbsp;networking&nbsp;y degustaciones de vinos en el&nbsp;stand&nbsp;de Mendoza. As\u00ed, este evento de OMET se convirti\u00f3, nuevamente en una oportunidad para potenciar la fortaleza de la marca Mendoza, frente a un gran mercado interesado por nuestra oferta, experiencias enogastron\u00f3micas y el valor de nuestro capital humano\u201d<\/em>, agreg\u00f3 la funcionaria.<\/p>\n\n\n\n<div style=\"height:35px\" aria-hidden=\"true\" class=\"wp-block-spacer\"><\/div>\n\n\n\n<p class=\"has-medium-font-size\"><strong>OMET<\/strong><\/p>\n\n\n\n<p>La <strong>OMET, presidida por Jos\u00e9 Antonio Vidal,<\/strong> es una entidad internacional que impulsa el enoturismo como motor de desarrollo sostenible, integrando vino, gastronom\u00eda, cultura y territorio. Sus reuniones cumbres est\u00e1n concebidas como espacios de intercambio de conocimiento, articulaci\u00f3n p\u00fablico-privada y generaci\u00f3n de oportunidades para los destinos vitivin\u00edcolas del mundo.&nbsp;<\/p>\n\n\n\n<p>En esta edici\u00f3n, Yantai recibi\u00f3 la certificaci\u00f3n de Destino Global de Enoturismo Responsable, en reconocimiento a su patrimonio enol\u00f3gico, su cocina tradicional y su compromiso con la sostenibilidad. Cabe destacar que el a\u00f1o pasado Mendoza recibi\u00f3 el premio a Mejor Destino Enotur\u00edstico Responsable, brindado por la misma instituci\u00f3n.<\/p>\n\n\n\n<div style=\"height:30px\" aria-hidden=\"true\" class=\"wp-block-spacer\"><\/div>\n\n\n<div class=\"wp-block-image\">\n<figure class=\"aligncenter size-full is-resized\"><a href=\"https:\/\/enolife.com.ar\/es\/wp-content\/uploads\/2025\/07\/1000411578-700x1035-1.jpg\" data-rel=\"penci-gallery-image-content\" ><img loading=\"lazy\" decoding=\"async\" width=\"698\" height=\"460\" src=\"https:\/\/enolife.com.ar\/es\/wp-content\/uploads\/2025\/07\/1000411578-700x1035-1.jpg\" alt=\"\" class=\"wp-image-158597\" style=\"width:618px;height:auto\" srcset=\"https:\/\/enolife.com.ar\/es\/wp-content\/uploads\/2025\/07\/1000411578-700x1035-1.jpg 698w, https:\/\/enolife.com.ar\/es\/wp-content\/uploads\/2025\/07\/1000411578-700x1035-1-300x198.jpg 300w, https:\/\/enolife.com.ar\/es\/wp-content\/uploads\/2025\/07\/1000411578-700x1035-1-585x386.jpg 585w\" sizes=\"auto, (max-width: 698px) 100vw, 698px\" \/><\/a><figcaption class=\"wp-element-caption\"><strong><em>Alejandra Gil Posleman, Jos\u00e9 Antonio Vidal y Gabriela Testa<\/em><\/strong><\/figcaption><\/figure><\/div>\n\n\n<div style=\"height:30px\" aria-hidden=\"true\" class=\"wp-block-spacer\"><\/div>\n\n\n\n<p>En representaci\u00f3n nacional participaron el experto en enoturismo y<strong> vicerrector de la Universidad Nacional de Cuyo Gabriel Fidel <\/strong>y los representantes de la <strong>Corporaci\u00f3n Vitivin\u00edcola Argentina (Coviar), Pablo Asens, Rodrigo Lemos y Diego Cortez.\u00a0<\/strong><\/p>\n\n\n\n<p>Durante el encuentro, la comitiva particip\u00f3 en ponencias, paneles, reuniones de trabajo y actividades de\u00a0networking\u00a0junto a referentes de m\u00e1s de 20 pa\u00edses. La presencia de Mendoza y Argentina reafirma su liderazgo en el enoturismo sostenible como v\u00eda de desarrollo territorial, innovaci\u00f3n y posicionamiento internacional.<\/p>\n\n\n\n<p>El turismo del vino en Argentina y en Mendoza es uno de los motores del crecimiento y desarrollo territorial productivo. Su crecimiento es uno de los objetivos del Plan Estrat\u00e9gico Vitivin\u00edcola (PEVI) al 2030. Para medir, entender y potenciar su evoluci\u00f3n, se comenz\u00f3 a trabajar en el Observatorio Econ\u00f3mico del Turismo del Vino, una iniciativa del Ente Mendoza Turismo (Emetur), desarrollada en acuerdo con la Corporaci\u00f3n Vitivin\u00edcola Argentina (Coviar) y con la colaboraci\u00f3n de diversas instituciones y actores clave.<\/p>\n\n\n\n<p>Con datos <strong>a 2025, en la Argentina hay<\/strong> <strong>487 establecimientos vitivin\u00edcolas abiertos al turismo en 17 provincias<\/strong>. Mendoza es el principal destino enotur\u00edstico de la Argentina, con un total relevado de 232 bodegas abiertas a visitantes. Nunca antes en la historia del pa\u00eds hubo tantas empresas y en tantas provincias, lo que muestra el desarrollo y el potencial que tiene el enoturismo en el pa\u00eds.<\/p>\n\n\n\n<div style=\"height:35px\" aria-hidden=\"true\" class=\"wp-block-spacer\"><\/div>\n","protected":false},"excerpt":{"rendered":"<p>Del 2 al 5 de julio, se llev\u00f3 a cabo en la ciudad de Yantai,&hellip;<\/p>\n","protected":false},"author":2,"featured_media":158594,"comment_status":"open","ping_status":"open","sticky":false,"template":"","format":"standard","meta":{"footnotes":""},"categories":[56,11,14],"tags":[],"class_list":["post-158589","post","type-post","status-publish","format-standard","has-post-thumbnail","hentry","category-destacado","category-enoturismo","category-news"],"_links":{"self":[{"href":"https:\/\/enolife.com.ar\/es\/wp-json\/wp\/v2\/posts\/158589","targetHints":{"allow":["GET"]}}],"collection":[{"href":"https:\/\/enolife.com.ar\/es\/wp-json\/wp\/v2\/posts"}],"about":[{"href":"https:\/\/enolife.com.ar\/es\/wp-json\/wp\/v2\/types\/post"}],"author":[{"embeddable":true,"href":"https:\/\/enolife.com.ar\/es\/wp-json\/wp\/v2\/users\/2"}],"replies":[{"embeddable":true,"href":"https:\/\/enolife.com.ar\/es\/wp-json\/wp\/v2\/comments?post=158589"}],"version-history":[{"count":0,"href":"https:\/\/enolife.com.ar\/es\/wp-json\/wp\/v2\/posts\/158589\/revisions"}],"wp:featuredmedia":[{"embeddable":true,"href":"https:\/\/enolife.com.ar\/es\/wp-json\/wp\/v2\/media\/158594"}],"wp:attachment":[{"href":"https:\/\/enolife.com.ar\/es\/wp-json\/wp\/v2\/media?parent=158589"}],"wp:term":[{"taxonomy":"category","embeddable":true,"href":"https:\/\/enolife.com.ar\/es\/wp-json\/wp\/v2\/categories?post=158589"},{"taxonomy":"post_tag","embeddable":true,"href":"https:\/\/enolife.com.ar\/es\/wp-json\/wp\/v2\/tags?post=158589"}],"curies":[{"name":"wp","href":"https:\/\/api.w.org\/{rel}","templated":true}]}}