{"id":158577,"date":"2025-07-10T13:17:26","date_gmt":"2025-07-10T13:17:26","guid":{"rendered":"https:\/\/enolife.com.ar\/es\/?p=158577"},"modified":"2025-07-18T20:25:54","modified_gmt":"2025-07-18T20:25:54","slug":"filosofia-y-poesia-por-los-caminos-del-vino-con-sztajnszrajber-y-barruti-el-26-7-25-en-espacio-arizu","status":"publish","type":"post","link":"https:\/\/enolife.com.ar\/es\/filosofia-y-poesia-por-los-caminos-del-vino-con-sztajnszrajber-y-barruti-el-26-7-25-en-espacio-arizu\/","title":{"rendered":"Filosof\u00eda y poes\u00eda por los Caminos del Vino con Sztajnszrajber y Barruti, el 26\/7\/25 en Espacio Arizu"},"content":{"rendered":"\n<h4 class=\"wp-block-heading\"><em><strong>El fil\u00f3sofo y divulgador cultural argentino -oriundo de Buenos Aires-, Dar\u00edo Sztajnszrajber, junto a su pareja la periodista, poeta y escritora especializada en nutrici\u00f3n, Soledad Barruti -tambi\u00e9n porte\u00f1a-, ofrecer\u00e1n en Mendoza su charla-espect\u00e1culo \u00abHistorias de amor y de muerte\u00bb. Ser\u00e1 en el recuperado espacio de la Bodega Arizu de Godoy Cruz, con entradas a un valor de $30.000 que incluye una degustaci\u00f3n de vinos. Moderar\u00e1 la presentaci\u00f3n el reconocido periodista mendocino Andr\u00e9s H. Gabrielli.<\/strong><\/em><\/h4>\n\n\n\n<div style=\"height:35px\" aria-hidden=\"true\" class=\"wp-block-spacer\"><\/div>\n\n\n<a href=\"https:\/\/altieri.com.ar\/\" aria-label=\"ALTIERI-1700X500\"><img loading=\"lazy\" decoding=\"async\" src=\"https:\/\/enolife.com.ar\/es\/wp-content\/uploads\/2025\/02\/ALTIERI-1700X500.jpg\" alt=\"\"  srcset=\"https:\/\/enolife.com.ar\/es\/wp-content\/uploads\/2025\/02\/ALTIERI-1700X500.jpg 1700w, https:\/\/enolife.com.ar\/es\/wp-content\/uploads\/2025\/02\/ALTIERI-1700X500-300x88.jpg 300w, https:\/\/enolife.com.ar\/es\/wp-content\/uploads\/2025\/02\/ALTIERI-1700X500-1024x301.jpg 1024w, https:\/\/enolife.com.ar\/es\/wp-content\/uploads\/2025\/02\/ALTIERI-1700X500-768x226.jpg 768w, https:\/\/enolife.com.ar\/es\/wp-content\/uploads\/2025\/02\/ALTIERI-1700X500-1536x452.jpg 1536w, https:\/\/enolife.com.ar\/es\/wp-content\/uploads\/2025\/02\/ALTIERI-1700X500-1170x344.jpg 1170w, https:\/\/enolife.com.ar\/es\/wp-content\/uploads\/2025\/02\/ALTIERI-1700X500-585x172.jpg 585w\" sizes=\"auto, (max-width: 1700px) 100vw, 1700px\" width=\"1700\" height=\"500\"   \/><\/a>\n\n\n<div style=\"height:45px\" aria-hidden=\"true\" class=\"wp-block-spacer\"><\/div>\n\n\n\n<p>El ciclo cultural <strong>Autores por los Caminos del Vino<\/strong> contin\u00faa su recorrido por la provincia con una propuesta de inter\u00e9s. El s\u00e1bado <strong>26 de julio a las 19 hs<\/strong>, el fil\u00f3sofo y divulgador cultural <strong>Dar\u00edo Sztajnszrajber,<\/strong> junto a su pareja la periodista y<strong> <\/strong>escritora <strong>Soledad Barruti<\/strong>, presentar\u00e1n en el <strong>Espacio Arizu <\/strong>de<strong> Godoy Cruz <\/strong>su charla <strong>Historias de amor y de muerte<\/strong>. Se trata de un espect\u00e1culo filos\u00f3fico y po\u00e9tico que invita a reflexionar, emocionarse y brindar.<\/p>\n\n\n<div class=\"wp-block-image\">\n<figure class=\"alignleft size-full is-resized\"><a href=\"https:\/\/enolife.com.ar\/es\/wp-content\/uploads\/2025\/07\/Flyer-Dario-y-Sole-en-Mza.jpeg\" data-rel=\"penci-gallery-image-content\" ><img loading=\"lazy\" decoding=\"async\" width=\"500\" height=\"511\" src=\"https:\/\/enolife.com.ar\/es\/wp-content\/uploads\/2025\/07\/Flyer-Dario-y-Sole-en-Mza.jpeg\" alt=\"\" class=\"wp-image-158584\" style=\"width:349px;height:auto\" srcset=\"https:\/\/enolife.com.ar\/es\/wp-content\/uploads\/2025\/07\/Flyer-Dario-y-Sole-en-Mza.jpeg 500w, https:\/\/enolife.com.ar\/es\/wp-content\/uploads\/2025\/07\/Flyer-Dario-y-Sole-en-Mza-294x300.jpeg 294w\" sizes=\"auto, (max-width: 500px) 100vw, 500px\" \/><\/a><\/figure><\/div>\n\n\n<p>El encuentro se desarrollar\u00e1 en el hist\u00f3rico edificio de Godoy Cruz que perteneci\u00f3 a la antigua <strong>Bodega Arizu<\/strong>, fundada en 1888 y declarada <strong>Monumento Hist\u00f3rico Nacional<\/strong> en 1999. Las entradas anticipadas ya est\u00e1n disponibles en<strong> <a href=\"https:\/\/www.entradaweb.com.ar\/evento\/501f93a3\/step\/1\">EntradaWeb<\/a> a un valor de $30.000<\/strong> e incluye una degustaci\u00f3n de vinos al finalizar.<\/p>\n\n\n\n<p>Autores por los Caminos del Vino es un ciclo cultural que promueve el cruce entre literatura, pensamiento y el mundo del vino. Cuenta con el acompa\u00f1amiento de Caminos del Vino de Bodegas de Argentina, el Ente Mendoza Turismo (Emetur) y la Universidad Juan Agust\u00edn Maza. Tambi\u00e9n acompa\u00f1an en este encuentro la Municipalidad de Godoy Cruz, Grupo Huentala, Ant\u00fc Espacio de Lectura y Kyros Aj\u00edes. Y, como media partners oficiales, El Descorche Diario y Radio Nihuil.<\/p>\n\n\n\n<p>La organizaci\u00f3n est\u00e1 a cargo de <strong>Gustavo Flores Baz\u00e1n<\/strong>, productor cultural vinculado al mundo del vino y <strong>Jimena Silvestri<\/strong>, gestora cultural y productora de medios. Las presentaciones son moderadas por <strong>Andr\u00e9s Gabrielli<\/strong>, periodista, poeta, referente de la cultura mendocina y respetable ciclista de monta\u00f1a.<\/p>\n\n\n\n<div style=\"height:35px\" aria-hidden=\"true\" class=\"wp-block-spacer\"><\/div>\n\n\n\n<p class=\"has-medium-font-size\"><strong>Una experiencia entre el vino, la palabra y la emoci\u00f3n<\/strong><\/p>\n\n\n\n<p>En Historias de amor y de Muerte, <strong>Sztajnszrajber y Barruti<\/strong> abren un espacio singular donde el pensamiento se cruza con la belleza, el asombro y la conmoci\u00f3n. A trav\u00e9s de relatos, criaturas mitol\u00f3gicas y reflexiones l\u00facidas y conmovedoras, proponen un viaje interior a trav\u00e9s de dos grandes t\u00f3picos de la humanidad.<\/p>\n\n\n\n<p><em>\u201cEl desierto crece. El derrumbe avanza. Pero todo estremecimiento provoca una apertura\u201d<\/em>. La cita del fil\u00f3sofo alem\u00e1n <strong>Friedrich Nietzsche<\/strong> funciona como umbral para este espect\u00e1culo que explora el amor y la muerte como territorios de lo originario, donde algo puede estar comenzando o terminando.<\/p>\n\n\n\n<p><strong>Al finalizar, los autores firmar\u00e1n ejemplares de sus libros y habr\u00e1 vinos para degustar.<\/strong><\/p>\n\n\n\n<div style=\"height:35px\" aria-hidden=\"true\" class=\"wp-block-spacer\"><\/div>\n\n\n\n<p class=\"has-medium-font-size\"><strong>Sobre los autores<\/strong><\/p>\n\n\n\n<p><strong>Dar\u00edo Sztajnszrajber<\/strong>: Licenciado en Filosof\u00eda por la Universidad de Buenos Aires (UBA), es uno de los principales divulgadores del pensamiento filos\u00f3fico en lengua hispana. Condujo el programa <strong>\u00abMentira la verdad\u00bb<\/strong> (Canal Encuentro) y es autor de obras como <strong>\u00bfPara qu\u00e9 sirve la filosof\u00eda?<\/strong>, <strong>Filosof\u00eda a martillazos <\/strong>(tomos 1 y 2), <strong>Filosof\u00eda en 11 frases<\/strong> y <strong>El amor es imposible<\/strong>. En 2017 recibi\u00f3 el Premio Konex por su aporte a la divulgaci\u00f3n cultural.<\/p>\n\n\n\n<p><strong>Soledad Barruti<\/strong>: Periodista y escritora, especializada en industria alimentaria, ecolog\u00eda y hongos. Es autora de los best sellers <strong>Malcomidos<\/strong> y <strong>Mala Leche<\/strong>, con ediciones en Argentina, M\u00e9xico, Colombia, Chile, Uruguay y Per\u00fa. Ha participado como oradora en universidades, foros y escenarios de toda Am\u00e9rica Latina. Desde hace a\u00f1os comparte escenario con Sztajnszrajber en propuestas como <strong>Comer, pensar, amar<\/strong>, <strong>Recital de mitos<\/strong> y <strong>Otro mundo posible.<\/strong><\/p>\n\n\n\n<div style=\"height:35px\" aria-hidden=\"true\" class=\"wp-block-spacer\"><\/div>\n","protected":false},"excerpt":{"rendered":"<p>El fil\u00f3sofo y divulgador cultural argentino -oriundo de Buenos Aires-, Dar\u00edo Sztajnszrajber, junto a su&hellip;<\/p>\n","protected":false},"author":2,"featured_media":158583,"comment_status":"open","ping_status":"open","sticky":false,"template":"","format":"standard","meta":{"footnotes":""},"categories":[47,56],"tags":[],"class_list":["post-158577","post","type-post","status-publish","format-standard","has-post-thumbnail","hentry","category-agenda","category-destacado"],"_links":{"self":[{"href":"https:\/\/enolife.com.ar\/es\/wp-json\/wp\/v2\/posts\/158577","targetHints":{"allow":["GET"]}}],"collection":[{"href":"https:\/\/enolife.com.ar\/es\/wp-json\/wp\/v2\/posts"}],"about":[{"href":"https:\/\/enolife.com.ar\/es\/wp-json\/wp\/v2\/types\/post"}],"author":[{"embeddable":true,"href":"https:\/\/enolife.com.ar\/es\/wp-json\/wp\/v2\/users\/2"}],"replies":[{"embeddable":true,"href":"https:\/\/enolife.com.ar\/es\/wp-json\/wp\/v2\/comments?post=158577"}],"version-history":[{"count":0,"href":"https:\/\/enolife.com.ar\/es\/wp-json\/wp\/v2\/posts\/158577\/revisions"}],"wp:featuredmedia":[{"embeddable":true,"href":"https:\/\/enolife.com.ar\/es\/wp-json\/wp\/v2\/media\/158583"}],"wp:attachment":[{"href":"https:\/\/enolife.com.ar\/es\/wp-json\/wp\/v2\/media?parent=158577"}],"wp:term":[{"taxonomy":"category","embeddable":true,"href":"https:\/\/enolife.com.ar\/es\/wp-json\/wp\/v2\/categories?post=158577"},{"taxonomy":"post_tag","embeddable":true,"href":"https:\/\/enolife.com.ar\/es\/wp-json\/wp\/v2\/tags?post=158577"}],"curies":[{"name":"wp","href":"https:\/\/api.w.org\/{rel}","templated":true}]}}