{"id":158457,"date":"2025-07-07T15:13:41","date_gmt":"2025-07-07T15:13:41","guid":{"rendered":"https:\/\/enolife.com.ar\/es\/?p=158457"},"modified":"2025-07-08T15:17:45","modified_gmt":"2025-07-08T15:17:45","slug":"el-gobierno-prepara-un-decreto-que-reestructura-y-quita-autonomia-al-inv-el-inta-el-inti-y-el-inase","status":"publish","type":"post","link":"https:\/\/enolife.com.ar\/es\/el-gobierno-prepara-un-decreto-que-reestructura-y-quita-autonomia-al-inv-el-inta-el-inti-y-el-inase\/","title":{"rendered":"El gobierno prepara un decreto que reestructura y quita autonom\u00eda al INV, el INTA, el INTI y el Inase"},"content":{"rendered":"\n<h4 class=\"wp-block-heading\"><em><strong>El pasado 3\/7\/25 varios medios de prensa argentinos accedieron a un borrador y divulgaron el decreto en preparaci\u00f3n que el presidente Javier Milei estudia para firmar y publicar -entre hoy 7\/7\/25 y ma\u00f1ana- en el Bolet\u00edn Oficial, por el cual se les quita a estos organismos la autarqu\u00eda, se les limita las funciones, degrada en jerarqu\u00eda y absorbe en la Secretar\u00eda de Agricultura nacional. Esta reestructuraci\u00f3n de las entidades vinculados a la pol\u00edtica p\u00fablica agropecuaria genera una fuerte preocupaci\u00f3n entre sus miles de empleados, quienes desde que se conoci\u00f3 el plan oficial vienen manifestando en todo el pa\u00eds.<\/strong><\/em><\/h4>\n\n\n\n<div style=\"height:35px\" aria-hidden=\"true\" class=\"wp-block-spacer\"><\/div>\n\n\n\n\n\n<div style=\"height:45px\" aria-hidden=\"true\" class=\"wp-block-spacer\"><\/div>\n\n\n\n<p>El ministro de Desregulaci\u00f3n y Transformaci\u00f3n de Argentina, <strong>Federico Sturzenegger<\/strong>, impuso su criterio frente a la oposici\u00f3n de algunos de sus pares del Gabinete del presidente Javier Milei y, al parecer, convenci\u00f3 al mandatario argentino de que firme el decreto, para<strong> publicar entre hoy y ma\u00f1ana<\/strong>, para eliminar y centralizar al menos <strong>8 organismos vinculados a la industria y el campo<\/strong>, en su mayor\u00eda bajo la \u00f3rbita del<strong> Ministerio de Econom\u00eda<\/strong>. El objetivo es achicar el gasto, efectuar despidos y concentrar una caja que podr\u00eda<strong> <\/strong>superar los<strong> $ 500.000 millones.<\/strong><\/p>\n\n\n\n<div style=\"height:35px\" aria-hidden=\"true\" class=\"wp-block-spacer\"><\/div>\n\n\n<div class=\"wp-block-image\">\n<figure class=\"aligncenter is-resized\"><a href=\"https:\/\/bichosdecampo.com\/wp-content\/uploads\/2025\/06\/sturzenegger-y-milei.webp\"><img decoding=\"async\" src=\"https:\/\/bichosdecampo.com\/wp-content\/uploads\/2025\/06\/sturzenegger-y-milei-750x375.webp\" alt=\"\" style=\"width:612px;height:auto\"\/><\/a><figcaption class=\"wp-element-caption\"><em><strong>El superministro Federico Sturzenegger y el presidente argentino Javier Milei.<\/strong><\/em><\/figcaption><\/figure><\/div>\n\n\n<div style=\"height:35px\" aria-hidden=\"true\" class=\"wp-block-spacer\"><\/div>\n\n\n\n<p>Seg\u00fan el proyecto, <strong>el Instituto Nacional de Tecnolog\u00eda Agropecuaria (INTA) <\/strong>y el<strong> Instituto Nacional de Tecnolog\u00eda Industrial (INTI) perder\u00e1n jerarqu\u00eda y autonom\u00eda, <\/strong>mientras que el <strong>Instituto Nacional de Agricultura Familiar Campesina e Ind\u00edgena (Inafci)<\/strong> y el <strong>Instituto Nacional de Semillas (Inase) <\/strong>ser\u00e1n disueltos, y el <strong>Instituto Nacional de Vitivinicultura (INV) <\/strong>y el<strong> Instituto Nacional de Propiedad Industrial (INPI) <\/strong>ser\u00e1n \u00abtransformados\u00bb.<\/p>\n\n\n\n<p>La norma tambi\u00e9n deja la puerta abierta a una nueva tanda de miles de despidos en la administraci\u00f3n p\u00fablica, as\u00ed como para la venta de campos y otros inmuebles que son propiedad de dichos organismos.<\/p>\n\n\n\n<div style=\"height:35px\" aria-hidden=\"true\" class=\"wp-block-spacer\"><\/div>\n\n\n<div class=\"wp-block-image\">\n<figure class=\"aligncenter size-full\"><a href=\"https:\/\/enolife.com.ar\/es\/wp-content\/uploads\/2025\/07\/abrazo-inta-castelar-amba-protesta-despidos-cierre-1.jpg\" data-rel=\"penci-gallery-image-content\" ><img loading=\"lazy\" decoding=\"async\" width=\"658\" height=\"367\" src=\"https:\/\/enolife.com.ar\/es\/wp-content\/uploads\/2025\/07\/abrazo-inta-castelar-amba-protesta-despidos-cierre-1.jpg\" alt=\"\" class=\"wp-image-158625\" srcset=\"https:\/\/enolife.com.ar\/es\/wp-content\/uploads\/2025\/07\/abrazo-inta-castelar-amba-protesta-despidos-cierre-1.jpg 658w, https:\/\/enolife.com.ar\/es\/wp-content\/uploads\/2025\/07\/abrazo-inta-castelar-amba-protesta-despidos-cierre-1-300x167.jpg 300w, https:\/\/enolife.com.ar\/es\/wp-content\/uploads\/2025\/07\/abrazo-inta-castelar-amba-protesta-despidos-cierre-1-585x326.jpg 585w\" sizes=\"auto, (max-width: 658px) 100vw, 658px\" \/><\/a><\/figure><\/div>\n\n\n<div style=\"height:28px\" aria-hidden=\"true\" class=\"wp-block-spacer\"><\/div>\n\n\n\n<p>El texto de este decreto interviene no s\u00f3lo en la gobernanza del INTA, que est\u00e1 a punto de cumplir 70 a\u00f1os, sino tambi\u00e9n en el INV, en el Inase, en el Inafci y hasta en la<strong> Agencia Reguladora de la Industria del Cannabis (Ariccame)<\/strong>, entre otros sectores del Estado. Por eso se presume que ser\u00e1 resistido con gran cantidad de recursos ante la justicia por los actores involucrados.<\/p>\n\n\n\n<div style=\"height:30px\" aria-hidden=\"true\" class=\"wp-block-spacer\"><\/div>\n\n\n\n<p class=\"has-medium-font-size\"><strong>El texto del decreto<\/strong><\/p>\n\n\n\n<p><em>\u201cComo bases de la referida delegaci\u00f3n legislativa se establecieron: a) mejorar el funcionamiento del Estado para lograr una gesti\u00f3n p\u00fablica transparente, \u00e1gil, eficiente, eficaz y de calidad en la atenci\u00f3n del bien com\u00fan; b) reducir el sobredimensionamiento de la estructura estatal a fin de disminuir el d\u00e9ficit, transparentar el gasto y equilibrar las cuentas p\u00fablicas y c) asegurar el efectivo control interno de la Administraci\u00f3n P\u00fablica Nacional con el objeto de garantizar la transparencia en la administraci\u00f3n de las finanzas p\u00fablicas\u201d<\/em>, dicen los considerandos del decreto.<\/p>\n\n\n\n<div style=\"height:25px\" aria-hidden=\"true\" class=\"wp-block-spacer\"><\/div>\n\n\n\n<h3 class=\"wp-block-heading has-vivid-red-color has-text-color has-link-color wp-elements-193f6356c0f1d36f25923d8669d94acb\">El Gobierno centralizar\u00e1 el Instituto Nacional de Vitivinicultura en una unidad dependiente de Agricultura y se eliminar\u00e1 el fondo destinado al fomento de la vitivinicultura.<\/h3>\n\n\n\n<div style=\"height:24px\" aria-hidden=\"true\" class=\"wp-block-spacer\"><\/div>\n\n\n\n<p>En otro de sus p\u00e1rrafos se argumenta: <em>\u201cA fin de garantizar una mayor coordinaci\u00f3n en la administraci\u00f3n de los recursos p\u00fablicos y promover una gesti\u00f3n m\u00e1s \u00e1gil y centralizada se inici\u00f3 un proceso de evaluaci\u00f3n de los \u00f3rganos y organismos que integran la Administraci\u00f3n P\u00fablica Nacional a fin de analizar su posible disoluci\u00f3n, fusi\u00f3n y\/o transformaci\u00f3n cuando existan razones justificadas\u201d.<\/em><\/p>\n\n\n\n<p>Citando informes de propia confecci\u00f3n de la cartera de Desregulaci\u00f3n, el decreto afirma que<em> \u201clos organismos desconcentrados y descentralizados contaban con un elevado n\u00famero de unidades organizativas, el que ascend\u00eda a 477 autoridades superiores, lo que dio lugar a una estructura excesivamente onerosa para el Poder Ejecutivo\u201d. Al 2010, en tanto, esos mismos organismos ten\u00edan una dotaci\u00f3n de 35.481 agentes, cifra que creci\u00f3 a 88.095 agentes al a\u00f1o 2024, \u201clo que evidencia un incremento sustancial en su dotaci\u00f3n de personal\u201d.<\/em><\/p>\n\n\n\n<div style=\"height:35px\" aria-hidden=\"true\" class=\"wp-block-spacer\"><\/div>\n\n\n\n<p class=\"has-background has-medium-font-size\" style=\"background-color:#abb7c24d\"><strong>Los cambios en el Instituto Nacional de Vitivinicultura (INV)<\/strong><\/p>\n\n\n\n<p class=\"has-background\" style=\"background-color:#abb7c24d\">El <strong>Instituto Nacional de Vitivinicultura (INV)<\/strong> se transformar\u00eda en una \u201cunidad dependiente\u201d de la Secretar\u00eda de Agricultura. Si bien conservar\u00eda su nombre para mantener su reconocimiento internacional, dejar\u00eda de operar como organismo aut\u00f3nomo<strong>.<\/strong> La decisi\u00f3n se sustenta en un diagn\u00f3stico oficial que describe al INV como una estructura sobredimensionada y alejada de las prioridades actuales, en un contexto de contracci\u00f3n sostenida del sector vitivin\u00edcola.<\/p>\n\n\n\n<div style=\"height:30px\" aria-hidden=\"true\" class=\"wp-block-spacer\"><\/div>\n\n\n\n<figure class=\"wp-block-gallery has-nested-images columns-default is-cropped wp-block-gallery-1 is-layout-flex wp-block-gallery-is-layout-flex\">\n<figure class=\"wp-block-image size-full\"><a href=\"https:\/\/enolife.com.ar\/es\/wp-content\/uploads\/2025\/07\/instituto-nacional-vitivinicultura-inv-519083-1.webp\"><img loading=\"lazy\" decoding=\"async\" width=\"790\" height=\"527\" data-id=\"158628\" src=\"https:\/\/enolife.com.ar\/es\/wp-content\/uploads\/2025\/07\/instituto-nacional-vitivinicultura-inv-519083-1.webp\" alt=\"\" class=\"wp-image-158628\" srcset=\"https:\/\/enolife.com.ar\/es\/wp-content\/uploads\/2025\/07\/instituto-nacional-vitivinicultura-inv-519083-1.webp 790w, https:\/\/enolife.com.ar\/es\/wp-content\/uploads\/2025\/07\/instituto-nacional-vitivinicultura-inv-519083-1-300x200.webp 300w, https:\/\/enolife.com.ar\/es\/wp-content\/uploads\/2025\/07\/instituto-nacional-vitivinicultura-inv-519083-1-768x512.webp 768w, https:\/\/enolife.com.ar\/es\/wp-content\/uploads\/2025\/07\/instituto-nacional-vitivinicultura-inv-519083-1-585x390.webp 585w\" sizes=\"auto, (max-width: 790px) 100vw, 790px\" \/><\/a><\/figure>\n\n\n\n<figure class=\"wp-block-image size-full\"><a href=\"https:\/\/enolife.com.ar\/es\/wp-content\/uploads\/2025\/07\/5178_5321.jpeg\" data-rel=\"penci-gallery-image-content\" ><img loading=\"lazy\" decoding=\"async\" width=\"800\" height=\"600\" data-id=\"158629\" src=\"https:\/\/enolife.com.ar\/es\/wp-content\/uploads\/2025\/07\/5178_5321.jpeg\" alt=\"\" class=\"wp-image-158629\" srcset=\"https:\/\/enolife.com.ar\/es\/wp-content\/uploads\/2025\/07\/5178_5321.jpeg 800w, https:\/\/enolife.com.ar\/es\/wp-content\/uploads\/2025\/07\/5178_5321-300x225.jpeg 300w, https:\/\/enolife.com.ar\/es\/wp-content\/uploads\/2025\/07\/5178_5321-768x576.jpeg 768w, https:\/\/enolife.com.ar\/es\/wp-content\/uploads\/2025\/07\/5178_5321-585x439.jpeg 585w\" sizes=\"auto, (max-width: 800px) 100vw, 800px\" \/><\/a><\/figure>\n<\/figure>\n\n\n\n<div style=\"height:35px\" aria-hidden=\"true\" class=\"wp-block-spacer\"><\/div>\n\n\n\n<p>En orden al parecer alfab\u00e9tico comienza con la Agencia Regulatoria de la Industria de C\u00e1\u00f1amo y el Cannabis medicinal (Ariccame), ahora intervenida. <em>\u201cLa citada Agencia est\u00e1 a cargo de un Directorio conformado por 5 miembros, un Consejo Federal de 25 integrantes y un Consejo Consultivo de 20 representantes, lo que configura una sobredimensi\u00f3n jer\u00e1rquica y funcional con fuerte impronta pol\u00edtica, territorial y presupuestaria que no se condice con la eficiencia\u201d<\/em>.<\/p>\n\n\n\n<p>En el caso del Inafci, el Instituto de Agricultura familiar, Campesina e Ind\u00edgena, tambi\u00e9n se disuelve. Tambi\u00e9n se disolver\u00edan el Inase y la Conase, ambos organismos dependientes de Agricultura y que cuentan con participaci\u00f3n del sector privado. <\/p>\n\n\n\n<p>En el caso de la vitivinicultura, el proyecto de decreto propone <em>\u201cDisp\u00f3nese la transformaci\u00f3n del Instituto Nacional de Vitivinicultura (INV) en una unidad organizativa dependiente de la citada Secretar\u00eda\u201d.<\/em><\/p>\n\n\n\n<p>Lo mismo, pero dependiendo de la Secretar\u00eda de Industria y Comercio, propicia Sturzenegger para el Instituto Nacional de Tecnolog\u00eda Industrial (INTI). A rengl\u00f3n seguido, el mismo camino seguir\u00e1 el IMPI, dedicado a la defensa de la propiedad intelectual y las patentes.<\/p>\n\n\n\n<div style=\"height:35px\" aria-hidden=\"true\" class=\"wp-block-spacer\"><\/div>\n\n\n<div class=\"wp-block-image\">\n<figure class=\"aligncenter size-full is-resized\"><a href=\"https:\/\/enolife.com.ar\/es\/wp-content\/uploads\/2025\/07\/951351-8-b.jpg\" data-rel=\"penci-gallery-image-content\" ><img loading=\"lazy\" decoding=\"async\" width=\"700\" height=\"467\" src=\"https:\/\/enolife.com.ar\/es\/wp-content\/uploads\/2025\/07\/951351-8-b.jpg\" alt=\"\" class=\"wp-image-158623\" style=\"width:622px;height:auto\" srcset=\"https:\/\/enolife.com.ar\/es\/wp-content\/uploads\/2025\/07\/951351-8-b.jpg 700w, https:\/\/enolife.com.ar\/es\/wp-content\/uploads\/2025\/07\/951351-8-b-300x200.jpg 300w, https:\/\/enolife.com.ar\/es\/wp-content\/uploads\/2025\/07\/951351-8-b-585x390.jpg 585w\" sizes=\"auto, (max-width: 700px) 100vw, 700px\" \/><\/a><\/figure><\/div>\n\n\n<div style=\"height:35px\" aria-hidden=\"true\" class=\"wp-block-spacer\"><\/div>\n\n\n\n<p>El art\u00edculo 59 del decreto explicita: <em>\u201cDisp\u00f3nese la transformaci\u00f3n del INTA, organismo descentralizado actuante en la \u00f3rbita del Ministerio de Econom\u00eda, en un organismo desconcentrado dependiente de la Secretar\u00eda de Agricultura\u201d<\/em>.<\/p>\n\n\n\n<p>Para confirmar la hip\u00f3tesis de que estas decisiones podr\u00edan venir acompa\u00f1adas por la subasta de muchos inmuebles, en el caso del INTA se habl\u00f3 de hasta 70 mil hect\u00e1reas de campos, el decreto dispondr\u00eda que <em>\u201clos titulares de los organismos transformados conforme el presente T\u00edtulo deber\u00e1n remitir a la<br>Agencia de Administraci\u00f3n de Bienes del Estado (AABE), un listado completo y actualizado de la flota automotor, a\u00e9rea, naval, as\u00ed como de la maquinaria agr\u00edcola, industrial y vial asignada a dichos organismos\u201d, adem\u00e1s de \u201cla informaci\u00f3n actualizada de bienes inmuebles asignados a dichos organismos\u201d.<\/em><\/p>\n\n\n\n<div style=\"height:35px\" aria-hidden=\"true\" class=\"wp-block-spacer\"><\/div>\n\n\n<div class=\"wp-block-image\">\n<figure class=\"aligncenter size-full is-resized\"><a href=\"https:\/\/enolife.com.ar\/es\/wp-content\/uploads\/2025\/07\/image-16.png\" data-rel=\"penci-gallery-image-content\" ><img loading=\"lazy\" decoding=\"async\" width=\"1000\" height=\"562\" src=\"https:\/\/enolife.com.ar\/es\/wp-content\/uploads\/2025\/07\/image-16.png\" alt=\"\" class=\"wp-image-158635\" style=\"width:510px;height:auto\" srcset=\"https:\/\/enolife.com.ar\/es\/wp-content\/uploads\/2025\/07\/image-16.png 1000w, https:\/\/enolife.com.ar\/es\/wp-content\/uploads\/2025\/07\/image-16-300x169.png 300w, https:\/\/enolife.com.ar\/es\/wp-content\/uploads\/2025\/07\/image-16-768x432.png 768w, https:\/\/enolife.com.ar\/es\/wp-content\/uploads\/2025\/07\/image-16-585x329.png 585w\" sizes=\"auto, (max-width: 1000px) 100vw, 1000px\" \/><\/a><\/figure><\/div>\n\n\n<div style=\"height:35px\" aria-hidden=\"true\" class=\"wp-block-spacer\"><\/div>\n\n\n\n<p><em>\u201cDisp\u00f3nese que los bienes inmuebles y veh\u00edculos identificados como sin uso o innecesarios, conforme al relevamiento previsto en el art\u00edculo anterior, ser\u00e1n transferidos a la AABE\u201d,<\/em> se establece en el siguiente art\u00edculo.<\/p>\n\n\n\n<p>Para terminar, el decreto propiciar\u00eda realizar <em>\u201cuna propuesta de adecuaci\u00f3n de la estructura organizativa de la Secretar\u00eda de Industria y de la de Agricultura, que incluya la incorporaci\u00f3n de los organismos transformados\u201d.<\/em><\/p>\n\n\n\n<div style=\"height:34px\" aria-hidden=\"true\" class=\"wp-block-spacer\"><\/div>\n\n\n\n<p class=\"has-small-font-size\"><em><strong>Fuentes: Bichos de Campo, Clar\u00edn, La Naci\u00f3n y propias.<\/strong><\/em><\/p>\n\n\n\n<div style=\"height:43px\" aria-hidden=\"true\" class=\"wp-block-spacer\"><\/div>\n","protected":false},"excerpt":{"rendered":"<p>El pasado 3\/7\/25 varios medios de prensa argentinos accedieron a un borrador y divulgaron el&hellip;<\/p>\n","protected":false},"author":2,"featured_media":158622,"comment_status":"open","ping_status":"open","sticky":false,"template":"","format":"standard","meta":{"footnotes":""},"categories":[14],"tags":[],"class_list":["post-158457","post","type-post","status-publish","format-standard","has-post-thumbnail","hentry","category-news"],"_links":{"self":[{"href":"https:\/\/enolife.com.ar\/es\/wp-json\/wp\/v2\/posts\/158457","targetHints":{"allow":["GET"]}}],"collection":[{"href":"https:\/\/enolife.com.ar\/es\/wp-json\/wp\/v2\/posts"}],"about":[{"href":"https:\/\/enolife.com.ar\/es\/wp-json\/wp\/v2\/types\/post"}],"author":[{"embeddable":true,"href":"https:\/\/enolife.com.ar\/es\/wp-json\/wp\/v2\/users\/2"}],"replies":[{"embeddable":true,"href":"https:\/\/enolife.com.ar\/es\/wp-json\/wp\/v2\/comments?post=158457"}],"version-history":[{"count":0,"href":"https:\/\/enolife.com.ar\/es\/wp-json\/wp\/v2\/posts\/158457\/revisions"}],"wp:featuredmedia":[{"embeddable":true,"href":"https:\/\/enolife.com.ar\/es\/wp-json\/wp\/v2\/media\/158622"}],"wp:attachment":[{"href":"https:\/\/enolife.com.ar\/es\/wp-json\/wp\/v2\/media?parent=158457"}],"wp:term":[{"taxonomy":"category","embeddable":true,"href":"https:\/\/enolife.com.ar\/es\/wp-json\/wp\/v2\/categories?post=158457"},{"taxonomy":"post_tag","embeddable":true,"href":"https:\/\/enolife.com.ar\/es\/wp-json\/wp\/v2\/tags?post=158457"}],"curies":[{"name":"wp","href":"https:\/\/api.w.org\/{rel}","templated":true}]}}