{"id":158373,"date":"2025-07-04T15:31:28","date_gmt":"2025-07-04T15:31:28","guid":{"rendered":"https:\/\/enolife.com.ar\/es\/?p=158373"},"modified":"2025-07-06T15:58:36","modified_gmt":"2025-07-06T15:58:36","slug":"el-mercosur-cerro-un-tratado-de-libre-comercio-con-el-bloque-liechtenstein-noruega-islandia-y-suiza","status":"publish","type":"post","link":"https:\/\/enolife.com.ar\/es\/el-mercosur-cerro-un-tratado-de-libre-comercio-con-el-bloque-liechtenstein-noruega-islandia-y-suiza\/","title":{"rendered":"El Mercosur cerr\u00f3 un tratado de libre comercio con el bloque Liechtenstein, Noruega, Islandia y Suiza"},"content":{"rendered":"\n<h4 class=\"wp-block-heading\"><em><strong>El canciller argentino,\u00a0Gerardo Werthein, anunci\u00f3 que los Estados partes del\u00a0Mercosur\u00a0(Argentina, Brasil Paraguay y Uruguay) acordaron\u00a0un tratado de libre comercio con\u00a0la Asociaci\u00f3n Europea de Libre Comercio (EFTA, por sus siglas en ingl\u00e9s), el bloque comercial conformado por Islandia, el Principado de Liechtenstein, el Reino de Noruega y la Confederaci\u00f3n Suiza. De este modo, se crea un \u00e1rea de libre comercio de casi 300 millones de personas con un Producto Bruto Interno (PBI) combinado de m\u00e1s de U$S 4,3 trillones (4.300.000.000.000 de d\u00f3lares).<\/strong><\/em><\/h4>\n\n\n\n<div style=\"height:45px\" aria-hidden=\"true\" class=\"wp-block-spacer\"><\/div>\n\n\n<a href=\"https:\/\/instagram.com\/labelsolutions?igshid=YmMyMTA2M2Y=\" aria-label=\"Banner Palero 1700&#215;500\"><img loading=\"lazy\" decoding=\"async\" src=\"https:\/\/enolife.com.ar\/es\/wp-content\/uploads\/2021\/09\/Banner-Palero-1700x500-1.gif\" alt=\"\"  width=\"1700\" height=\"500\"   \/><\/a>\n\n\n<div style=\"height:45px\" aria-hidden=\"true\" class=\"wp-block-spacer\"><\/div>\n\n\n\n<p><strong>Gerardo Werthein <\/strong>-el ministro de Relaciones Exteriores de <strong>Argentina<\/strong>&#8211; divulg\u00f3 la noticia y ley\u00f3 el documento respectivo del nuevo tratado<strong> Mercosur-EFTA\u00a0<\/strong>tras una reuni\u00f3n en el Palacio San Mart\u00edn de la <strong>Ciudad de Buenos Aires<\/strong>, donde se desarrollaron las reuniones de la cumbre del Mercosur, que concluy\u00f3 el 3\/7\/25. El canciller estuvo acompa\u00f1ado por el vicepresidente de la<strong> Confederaci\u00f3n Suiza, <\/strong>titular del Departamento Federal de Econom\u00eda, Formaci\u00f3n e Investigaci\u00f3n de ese pa\u00eds<strong>,\u00a0<\/strong>y por el consejero federal\u00a0suizo <strong>Guy Parmelin<\/strong>, quien se refiri\u00f3 al tratado como <em>\u00abun acuerdo importante para todos\u00bb<\/em> y\u00a0calific\u00f3 al Mercosur como <em>\u00abun mercado din\u00e1mico y en crecimiento\u00bb.<\/em><\/p>\n\n\n\n<p><em>\u00abAmbos lados se beneficiar\u00e1n de mejoras de acceso a los mercados para m\u00e1s del 97% de sus exportaciones, lo que se traducir\u00e1 en un incremento del comercio bilateral y ventajas para empresas e individuos\u00bb<\/em>, sostuvieron los firmantes en un comunicado.&nbsp;<\/p>\n\n\n\n<p>En representaci\u00f3n de la regi\u00f3n, participaron de la conferencia, adem\u00e1s del canciller argentino, los ministros de Relaciones Exteriores,&nbsp;<strong>Mauro Viera&nbsp;(Brasil)<\/strong>,&nbsp;<strong>Rub\u00e9n Ramiro Lezcano<\/strong>&nbsp;<strong>(Paraguay)<\/strong> y&nbsp;<strong>Mario Lubetkin&nbsp;(Uruguay)<\/strong>. Adem\u00e1s, en nombre de EFTA, estuvieron&nbsp;la secretaria de Estado de Asuntos Econ\u00f3micos de Suiza,&nbsp;<strong>Helene&nbsp;Budliger Artieda<\/strong>; el director de Comercio Externo y Asuntos Econ\u00f3micos del Ministerio de Relaciones Exteriores de Islandia,&nbsp;<strong>Ragnar Kristj\u00e1nsson<\/strong>; el embajador de la Confederaci\u00f3n Suiza en Argentina,&nbsp;<strong>Hans-Ruedi Bortis&nbsp;<\/strong>por Liechtenstein; y el viceministro de Comercio e Industria del Reino de Noruega,&nbsp;<strong>Vegard Groslie Wennesland<\/strong>.&nbsp;<\/p>\n\n\n\n<div style=\"height:35px\" aria-hidden=\"true\" class=\"wp-block-spacer\"><\/div>\n\n\n\n<p class=\"has-medium-font-size\"><strong>Los detalles sobre el acuerdo Mercosur-EFTA<\/strong><\/p>\n\n\n\n<p>De acuerdo a la informaci\u00f3n que difundieron los funcionarios, el tratado de libre comercio Mercosur-EFTA <em>\u00abcrear\u00e1 un&nbsp;\u00e1rea de libre comercio de casi 300 millones de personas&nbsp;con un PBI combinado de m\u00e1s de US$ 4,3 trillones\u00bb.&nbsp;<\/em><\/p>\n\n\n\n<div style=\"height:29px\" aria-hidden=\"true\" class=\"wp-block-spacer\"><\/div>\n\n\n\n<h4 class=\"wp-block-heading has-cyan-bluish-gray-background-color has-background\">El tratado incluye, seg\u00fan consigna el comunicado, comercio de bienes, servicios, inversiones, derechos de propiedad intelectual, compras p\u00fablicas, competencia, reglas de origen, defensa comercial, medidas sanitarias y fitosanitarias, obst\u00e1culos t\u00e9cnicos al comercio, asuntos legales y horizontales, incluyendo soluci\u00f3n de controversias, y un cap\u00edtulo de comercio y desarrollo sostenible con su correspondiente entendimiento.<\/h4>\n\n\n\n<div style=\"height:30px\" aria-hidden=\"true\" class=\"wp-block-spacer\"><\/div>\n\n\n<div class=\"wp-block-image\">\n<figure class=\"aligncenter size-full is-resized\"><a href=\"https:\/\/enolife.com.ar\/es\/wp-content\/uploads\/2025\/07\/acuerdo-entre-el-mercosur-islandia-liechtenstein-noruega-y-suiza-20250702-2054031.jpg\" data-rel=\"penci-gallery-image-content\" ><img loading=\"lazy\" decoding=\"async\" width=\"912\" height=\"513\" src=\"https:\/\/enolife.com.ar\/es\/wp-content\/uploads\/2025\/07\/acuerdo-entre-el-mercosur-islandia-liechtenstein-noruega-y-suiza-20250702-2054031.jpg\" alt=\"\" class=\"wp-image-158383\" style=\"width:636px;height:auto\" srcset=\"https:\/\/enolife.com.ar\/es\/wp-content\/uploads\/2025\/07\/acuerdo-entre-el-mercosur-islandia-liechtenstein-noruega-y-suiza-20250702-2054031.jpg 912w, https:\/\/enolife.com.ar\/es\/wp-content\/uploads\/2025\/07\/acuerdo-entre-el-mercosur-islandia-liechtenstein-noruega-y-suiza-20250702-2054031-300x169.jpg 300w, https:\/\/enolife.com.ar\/es\/wp-content\/uploads\/2025\/07\/acuerdo-entre-el-mercosur-islandia-liechtenstein-noruega-y-suiza-20250702-2054031-768x432.jpg 768w, https:\/\/enolife.com.ar\/es\/wp-content\/uploads\/2025\/07\/acuerdo-entre-el-mercosur-islandia-liechtenstein-noruega-y-suiza-20250702-2054031-585x329.jpg 585w\" sizes=\"auto, (max-width: 912px) 100vw, 912px\" \/><\/a><\/figure><\/div>\n\n\n<div style=\"height:35px\" aria-hidden=\"true\" class=\"wp-block-spacer\"><\/div>\n\n\n\n<p>A partir de ahora, el tratado deber\u00e1 ser ratificado de acuerdo a las legislaciones locales. <em>\u00abCada pa\u00eds tiene su proceso independiente. El pr\u00f3ximo paso es, efectivamente, la firma. Queremos firmar cuanto antes. En el caso de Suiza se debe ratificar en dos sesiones parlamentarias y luego hay un refer\u00e9ndum voluntario. Es dif\u00edcil decir una fecha,&nbsp;pero este acuerdo es una total prioridad&nbsp; para los pa\u00edses EFTA\u00bb<\/em>, sostuvo<strong>&nbsp;Budliger Artieda.<\/strong><\/p>\n\n\n\n<p><em>\u00abQueremos acelerar al m\u00e1ximo el acuerdo. Depende de cuestiones burocr\u00e1ticas como las traducciones, pero ser\u00e1 una prioridad\u00bb<\/em>, agreg\u00f3 <strong>Viera<\/strong>. Su pa\u00eds, Brasil, ser\u00e1 el pr\u00f3ximo en asumir la presidencia pro tempore del Mercosur a fines de 2025.&nbsp;<\/p>\n\n\n\n<p>Los firmantes insistieron en que el tratado ser\u00e1 un <em>\u00abbeneficio\u00bb<\/em> para todas las partes a pesar de las diferencias pol\u00edticas y econ\u00f3micas entre las regiones. Budliger Artieda respondi\u00f3 una consulta acerca de c\u00f3mo jugar\u00e1n con las mismas reglas las industrias farmac\u00e9uticas, que en los pa\u00edses del Mercosur tiene un particular desarrollo de medicamentos gen\u00e9ricos. <em>\u00abLos estados EFTA, Suiza incluida, reconocen el derecho humano del acceso a la salud p\u00fablica. Respetamos esto en el tratado.\u00a0La realidad del Mercosur es diferente a la nuestra y de ninguna forma queremos tomar ventaja\u00bb<\/em>, sostuvo.\u00a0\u00a0\u00a0<\/p>\n\n\n\n<p>Todas las partes involucradas en el tratado se comprometieron a que el acuerdo terminar\u00e1 de cerrarse en los pr\u00f3ximos meses de 2025.&nbsp;<\/p>\n\n\n\n<div style=\"height:30px\" aria-hidden=\"true\" class=\"wp-block-spacer\"><\/div>\n\n\n\n<p class=\"has-small-font-size\"><strong><em>Fuente: Perfil<\/em><\/strong><\/p>\n\n\n\n<div style=\"height:30px\" aria-hidden=\"true\" class=\"wp-block-spacer\"><\/div>\n","protected":false},"excerpt":{"rendered":"<p>El canciller argentino,\u00a0Gerardo Werthein, anunci\u00f3 que los Estados partes del\u00a0Mercosur\u00a0(Argentina, Brasil Paraguay y Uruguay) acordaron\u00a0un&hellip;<\/p>\n","protected":false},"author":2,"featured_media":158382,"comment_status":"open","ping_status":"open","sticky":false,"template":"","format":"standard","meta":{"footnotes":""},"categories":[56,9],"tags":[],"class_list":["post-158373","post","type-post","status-publish","format-standard","has-post-thumbnail","hentry","category-destacado","category-negocios"],"_links":{"self":[{"href":"https:\/\/enolife.com.ar\/es\/wp-json\/wp\/v2\/posts\/158373","targetHints":{"allow":["GET"]}}],"collection":[{"href":"https:\/\/enolife.com.ar\/es\/wp-json\/wp\/v2\/posts"}],"about":[{"href":"https:\/\/enolife.com.ar\/es\/wp-json\/wp\/v2\/types\/post"}],"author":[{"embeddable":true,"href":"https:\/\/enolife.com.ar\/es\/wp-json\/wp\/v2\/users\/2"}],"replies":[{"embeddable":true,"href":"https:\/\/enolife.com.ar\/es\/wp-json\/wp\/v2\/comments?post=158373"}],"version-history":[{"count":0,"href":"https:\/\/enolife.com.ar\/es\/wp-json\/wp\/v2\/posts\/158373\/revisions"}],"wp:featuredmedia":[{"embeddable":true,"href":"https:\/\/enolife.com.ar\/es\/wp-json\/wp\/v2\/media\/158382"}],"wp:attachment":[{"href":"https:\/\/enolife.com.ar\/es\/wp-json\/wp\/v2\/media?parent=158373"}],"wp:term":[{"taxonomy":"category","embeddable":true,"href":"https:\/\/enolife.com.ar\/es\/wp-json\/wp\/v2\/categories?post=158373"},{"taxonomy":"post_tag","embeddable":true,"href":"https:\/\/enolife.com.ar\/es\/wp-json\/wp\/v2\/tags?post=158373"}],"curies":[{"name":"wp","href":"https:\/\/api.w.org\/{rel}","templated":true}]}}