{"id":158346,"date":"2025-07-03T16:10:19","date_gmt":"2025-07-03T16:10:19","guid":{"rendered":"https:\/\/enolife.com.ar\/es\/?p=158346"},"modified":"2025-07-05T17:13:07","modified_gmt":"2025-07-05T17:13:07","slug":"planean-un-vinedo-bodega-y-resto-en-el-centro-de-montana-sin-nieve-los-penitentes-a-2-581-msnm","status":"publish","type":"post","link":"https:\/\/enolife.com.ar\/es\/planean-un-vinedo-bodega-y-resto-en-el-centro-de-montana-sin-nieve-los-penitentes-a-2-581-msnm\/","title":{"rendered":"Planean un vi\u00f1edo, bodega y rest\u00f3 en el centro de monta\u00f1a sin nieve Los Penitentes, a 2.581 msnm"},"content":{"rendered":"\n<h4 class=\"wp-block-heading\"><em><strong>Pablo Garc\u00eda, el CEO del grupo tur\u00edstico y de aventura Mapsa, anunci\u00f3 que a mediano plazo construir\u00e1n un centro vitivin\u00edcola educativo, con bodega experimental y un restaurante tem\u00e1tico al sur de la ruta internacional 7, en un predio de 10 hect\u00e1reas justo enfrente del Centro Los Penitentes, en la alta monta\u00f1a de la provincia de Mendoza y a pocos kil\u00f3metros de la frontera con Chile. <\/strong><\/em><\/h4>\n\n\n\n<hr class=\"wp-block-separator has-alpha-channel-opacity\"\/>\n\n\n\n<h4 class=\"wp-block-heading\"><em><strong>Este complejo hotelero, inaugurado en 1979 y abandonado durante d\u00e9cadas por falta de nieve en esa zona, en parte por efectos del cambio clim\u00e1tico, fue adjudicado por 20 a\u00f1os en concesi\u00f3n, hoy 3\/7\/25 y tras la correspondiente licitaci\u00f3n, a Mapsa, empresa de larga trayectoria en la provincia, que aclar\u00f3 que su proyecto es \u00absin nieve\u00bb, es decir enfocado en actividades recreativas, hoteleras, gastron\u00f3micas y de aventura, pero sin foco ni inversiones en pistas de esqu\u00ed.<\/strong><\/em><\/h4>\n\n\n\n<div style=\"height:36px\" aria-hidden=\"true\" class=\"wp-block-spacer\"><\/div>\n\n\n<a href=\"https:\/\/www.instagram.com\/chirca.arg\/\" aria-label=\"Banner Chirca Enolife 1700 x 500\"><img loading=\"lazy\" decoding=\"async\" src=\"https:\/\/enolife.com.ar\/es\/wp-content\/uploads\/2025\/03\/Banner-Chirca-Enolife-1700-x-500-1.gif\" alt=\"\"  width=\"568\" height=\"168\"   \/><\/a>\n\n\n<div style=\"height:58px\" aria-hidden=\"true\" class=\"wp-block-spacer\"><\/div>\n\n\n\n<p><em>Por <strong>Pedro Straniero<\/strong>, editor de <strong>Enolife<\/strong><\/em><\/p>\n\n\n\n<div style=\"height:38px\" aria-hidden=\"true\" class=\"wp-block-spacer\"><\/div>\n\n\n\n<p>Si bien a\u00fan se encuentra en estado de proyecto y no hay ninguna obra iniciada, la implantaci\u00f3n de un <strong>vi\u00f1edo con bodega educativa y complejo gastron\u00f3mico asociados en el Centro de Monta\u00f1a Los Penitentes<\/strong>, result\u00f3 una noticia impactante en el medio mendocino, sobre todo teniendo en cuenta que se emplazar\u00eda en plena alta monta\u00f1a mendocina, a casi<strong> 2.600 metros de altura<\/strong>, muy cerca del<strong> Parque Aconcagua<\/strong> y a pocos kil\u00f3metros del <strong>t\u00fanel internacional que une a Argentina con Chile. <\/strong><\/p>\n\n\n\n<p>Y es una buena noticia, porque en los <strong>140 km de distancia por ruta<\/strong> desde la localidad de <strong>Potrerillos <\/strong>hasta <strong>Las Cuevas<\/strong> y el l\u00edmite internacional, no hay una sola vi\u00f1a ni desarrollo agr\u00edcola ni establecimiento vitivin\u00edcola que muestre a los cientos de miles de transe\u00fantes que cada a\u00f1o pasan por la ruta 7 la riqueza del vino y la industria madre de Mendoza. Estamos hablando del <strong>corredor bioce\u00e1nico entre el Atl\u00e1ntico y el Pac\u00edfico<\/strong>, que merece muchas obras de envergadura como la proyectada en beneficio del turismo en la regi\u00f3n.<\/p>\n\n\n\n<div style=\"height:34px\" aria-hidden=\"true\" class=\"wp-block-spacer\"><\/div>\n\n\n\n<p class=\"has-medium-font-size\"><strong>Diversi\u00f3n, hoteler\u00eda y servicios pero sin nieve<\/strong><\/p>\n\n\n\n<p>El anuncio de la concesi\u00f3n para la <strong>explotaci\u00f3n por 20 a\u00f1os<\/strong> del complejo hotelero Los Penitentes fue realizado en el d\u00eda de <strong>hoy 3\/7\/25<\/strong> por el <strong>Gobierno de Mendoza<\/strong> y publicado en el Bolet\u00edn Oficial de la provincia, junto con una breve descripci\u00f3n del proyecto presentado por la firma <strong>Mapsa Group SA<\/strong>. <\/p>\n\n\n\n<div style=\"height:36px\" aria-hidden=\"true\" class=\"wp-block-spacer\"><\/div>\n\n\n<div class=\"wp-block-image\">\n<figure class=\"aligncenter size-full is-resized\"><a href=\"https:\/\/enolife.com.ar\/es\/wp-content\/uploads\/2025\/07\/Centro-de-Montana-Penitentes-1.jpg\" data-rel=\"penci-gallery-image-content\" ><img loading=\"lazy\" decoding=\"async\" width=\"610\" height=\"297\" src=\"https:\/\/enolife.com.ar\/es\/wp-content\/uploads\/2025\/07\/Centro-de-Montana-Penitentes-1.jpg\" alt=\"\" class=\"wp-image-158410\" style=\"width:688px;height:auto\" srcset=\"https:\/\/enolife.com.ar\/es\/wp-content\/uploads\/2025\/07\/Centro-de-Montana-Penitentes-1.jpg 610w, https:\/\/enolife.com.ar\/es\/wp-content\/uploads\/2025\/07\/Centro-de-Montana-Penitentes-1-300x146.jpg 300w, https:\/\/enolife.com.ar\/es\/wp-content\/uploads\/2025\/07\/Centro-de-Montana-Penitentes-1-585x285.jpg 585w\" sizes=\"auto, (max-width: 610px) 100vw, 610px\" \/><\/a><figcaption class=\"wp-element-caption\"><em><strong>El Centro de Monta\u00f1a Los Penitentes en verano, con sus varios edificios y un restaurante casi abandonado, que ser\u00e1 remodelado y puesto en funcionamiento permanente.<\/strong><\/em><\/figcaption><\/figure><\/div>\n\n\n<div style=\"height:31px\" aria-hidden=\"true\" class=\"wp-block-spacer\"><\/div>\n\n\n\n<p>Este nuevo paso en este plan de larga data se produce tras un per\u00edodo de varios a\u00f1os en que Mapsa -grupo tur\u00edstico y de aventura liderado por el empresario<strong> Pablo Garc\u00eda<\/strong>&#8211; manej\u00f3 el complejo gracias a una <strong>\u00abconcesi\u00f3n provisoria\u00bb<\/strong>. En ese tiempo, la compa\u00f1\u00eda mejor\u00f3 los servicios del lugar, descuidado durante d\u00e9cadas, habilit\u00f3 algunas de las m\u00e1s de 1.000 camas disponibles para alojamiento e incluso mont\u00f3 una pista de patinaje sobre hielo, que funcion\u00f3 bastante bien para el turismo local e internacional.<\/p>\n\n\n\n<p>Consultado por el periodista <strong>Ricardo Montacuto<\/strong>, de <strong>Radio Nihuil<\/strong>, Garc\u00eda sorprendi\u00f3 al aclarar que el proyecto que present\u00f3 su empresa es <strong>\u00absin nieve\u00bb<\/strong>, ya que no pueden contar con nevadas constantes en la zona, como s\u00ed ocurr\u00eda hace 30 o 40 a\u00f1os, lo que har\u00eda poco rentable o impracticable la explotaci\u00f3n de las canchas de esqu\u00ed trazadas en las faldas de los cerros aleda\u00f1os, con medios de elevaci\u00f3n incluidos, desde la inauguraci\u00f3n hace <strong>\u00a146 a\u00f1os!<\/strong> Si bien Garc\u00eda no lo especific\u00f3, se entiende que la falta de nieve invernal en ese paraje se debe a los efectos del cambio clim\u00e1tico, lo que ha cambiado ostensiblemente la meteorolog\u00eda en este sector de la monta\u00f1a mendocina.<\/p>\n\n\n\n<p>En cambio, el empresario tur\u00edstico adelant\u00f3 que tienen planeado recuperar en primer lugar la hoteler\u00eda, que en los varios edificios del complejo suma unas <strong>1.950 camas en departamentos de 2, 3 y 4 ambientes, <\/strong>lo que constituye un verdadero potencial desaprovechado, ya que s\u00f3lo algunos departamentos, adquiridos por particulares, est\u00e1n disponibles en alquiler. <\/p>\n\n\n\n<p>A la par de esta obra de recuperaci\u00f3n, se proyecta construir <strong>ba\u00f1os p\u00fablicos, centros de interpretaci\u00f3n, restaurantes, instalaciones para deporte aventura, patinaje sobre hielo y traves\u00eda con raquetas de nieve, entre otros servicios y atracciones.<\/strong> Y a mediano plazo -tampoco se detall\u00f3 cu\u00e1ndo exactamente- la implantaci\u00f3n de un vi\u00f1edo y la construccion de un centro interpretativo de la vitivinicultura mendocina, con bodega experimental incluida, a la vera de la <strong>ruta internacional 7.<\/strong> <\/p>\n\n\n\n<div style=\"height:42px\" aria-hidden=\"true\" class=\"wp-block-spacer\"><\/div>\n\n\n<div class=\"wp-block-image\">\n<figure class=\"aligncenter size-large is-resized\"><a href=\"https:\/\/enolife.com.ar\/es\/wp-content\/uploads\/2025\/07\/Centro-de-Montana-Penitentes-2.jpeg\" data-rel=\"penci-gallery-image-content\" ><img loading=\"lazy\" decoding=\"async\" width=\"1024\" height=\"576\" src=\"https:\/\/enolife.com.ar\/es\/wp-content\/uploads\/2025\/07\/Centro-de-Montana-Penitentes-2-1024x576.jpeg\" alt=\"\" class=\"wp-image-158413\" style=\"width:689px;height:auto\" srcset=\"https:\/\/enolife.com.ar\/es\/wp-content\/uploads\/2025\/07\/Centro-de-Montana-Penitentes-2-1024x576.jpeg 1024w, https:\/\/enolife.com.ar\/es\/wp-content\/uploads\/2025\/07\/Centro-de-Montana-Penitentes-2-300x169.jpeg 300w, https:\/\/enolife.com.ar\/es\/wp-content\/uploads\/2025\/07\/Centro-de-Montana-Penitentes-2-768x432.jpeg 768w, https:\/\/enolife.com.ar\/es\/wp-content\/uploads\/2025\/07\/Centro-de-Montana-Penitentes-2-1170x658.jpeg 1170w, https:\/\/enolife.com.ar\/es\/wp-content\/uploads\/2025\/07\/Centro-de-Montana-Penitentes-2-585x329.jpeg 585w, https:\/\/enolife.com.ar\/es\/wp-content\/uploads\/2025\/07\/Centro-de-Montana-Penitentes-2.jpeg 1280w\" sizes=\"auto, (max-width: 1024px) 100vw, 1024px\" \/><\/a><figcaption class=\"wp-element-caption\"><em><strong>Junto al Centro, hay un predio de 10 hect\u00e1reas donde proyectan implantar una vi\u00f1a con bodega y restaurante<\/strong><\/em><strong><em>.<\/em><\/strong><\/figcaption><\/figure><\/div>\n\n\n<div style=\"height:48px\" aria-hidden=\"true\" class=\"wp-block-spacer\"><\/div>\n\n\n\n<p>Esta iniciativa de la vi\u00f1a constituir\u00eda una fuerte apuesta y requerir\u00eda una considerable inversi\u00f3n, ya que se necesitar\u00edan protecciones y sistemas de calentamiento del aire y el suelo para que las vides sobrevivan, no tanto por la altura inusual sino por las baj\u00edsimas temperaturas invernales, que pueden llegar a 20 grados bajo cero en situaciones de tormenta. <\/p>\n\n\n\n<div style=\"height:26px\" aria-hidden=\"true\" class=\"wp-block-spacer\"><\/div>\n\n\n\n<p class=\"has-medium-font-size\"><strong>Los detalles de la concesi\u00f3n para explotaci\u00f3n<\/strong><\/p>\n\n\n\n<p>A continuaci\u00f3n, transcribimos textualmente el anuncio del Gobierno de Mendoza sobre este importante proyecto hotelero y de servicios:<\/p>\n\n\n\n<p><em>\u00abEl Gobierno de Mendoza recibi\u00f3 tres propuestas para Los Penitentes, como parte del proceso de licitaci\u00f3n p\u00fablica nacional para la concesi\u00f3n del derecho de uso y explotaci\u00f3n del predio del Centro de Monta\u00f1a Villa Los Penitentes.<\/em><\/p>\n\n\n\n<p><em>\u00abPara llevar adelante este proceso se conform\u00f3 una Comisi\u00f3n de Preadjudicaci\u00f3n, compuesta por t\u00e9cnicos de los ministerios de Gobierno, Infraestructura y Desarrollo Territorial; Ambiente y Energ\u00eda y Hacienda y el Ente Mendoza Turismo, que analiz\u00f3 cada una de las ofertas, teniendo en cuenta las condiciones del pliego correspondiente.<\/em><\/p>\n\n\n\n<p><em>\u00abEl documento de condiciones particulares, generales y t\u00e9cnicas que rigen la contrataci\u00f3n es fruto de un proceso participativo, en el que cualquier interesado tuvo la oportunidad de sugerir mejoras y realizar consultas, habi\u00e9ndose publicado por veinte d\u00edas en noviembre pasado, previo a su publicaci\u00f3n definitiva, en marzo de este a\u00f1o.<\/em><\/p>\n\n\n\n<div style=\"height:29px\" aria-hidden=\"true\" class=\"wp-block-spacer\"><\/div>\n\n\n<div class=\"wp-block-image\">\n<figure class=\"aligncenter size-large is-resized\"><a href=\"https:\/\/enolife.com.ar\/es\/wp-content\/uploads\/2025\/07\/Centro-de-Montana-Penitentes-3-scaled.jpg\" data-rel=\"penci-gallery-image-content\" ><img loading=\"lazy\" decoding=\"async\" width=\"1024\" height=\"435\" src=\"https:\/\/enolife.com.ar\/es\/wp-content\/uploads\/2025\/07\/Centro-de-Montana-Penitentes-3-1024x435.jpg\" alt=\"\" class=\"wp-image-158417\" style=\"width:698px;height:auto\" srcset=\"https:\/\/enolife.com.ar\/es\/wp-content\/uploads\/2025\/07\/Centro-de-Montana-Penitentes-3-1024x435.jpg 1024w, https:\/\/enolife.com.ar\/es\/wp-content\/uploads\/2025\/07\/Centro-de-Montana-Penitentes-3-300x128.jpg 300w, https:\/\/enolife.com.ar\/es\/wp-content\/uploads\/2025\/07\/Centro-de-Montana-Penitentes-3-768x326.jpg 768w, https:\/\/enolife.com.ar\/es\/wp-content\/uploads\/2025\/07\/Centro-de-Montana-Penitentes-3-1536x653.jpg 1536w, https:\/\/enolife.com.ar\/es\/wp-content\/uploads\/2025\/07\/Centro-de-Montana-Penitentes-3-2048x870.jpg 2048w, https:\/\/enolife.com.ar\/es\/wp-content\/uploads\/2025\/07\/Centro-de-Montana-Penitentes-3-1170x497.jpg 1170w, https:\/\/enolife.com.ar\/es\/wp-content\/uploads\/2025\/07\/Centro-de-Montana-Penitentes-3-585x249.jpg 585w\" sizes=\"auto, (max-width: 1024px) 100vw, 1024px\" \/><\/a><figcaption class=\"wp-element-caption\"><em><strong>As\u00ed se ve Los Penitentes en algunos d\u00edas de invierno, con nieve a veces copiosa pero insuficiente para utilizar las pistas de esqu\u00ed trazadas hace casi 50 a\u00f1os.<\/strong><\/em><\/figcaption><\/figure><\/div>\n\n\n<div style=\"height:31px\" aria-hidden=\"true\" class=\"wp-block-spacer\"><\/div>\n\n\n\n<p><em>\u00abLos objetivos de esta licitaci\u00f3n son adecuar la infraestructura existente en el predio para brindar servicios comerciales de diversa \u00edndole, incluyendo tur\u00edsticos y deportivos, durante todo el a\u00f1o, acorde con las exigencias y tendencias de la demanda actual a nivel nacional e internacional, conforme con el Plan Estrat\u00e9gico de Alta Monta\u00f1a.<\/em><\/p>\n\n\n\n<p><em>\u00abPara esta temporada, la empresa Mapsa Group S.A. prestar\u00e1 servicios b\u00e1sicos de gastronom\u00eda y ofrecer\u00e1 sanitarios a los visitantes. Adem\u00e1s, realizar\u00e1 nuevas obras y mejoras a la infraestructura ya existente.<\/em><\/p>\n\n\n\n<p><em>\u00abPara la temporada 2025, Los Penitentes contar\u00e1 con diversos servicios b\u00e1sicos, actividades recreativas, ba\u00f1os, una refuncionalizaci\u00f3n de edificios existentes y un drugstore en el edificio denominado \u201cLa Caba\u00f1a\u201d. Adem\u00e1s, se contar\u00e1 con servicio m\u00e9dico y una sala de primeros auxilios. Se podr\u00e1n alquilar trineos y ropa, acceder a una Escuela de Esqu\u00ed y habr\u00e1 una mejora en la playa de estacionamiento.<\/em><\/p>\n\n\n\n<p><em>\u00abEn una primera etapa, dado que se acaba de otorgar la concesi\u00f3n, se prestar\u00e1n servicios b\u00e1sicos y, pasado el invierno, comenzar\u00e1n las mejoras estructurales que ir\u00e1n observ\u00e1ndose, a mediano y largo plazo.\u00bb<\/em><\/p>\n\n\n\n<div style=\"height:32px\" aria-hidden=\"true\" class=\"wp-block-spacer\"><\/div>\n\n\n\n<p class=\"has-medium-font-size\"><strong>Sobre Mapsa Group SA<\/strong><\/p>\n\n\n\n<p>La empresa adjudicataria de la concesi\u00f3n del Centro de Monta\u00f1a Villa Los Penitentes cuenta con importantes antecedentes relacionados al turismo aventura; la explotaci\u00f3n de empresas de viajes y turismo; gesti\u00f3n de parque de nieve y centro de esqu\u00ed; parques a\u00e9reos, oferta recreativa y de aventura en la provincia, como <strong>Villavicencio Park<\/strong>, <strong>Potrerillos Park<\/strong> y <strong>Costa Norte Park<\/strong>; experiencia en turismo aventura, operador de aventura con camiones y veh\u00edculos 4\u00d74; servicios de transporte tur\u00edstico y organizaci\u00f3n de eventos deportivos de alto rendimiento, de nivel internacional.<\/p>\n\n\n\n<div style=\"height:48px\" aria-hidden=\"true\" class=\"wp-block-spacer\"><\/div>\n","protected":false},"excerpt":{"rendered":"<p>Pablo Garc\u00eda, el CEO del grupo tur\u00edstico y de aventura Mapsa, anunci\u00f3 que a mediano&hellip;<\/p>\n","protected":false},"author":2,"featured_media":158422,"comment_status":"open","ping_status":"open","sticky":false,"template":"","format":"standard","meta":{"footnotes":""},"categories":[11,14],"tags":[],"class_list":["post-158346","post","type-post","status-publish","format-standard","has-post-thumbnail","hentry","category-enoturismo","category-news"],"_links":{"self":[{"href":"https:\/\/enolife.com.ar\/es\/wp-json\/wp\/v2\/posts\/158346","targetHints":{"allow":["GET"]}}],"collection":[{"href":"https:\/\/enolife.com.ar\/es\/wp-json\/wp\/v2\/posts"}],"about":[{"href":"https:\/\/enolife.com.ar\/es\/wp-json\/wp\/v2\/types\/post"}],"author":[{"embeddable":true,"href":"https:\/\/enolife.com.ar\/es\/wp-json\/wp\/v2\/users\/2"}],"replies":[{"embeddable":true,"href":"https:\/\/enolife.com.ar\/es\/wp-json\/wp\/v2\/comments?post=158346"}],"version-history":[{"count":0,"href":"https:\/\/enolife.com.ar\/es\/wp-json\/wp\/v2\/posts\/158346\/revisions"}],"wp:featuredmedia":[{"embeddable":true,"href":"https:\/\/enolife.com.ar\/es\/wp-json\/wp\/v2\/media\/158422"}],"wp:attachment":[{"href":"https:\/\/enolife.com.ar\/es\/wp-json\/wp\/v2\/media?parent=158346"}],"wp:term":[{"taxonomy":"category","embeddable":true,"href":"https:\/\/enolife.com.ar\/es\/wp-json\/wp\/v2\/categories?post=158346"},{"taxonomy":"post_tag","embeddable":true,"href":"https:\/\/enolife.com.ar\/es\/wp-json\/wp\/v2\/tags?post=158346"}],"curies":[{"name":"wp","href":"https:\/\/api.w.org\/{rel}","templated":true}]}}