{"id":158342,"date":"2025-07-05T17:12:28","date_gmt":"2025-07-05T17:12:28","guid":{"rendered":"https:\/\/enolife.com.ar\/es\/?p=158342"},"modified":"2025-07-07T16:20:45","modified_gmt":"2025-07-07T16:20:45","slug":"la-comuna-y-empresas-de-maipu-gestionan-una-ig-para-el-aceto-balsamico-que-festejo-su-1-vendimia","status":"publish","type":"post","link":"https:\/\/enolife.com.ar\/es\/la-comuna-y-empresas-de-maipu-gestionan-una-ig-para-el-aceto-balsamico-que-festejo-su-1-vendimia\/","title":{"rendered":"La comuna y empresas de Maip\u00fa gestionan una IG para el aceto bals\u00e1mico, que festej\u00f3 su 1\u00b0 vendimia"},"content":{"rendered":"\n<h4 class=\"wp-block-heading\"><em><strong>El pasado 28 de junio, en el establecimiento Coraz\u00f3n de Lunlunta -Maip\u00fa, Mendoza-, dedicado a la elaboraci\u00f3n de aceite de oliva virgen extra y aceto bals\u00e1mico, la comunidad local e invitados festejaron la denominada \u00abPrimera Vendimia del Aceto Bals\u00e1mico\u00bb. En la ocasi\u00f3n se degust\u00f3 gastronom\u00eda tradicional condimentada con este producto, vinos y maridajes, al tiempo que se anunci\u00f3 que el gobierno local y privados colaboran para obtener la Identificaci\u00f3n Geogr\u00e1fica (IG) para este producto, originalmente producido en M\u00f3dena, Italia, y tra\u00eddo a la provincia por el empresario y maestro aceitero Gabriel Guardia.<\/strong><\/em><\/h4>\n\n\n\n<div style=\"height:35px\" aria-hidden=\"true\" class=\"wp-block-spacer\"><\/div>\n\n\n<a href=\"https:\/\/www.centroenologico.com.ar\/\" aria-label=\"CERSA 1700X500 BORDO\"><img loading=\"lazy\" decoding=\"async\" src=\"https:\/\/enolife.com.ar\/es\/wp-content\/uploads\/2025\/02\/CERSA-1700X500-BORDO.gif\" alt=\"\"  width=\"1700\" height=\"500\"   \/><\/a>\n\n\n<div style=\"height:45px\" aria-hidden=\"true\" class=\"wp-block-spacer\"><\/div>\n\n\n\n<p>La ciudad de <strong>Maip\u00fa, Mendoza,<\/strong> recientemente declarada como <strong>\u00abCapital del Aceto Bals\u00e1mico\u00bb<\/strong> por iniciativa de empresas privada y el gobierno municipal, fue escenario de la <strong>\u00abPrimera Vendimia del Aceto Bals\u00e1mico\u00bb,<\/strong> un festejo que resalt\u00f3 los sabores, aromas y tradiciones vinculados a este producto. La iniciativa, fruto del trabajo conjunto entre el sector p\u00fablico, privado y productores locales, reforz\u00f3 el compromiso del municipio con el desarrollo econ\u00f3mico, la producci\u00f3n de calidad y el turismo experiencial.<\/p>\n\n\n\n<p>La cita fue en Coraz\u00f3n de Lunlunta, un establecimiento gestionado por conocidos referentes de la gastronom\u00eda y la enolog\u00eda: <strong>Alejandro Vigil, Gabriel Guardia, Jos\u00e9 Luis Salda\u00f1a <\/strong>y<strong> Juan Manuel Salda\u00f1a<\/strong>.<\/p>\n\n\n\n<p>Durante la jornada, los asistentes disfrutaron de degustaciones, platos elaborados con aceto bals\u00e1mico, maridajes con vinos locales y charlas de expertos.<\/p>\n\n\n\n<div style=\"height:30px\" aria-hidden=\"true\" class=\"wp-block-spacer\"><\/div>\n\n\n<div class=\"wp-block-image\">\n<figure class=\"aligncenter size-full is-resized\"><a href=\"https:\/\/enolife.com.ar\/es\/wp-content\/uploads\/2025\/07\/20250628204347_taipei.jpg\" data-rel=\"penci-gallery-image-content\" ><img loading=\"lazy\" decoding=\"async\" width=\"840\" height=\"486\" src=\"https:\/\/enolife.com.ar\/es\/wp-content\/uploads\/2025\/07\/20250628204347_taipei.jpg\" alt=\"\" class=\"wp-image-158497\" style=\"width:616px;height:auto\" srcset=\"https:\/\/enolife.com.ar\/es\/wp-content\/uploads\/2025\/07\/20250628204347_taipei.jpg 840w, https:\/\/enolife.com.ar\/es\/wp-content\/uploads\/2025\/07\/20250628204347_taipei-300x174.jpg 300w, https:\/\/enolife.com.ar\/es\/wp-content\/uploads\/2025\/07\/20250628204347_taipei-768x444.jpg 768w, https:\/\/enolife.com.ar\/es\/wp-content\/uploads\/2025\/07\/20250628204347_taipei-585x338.jpg 585w\" sizes=\"auto, (max-width: 840px) 100vw, 840px\" \/><\/a><figcaption class=\"wp-element-caption\"><strong><em>Corina Bieti, Gabriel Guardia y Mat\u00edas Stevanato<\/em><\/strong><\/figcaption><\/figure><\/div>\n\n\n<div style=\"height:30px\" aria-hidden=\"true\" class=\"wp-block-spacer\"><\/div>\n\n\n\n<p>Por su parte, el intendente local, <strong>Mat\u00edas Stevanato<\/strong>, destac\u00f3:&nbsp; <em>\u00abEste festejo no s\u00f3lo valoriza nuestro patrimonio gastron\u00f3mico, sino que tambi\u00e9n genera nuevas oportunidades para los productores y atrae turistas que buscan sabores aut\u00e9nticos. Desde el municipio, seguiremos apoyando estas iniciativas que potencian nuestra identidad y crean trabajo local\u00bb.<\/em><\/p>\n\n\n\n<p>Gabriel Guardia, especialista en aceites y aceto bals\u00e1mico, explic\u00f3: <em>\u201cDesde el siglo XVII hasta la actualidad la \u00fanica sede del aceto bals\u00e1mico en el mundo era M\u00f3dena y nosotros nos encargamos de traer el verdadero aceto bals\u00e1mico a Am\u00e9rica. Vamos ahora por que Maip\u00fa sea el M\u00f3dena de Am\u00e9rica, buscando la Identificaci\u00f3n Geogr\u00e1fica (IG) que promete cosas m\u00e1s importantes para el departamento y para la provincia\u201d.<\/em><\/p>\n\n\n\n<div style=\"height:35px\" aria-hidden=\"true\" class=\"wp-block-spacer\"><\/div>\n\n\n<div class=\"wp-block-image\">\n<figure class=\"aligncenter size-full is-resized\"><a href=\"https:\/\/enolife.com.ar\/es\/wp-content\/uploads\/2025\/07\/MAIPU-2-768x548-2.jpeg\" data-rel=\"penci-gallery-image-content\" ><img loading=\"lazy\" decoding=\"async\" width=\"514\" height=\"355\" src=\"https:\/\/enolife.com.ar\/es\/wp-content\/uploads\/2025\/07\/MAIPU-2-768x548-2.jpeg\" alt=\"\" class=\"wp-image-158500\" style=\"width:588px;height:auto\" srcset=\"https:\/\/enolife.com.ar\/es\/wp-content\/uploads\/2025\/07\/MAIPU-2-768x548-2.jpeg 514w, https:\/\/enolife.com.ar\/es\/wp-content\/uploads\/2025\/07\/MAIPU-2-768x548-2-300x207.jpeg 300w\" sizes=\"auto, (max-width: 514px) 100vw, 514px\" \/><\/a><\/figure><\/div>\n\n\n<div style=\"height:45px\" aria-hidden=\"true\" class=\"wp-block-spacer\"><\/div>\n\n\n\n<p>Tambi\u00e9n record\u00f3 Guardia: <em>\u201cCuando estuve en M\u00f3dena en el a\u00f1o 2012 y prob\u00e9 por primera vez el aceto bals\u00e1mico, not\u00e9 que ten\u00eda un proyecto muy grande por delante. En aquel momento empezamos a desarrollarlo, pero siempre faltaba m\u00e1s, hasta hoy, que nos dimos cuenta de que la manera de lograrlo est\u00e1 en crear una denominaci\u00f3n geogr\u00e1fica y no pensar m\u00e1s en aceto bals\u00e1mico de M\u00f3dena si no pensar en Aceto Bals\u00e1mico de Maip\u00fa\u201d<\/em>.<\/p>\n\n\n\n<p><em>\u201cAs\u00ed como es tradici\u00f3n en febrero hacer salsa casera en Mendoza <\/em>-agreg\u00f3 Guardia-, <em>nosotros tenemos como intenci\u00f3n continuar con una tradici\u00f3n de anta\u00f1o, en la cual cada vez que nac\u00eda una hija mujer la familia elaboraba aceto bals\u00e1mico, por eso apostamos a un cambio cultural ense\u00f1ando a vi\u00f1ateros y vecinos a hacer aceto bals\u00e1mico\u201d.<\/em><\/p>\n\n\n\n<div style=\"height:35px\" aria-hidden=\"true\" class=\"wp-block-spacer\"><\/div>\n\n\n<div class=\"wp-block-image\">\n<figure class=\"aligncenter size-full is-resized\"><a href=\"https:\/\/enolife.com.ar\/es\/wp-content\/uploads\/2025\/07\/sociales-2jpeg.jpg\" data-rel=\"penci-gallery-image-content\" ><img loading=\"lazy\" decoding=\"async\" width=\"582\" height=\"314\" src=\"https:\/\/enolife.com.ar\/es\/wp-content\/uploads\/2025\/07\/sociales-2jpeg.jpg\" alt=\"\" class=\"wp-image-158502\" style=\"width:628px;height:auto\" srcset=\"https:\/\/enolife.com.ar\/es\/wp-content\/uploads\/2025\/07\/sociales-2jpeg.jpg 582w, https:\/\/enolife.com.ar\/es\/wp-content\/uploads\/2025\/07\/sociales-2jpeg-300x162.jpg 300w\" sizes=\"auto, (max-width: 582px) 100vw, 582px\" \/><\/a><\/figure><\/div>\n\n\n<div style=\"height:35px\" aria-hidden=\"true\" class=\"wp-block-spacer\"><\/div>\n\n\n\n<p>El celebraci\u00f3n colabora con consolidar a Maip\u00fa como destino de enoturismo y gastronom\u00eda. Con el respaldo del municipio, bodegas y emprendedores, el aceto bals\u00e1mico se suma a los atractivos que posicionan a esta progresista localidad mendocina como un sitio de sabores y experiencias originales.<\/p>\n\n\n\n<p>El encuentro culmin\u00f3 con la coronaci\u00f3n de la primera <strong>Reina Departamental del Aceto Bals\u00e1mico<\/strong>,<strong> Corina Bieti,<\/strong> quien tendr\u00e1 la responsabilidad de fomentar y promover la cultura de este producto.<\/p>\n\n\n\n<div style=\"height:60px\" aria-hidden=\"true\" class=\"wp-block-spacer\"><\/div>\n","protected":false},"excerpt":{"rendered":"<p>El pasado 28 de junio, en el establecimiento Coraz\u00f3n de Lunlunta -Maip\u00fa, Mendoza-, dedicado a&hellip;<\/p>\n","protected":false},"author":2,"featured_media":158496,"comment_status":"open","ping_status":"open","sticky":false,"template":"","format":"standard","meta":{"footnotes":""},"categories":[14],"tags":[],"class_list":["post-158342","post","type-post","status-publish","format-standard","has-post-thumbnail","hentry","category-news"],"_links":{"self":[{"href":"https:\/\/enolife.com.ar\/es\/wp-json\/wp\/v2\/posts\/158342","targetHints":{"allow":["GET"]}}],"collection":[{"href":"https:\/\/enolife.com.ar\/es\/wp-json\/wp\/v2\/posts"}],"about":[{"href":"https:\/\/enolife.com.ar\/es\/wp-json\/wp\/v2\/types\/post"}],"author":[{"embeddable":true,"href":"https:\/\/enolife.com.ar\/es\/wp-json\/wp\/v2\/users\/2"}],"replies":[{"embeddable":true,"href":"https:\/\/enolife.com.ar\/es\/wp-json\/wp\/v2\/comments?post=158342"}],"version-history":[{"count":0,"href":"https:\/\/enolife.com.ar\/es\/wp-json\/wp\/v2\/posts\/158342\/revisions"}],"wp:featuredmedia":[{"embeddable":true,"href":"https:\/\/enolife.com.ar\/es\/wp-json\/wp\/v2\/media\/158496"}],"wp:attachment":[{"href":"https:\/\/enolife.com.ar\/es\/wp-json\/wp\/v2\/media?parent=158342"}],"wp:term":[{"taxonomy":"category","embeddable":true,"href":"https:\/\/enolife.com.ar\/es\/wp-json\/wp\/v2\/categories?post=158342"},{"taxonomy":"post_tag","embeddable":true,"href":"https:\/\/enolife.com.ar\/es\/wp-json\/wp\/v2\/tags?post=158342"}],"curies":[{"name":"wp","href":"https:\/\/api.w.org\/{rel}","templated":true}]}}