{"id":157921,"date":"2025-06-29T16:19:19","date_gmt":"2025-06-29T16:19:19","guid":{"rendered":"https:\/\/enolife.com.ar\/es\/?p=157921"},"modified":"2025-07-01T12:54:18","modified_gmt":"2025-07-01T12:54:18","slug":"el-grupo-vitivinicola-hotelero-y-financiero-huentala-brinda-refugio-y-alimentos-a-gente-sin-techo","status":"publish","type":"post","link":"https:\/\/enolife.com.ar\/es\/el-grupo-vitivinicola-hotelero-y-financiero-huentala-brinda-refugio-y-alimentos-a-gente-sin-techo\/","title":{"rendered":"El grupo vitivin\u00edcola, hotelero y financiero Huentala brinda refugio y alimentos a gente sin techo"},"content":{"rendered":"\n<h4 class=\"wp-block-heading\"><em><strong>Frente a las bajas temperaturas y el mal clima en Mendoza, al oeste de Argentina, con nieve y hasta -7 grados bajo cero, la Fundaci\u00f3n Huentala dispuso c\u00f3modas instalaciones en su complejo hotelero del centro de esta Capital para albergar a personas en situaci\u00f3n de calle que soliciten refugio. El hospedaje gratuito cuenta con 40 camas, duchas calientes, desayunos y cena, y estar\u00e1 abierto de 20 a 11 hs cada d\u00eda hasta el 31 de agosto de 2025. Es el segundo a\u00f1o consecutivo que la Fundaci\u00f3n de la familia Camsen coordina esta acci\u00f3n solidaria con la Municipalidad de Mendoza y el Arzobispado local.<\/strong><\/em><\/h4>\n\n\n\n<div style=\"height:44px\" aria-hidden=\"true\" class=\"wp-block-spacer\"><\/div>\n\n\n<a href=\"https:\/\/fermentis.com\/es\/\" aria-label=\"FERMENTIS 1700X500\"><img loading=\"lazy\" decoding=\"async\" src=\"https:\/\/enolife.com.ar\/es\/wp-content\/uploads\/2025\/05\/FERMENTIS-1700X500.gif\" alt=\"\"  width=\"1700\" height=\"500\"   \/><\/a>\n\n\n<div style=\"height:53px\" aria-hidden=\"true\" class=\"wp-block-spacer\"><\/div>\n\n\n\n<p>El viernes 27 de junio de 2025, directivos de la<strong> Fundaci\u00f3n Huentala <\/strong>firmaron un convenio con la <strong>Municipalidad de Mendoza<\/strong> y el <strong>Arzobispado de Mendoza <\/strong>para la apertura del refugio temporal de invierno para las personas en situaci\u00f3n de calle, que funciona en un sal\u00f3n junto a uno de los hoteles del <strong>Grupo Huentala<\/strong>, desde el s\u00e1bado 28 de junio y hasta el 31 de agosto pr\u00f3ximo.<\/p>\n\n\n\n<p>Participaron de la firma <strong>Ronit Camsen<\/strong>, directora de Grupo Huentala e integrante de la Fundaci\u00f3n Huentala; el intendente de Mendoza, <strong>Ulpiano Su\u00e1rez<\/strong>; y el sacerdote <strong>Marcelo de Benedictis<\/strong>, por parte del Arzobispado local.<\/p>\n\n\n\n<p>De esta manera, el Grupo Huentala, a trav\u00e9s de la Fundaci\u00f3n Huentala, reafirma su compromiso solidario acompa\u00f1ando al Municipio y la Iglesia en una iniciativa que brindar\u00e1 abrigo, alimento y contenci\u00f3n durante el invierno a quienes m\u00e1s lo necesitan.<\/p>\n\n\n\n<p>Este refugio temporoal est\u00e1 ubicado en la calle San Juan al 900 y funciona como albergue nocturno para personas en situaci\u00f3n de calle. Es gestionado por el municipio, ofrece 40 camas equipadas con s\u00e1banas limpias y frazadas, calefacci\u00f3n, duchas de agua caliente, desayuno y cena diaria, y un entorno digno y seguro para atravesar las noches m\u00e1s fr\u00edas. El albergue abrir\u00e1 todos los d\u00edas de 20 a 11 h hasta el 31 de agosto.<\/p>\n\n\n\n<div style=\"height:34px\" aria-hidden=\"true\" class=\"wp-block-spacer\"><\/div>\n\n\n\n<h3 class=\"wp-block-heading has-vivid-red-color has-text-color has-link-color wp-elements-1698c59846720168e9a1653c53b786fc\">Durante este tiempo, el gobierno de la Ciudad, junto a las empresas y entiades involucradas, trabaja junto a equipos interdisciplinarios para ofrecer distintos servicios como atenci\u00f3n primaria de salud, contenci\u00f3n psicol\u00f3gica, tr\u00e1mites de documentaci\u00f3n, capacitaciones en oficios y contacto con empresas para que los asistentes puedan reinsertarse en el mercado laboral.&nbsp;<\/h3>\n\n\n\n<div style=\"height:39px\" aria-hidden=\"true\" class=\"wp-block-spacer\"><\/div>\n\n\n<div class=\"wp-block-image\">\n<figure class=\"aligncenter size-large is-resized\"><a href=\"https:\/\/enolife.com.ar\/es\/wp-content\/uploads\/2025\/06\/refugio-huentala-1-scaled.jpg\" data-rel=\"penci-gallery-image-content\" ><img loading=\"lazy\" decoding=\"async\" width=\"1024\" height=\"768\" src=\"https:\/\/enolife.com.ar\/es\/wp-content\/uploads\/2025\/06\/refugio-huentala-1-1024x768.jpg\" alt=\"\" class=\"wp-image-157931\" style=\"width:669px;height:auto\" srcset=\"https:\/\/enolife.com.ar\/es\/wp-content\/uploads\/2025\/06\/refugio-huentala-1-1024x768.jpg 1024w, https:\/\/enolife.com.ar\/es\/wp-content\/uploads\/2025\/06\/refugio-huentala-1-300x225.jpg 300w, https:\/\/enolife.com.ar\/es\/wp-content\/uploads\/2025\/06\/refugio-huentala-1-768x576.jpg 768w, https:\/\/enolife.com.ar\/es\/wp-content\/uploads\/2025\/06\/refugio-huentala-1-1536x1152.jpg 1536w, https:\/\/enolife.com.ar\/es\/wp-content\/uploads\/2025\/06\/refugio-huentala-1-2048x1536.jpg 2048w, https:\/\/enolife.com.ar\/es\/wp-content\/uploads\/2025\/06\/refugio-huentala-1-1170x878.jpg 1170w, https:\/\/enolife.com.ar\/es\/wp-content\/uploads\/2025\/06\/refugio-huentala-1-585x439.jpg 585w\" sizes=\"auto, (max-width: 1024px) 100vw, 1024px\" \/><\/a><figcaption class=\"wp-element-caption\"><em><strong>Ronit Camsen, flanqueada por Marcelo de Benedictis -del Arzobispado local- y el intendente de Mendoza, Ulpiano Su\u00e1rez. Junto a ellos, colaboradores de la Municipalidad que se encargan de gestionar el refugio.<\/strong><\/em><\/figcaption><\/figure><\/div>\n\n\n<div style=\"height:43px\" aria-hidden=\"true\" class=\"wp-block-spacer\"><\/div>\n\n\n\n<p><em>\u00abDesde la Fundaci\u00f3n Huentala, entendemos que la calle no es lugar para nadie, y menos en esta \u00e9poca del a\u00f1o con temperaturas tan extremas. Por eso, decidimos poner nuevamente a disposici\u00f3n este espacio para que, quienes m\u00e1s lo necesitan, tengan un techo y condiciones dignas donde pasar el invierno. Adem\u00e1s del sal\u00f3n y el mobiliario, brindaremos ducha caliente y desayuno a cada persona alojada, gracias al trabajo articulado con nuestros hoteles, la Municipalidad y el Arzobispado\u00bb<\/em>, declar\u00f3 <strong>Ronit Camse<\/strong>n, directora de Grupo Huentala y encargada de rubricar el acuerdo por parte de la Fundaci\u00f3n.<\/p>\n\n\n\n<p><em>\u00abCon esta iniciativa, queremos ser parte de una red de cuidado que mire a las personas en situaci\u00f3n de calle no desde su carencia, sino desde su potencial de reconstruir sus vidas con el acompa\u00f1amiento adecuado\u00bb<\/em>, a\u00f1adi\u00f3 Ronit, destacando adem\u00e1s la importancia de la sinergia con otras instituciones. <em>\u00abCuando hay ganas de ayudar, ponemos manos a la obra y salen cosas buenas\u00bb.<\/em><\/p>\n\n\n\n<p>Esta acci\u00f3n forma parte del enfoque integral que la Fundaci\u00f3n Huentala promueve desde sus inicios: generar impacto positivo y sostenido en sectores vulnerables, articulando esfuerzos con el sector p\u00fablico y otras organizaciones de la sociedad civil.<\/p>\n\n\n\n<div style=\"height:32px\" aria-hidden=\"true\" class=\"wp-block-spacer\"><\/div>\n\n\n\n<p class=\"has-medium-font-size\"><strong>Antecedentes positivos en 2024<\/strong><\/p>\n\n\n\n<p>En el invierno pasado, se abri\u00f3 un refugio de similares caracter\u00edsticas que arroj\u00f3 resultados muy alentadores, demostrando el valor de este tipo de acciones conjuntas. Durante los 45 d\u00edas de funcionamiento, se brind\u00f3 resguardo a 62 personas en un espacio con 40 plazas disponibles. Adem\u00e1s, el 70% de los alojados logr\u00f3 acceder a un empleo formal en ese corto per\u00edodo, marcando un paso concreto hacia la reinserci\u00f3n social. <\/p>\n\n\n\n<div style=\"height:54px\" aria-hidden=\"true\" class=\"wp-block-spacer\"><\/div>\n\n\n<div class=\"wp-block-image\">\n<figure class=\"aligncenter size-large is-resized\"><a href=\"https:\/\/enolife.com.ar\/es\/wp-content\/uploads\/2025\/06\/refugio-huentala-2-scaled.jpg\" data-rel=\"penci-gallery-image-content\" ><img loading=\"lazy\" decoding=\"async\" width=\"1024\" height=\"768\" src=\"https:\/\/enolife.com.ar\/es\/wp-content\/uploads\/2025\/06\/refugio-huentala-2-1024x768.jpg\" alt=\"\" class=\"wp-image-157938\" style=\"width:683px;height:auto\" srcset=\"https:\/\/enolife.com.ar\/es\/wp-content\/uploads\/2025\/06\/refugio-huentala-2-1024x768.jpg 1024w, https:\/\/enolife.com.ar\/es\/wp-content\/uploads\/2025\/06\/refugio-huentala-2-300x225.jpg 300w, https:\/\/enolife.com.ar\/es\/wp-content\/uploads\/2025\/06\/refugio-huentala-2-768x576.jpg 768w, https:\/\/enolife.com.ar\/es\/wp-content\/uploads\/2025\/06\/refugio-huentala-2-1536x1152.jpg 1536w, https:\/\/enolife.com.ar\/es\/wp-content\/uploads\/2025\/06\/refugio-huentala-2-2048x1536.jpg 2048w, https:\/\/enolife.com.ar\/es\/wp-content\/uploads\/2025\/06\/refugio-huentala-2-1170x878.jpg 1170w, https:\/\/enolife.com.ar\/es\/wp-content\/uploads\/2025\/06\/refugio-huentala-2-585x439.jpg 585w\" sizes=\"auto, (max-width: 1024px) 100vw, 1024px\" \/><\/a><figcaption class=\"wp-element-caption\"><em><strong>El padre Marcelo De Benedictis, Ronit Camsen y Ulpiano Su\u00e1rez, al firmar el convenio para implementar y gestionar el refugio<\/strong><\/em><strong><em>.<\/em><\/strong><\/figcaption><\/figure><\/div>\n\n\n<div style=\"height:61px\" aria-hidden=\"true\" class=\"wp-block-spacer\"><\/div>\n\n\n\n<p>En el plano de la salud, se gestionaron m\u00e1s de 30 turnos m\u00e9dicos, odontol\u00f3gicos y quir\u00fargicos, y tambi\u00e9n se facilit\u00f3 el acceso a la identidad legal, con la emisi\u00f3n de cinco nuevos DNI. La iniciativa cont\u00f3 con una activa participaci\u00f3n comunitaria, con el apoyo de 10 grupos parroquiales, 6 operadores municipales, colaboraci\u00f3n de la polic\u00eda de Mendoza y numerosas acciones de voluntarios, consolidando una red de solidaridad que vuelve a activarse este a\u00f1o.<\/p>\n\n\n\n<div style=\"height:40px\" aria-hidden=\"true\" class=\"wp-block-spacer\"><\/div>\n\n\n\n<p><strong>Sobre el Grupo Huentala<\/strong><\/p>\n\n\n\n<p><strong>Grupo Huentala<\/strong> es una empresa familiar, 100% mendocina, comprometida en crear experiencias \u00fanicas  para sus clientes. Inspirada en la visi\u00f3n de su fundador, <strong>Julio Camsen<\/strong>, se posiciona en el sector financiero y fintech a trav\u00e9s de <strong>Chimpay<\/strong> y <strong>Ohana<\/strong>; vitivin\u00edcola y gastron\u00f3mico con <strong>Huentala Wines<\/strong>, <strong>Rastro By Huentala Wines<\/strong>, <strong>La Cabrera<\/strong> y <strong>Jacarand\u00e1 Garden Bar<\/strong>; y en la industria de la hospitalidad y del entretenimiento con los hoteles <strong>Sheraton Mendoza Hotel &amp; Cosmo Casino<\/strong>, <strong>Huentala Hotel <\/strong>y <strong>Hualta Winery Hotel, Curio Collection by Hilton.<\/strong> Los tres hoteles se ubican en el km cero de la <strong>Ciudad de Mendoza<\/strong> y est\u00e1n conectados entre s\u00ed, convirti\u00e9ndose en un distrito de arte, vino y gastronom\u00eda, y en el polo hotelero m\u00e1s importante del interior del pa\u00eds con 350 habitaciones.<\/p>\n\n\n\n<div style=\"height:39px\" aria-hidden=\"true\" class=\"wp-block-spacer\"><\/div>\n","protected":false},"excerpt":{"rendered":"<p>Frente a las bajas temperaturas y el mal clima en Mendoza, al oeste de Argentina,&hellip;<\/p>\n","protected":false},"author":2,"featured_media":157930,"comment_status":"open","ping_status":"open","sticky":false,"template":"","format":"standard","meta":{"footnotes":""},"categories":[14],"tags":[],"class_list":["post-157921","post","type-post","status-publish","format-standard","has-post-thumbnail","hentry","category-news"],"_links":{"self":[{"href":"https:\/\/enolife.com.ar\/es\/wp-json\/wp\/v2\/posts\/157921","targetHints":{"allow":["GET"]}}],"collection":[{"href":"https:\/\/enolife.com.ar\/es\/wp-json\/wp\/v2\/posts"}],"about":[{"href":"https:\/\/enolife.com.ar\/es\/wp-json\/wp\/v2\/types\/post"}],"author":[{"embeddable":true,"href":"https:\/\/enolife.com.ar\/es\/wp-json\/wp\/v2\/users\/2"}],"replies":[{"embeddable":true,"href":"https:\/\/enolife.com.ar\/es\/wp-json\/wp\/v2\/comments?post=157921"}],"version-history":[{"count":0,"href":"https:\/\/enolife.com.ar\/es\/wp-json\/wp\/v2\/posts\/157921\/revisions"}],"wp:featuredmedia":[{"embeddable":true,"href":"https:\/\/enolife.com.ar\/es\/wp-json\/wp\/v2\/media\/157930"}],"wp:attachment":[{"href":"https:\/\/enolife.com.ar\/es\/wp-json\/wp\/v2\/media?parent=157921"}],"wp:term":[{"taxonomy":"category","embeddable":true,"href":"https:\/\/enolife.com.ar\/es\/wp-json\/wp\/v2\/categories?post=157921"},{"taxonomy":"post_tag","embeddable":true,"href":"https:\/\/enolife.com.ar\/es\/wp-json\/wp\/v2\/tags?post=157921"}],"curies":[{"name":"wp","href":"https:\/\/api.w.org\/{rel}","templated":true}]}}