{"id":157831,"date":"2025-06-28T23:12:36","date_gmt":"2025-06-28T23:12:36","guid":{"rendered":"https:\/\/enolife.com.ar\/es\/?p=157831"},"modified":"2025-06-30T21:26:15","modified_gmt":"2025-06-30T21:26:15","slug":"la-banda-bonaerense-de-cumbia-la-mara-santos-lanzo-desde-bolivia-su-vino-solidario-del-tongui","status":"publish","type":"post","link":"https:\/\/enolife.com.ar\/es\/la-banda-bonaerense-de-cumbia-la-mara-santos-lanzo-desde-bolivia-su-vino-solidario-del-tongui\/","title":{"rendered":"La banda bonaerense de cumbia La Mara Santos  lanz\u00f3 desde Bolivia su vino solidario \u00abDel Tongui\u00bb"},"content":{"rendered":"\n<h4 class=\"wp-block-heading\"><em><strong>El grupo de cumbia villera m\u00e1s reconocido del municipio de Lomas de Zamora, provincia de Buenos Aires, Argentina, encarg\u00f3 a una bodega de Tarija, Bolivia, la elaboraci\u00f3n de dos vinos tipo oporto, uno blanco y otro tinto, bautizados \u00abDel Tongui\u00bb, el nombre del humilde barrio del cual provienen. Parte de la venta ser\u00e1 destinada a asistir a vecinos e instituciones de la zona en situaci\u00f3n de pobreza.<\/strong><\/em><\/h4>\n\n\n\n<div style=\"height:37px\" aria-hidden=\"true\" class=\"wp-block-spacer\"><\/div>\n\n\n<a href=\"https:\/\/ar.verallia.com\/\" aria-label=\"VERALLIA 1700 x 500\"><img loading=\"lazy\" decoding=\"async\" src=\"https:\/\/enolife.com.ar\/es\/wp-content\/uploads\/2021\/04\/VERALLIA-1700-x-500.jpg\" alt=\"\"  srcset=\"https:\/\/enolife.com.ar\/es\/wp-content\/uploads\/2021\/04\/VERALLIA-1700-x-500.jpg 1700w, https:\/\/enolife.com.ar\/es\/wp-content\/uploads\/2021\/04\/VERALLIA-1700-x-500-300x88.jpg 300w, https:\/\/enolife.com.ar\/es\/wp-content\/uploads\/2021\/04\/VERALLIA-1700-x-500-1024x301.jpg 1024w, https:\/\/enolife.com.ar\/es\/wp-content\/uploads\/2021\/04\/VERALLIA-1700-x-500-768x226.jpg 768w, https:\/\/enolife.com.ar\/es\/wp-content\/uploads\/2021\/04\/VERALLIA-1700-x-500-1536x452.jpg 1536w, https:\/\/enolife.com.ar\/es\/wp-content\/uploads\/2021\/04\/VERALLIA-1700-x-500-1170x344.jpg 1170w, https:\/\/enolife.com.ar\/es\/wp-content\/uploads\/2021\/04\/VERALLIA-1700-x-500-585x172.jpg 585w\" sizes=\"auto, (max-width: 1700px) 100vw, 1700px\" width=\"1700\" height=\"500\"   \/><\/a>\n\n\n<div style=\"height:49px\" aria-hidden=\"true\" class=\"wp-block-spacer\"><\/div>\n\n\n\n<p><strong>La Mara Santos<\/strong> es una de las bandas de <strong>cumbia villera <\/strong>m\u00e1s reconocida de la comuna bonaerense<strong> Lomas de Zamora<\/strong>, en la provincia de <strong>Buenos Aires.<\/strong> Hace 13 a\u00f1os que se form\u00f3 en la zona de <strong>Budge<\/strong>, y desde sus inicios realizan acciones solidarias. Sus 8 integrantes buscan donaciones para poder colaborar con los vecinos en la zona de <strong>Campo Tongui<\/strong>, acci\u00f3n que incrementaron durante la pandemia, cuando arrancaron con ollas populares.<\/p>\n\n\n\n<p>La banda realiz\u00f3 recientemente una gira por <strong>Bolivia<\/strong>, desde donde anunciaron que lanzar\u00e1n al mercado su propia marca de vinos <strong>\u00abDel Tongui by La Mara Santos\u00bb<\/strong>, dos oportos dulces, uno tinto y uno blanco.<\/p>\n\n\n\n<p>Respecto al nombre de la marca, <strong>Brian Mix<\/strong>, el l\u00edder de la banda, explic\u00f3: <em>\u00abLleg\u00f3 esta oportunidad, ten\u00eda que elegir un nombre y ac\u00e1 estamos siempre resaltando nuestras ra\u00edces, a donde vayamos. A mediados del mes pr\u00f3ximo vamos a comenzar con los env\u00edos para Argentina, Brasil y Chile\u00bb<\/em>.<\/p>\n\n\n\n<p><em>\u00abEsto surge de casualidad, cuando visitamos la tierra del vino de Bolivia, que es Tarija. Me encontr\u00e9 con amigos que me propusieron hacer esto y como son los vinos que han obtenido premios en Mendoza, Italia y hasta en Espa\u00f1a, decidimos ir para adelante con el proyecto\u00bb<\/em>, agreg\u00f3 Brian, que es la voz l\u00edder y el tecladista de la banda.<\/p>\n\n\n\n<p>Sobre el nombre del vino, el m\u00fasico cont\u00f3 que lanz\u00f3 una encuesta en redes porque a\u00fan no decid\u00edan la marca del producto: <em>\u00abLos chicos del barrio ya me ven\u00edan diciendo &#8216;ponele Tongui&#8217; , pero tras un posteo en las redes y una votaci\u00f3n, nos decidimos por ese nombre\u00bb<\/em>.<\/p>\n\n\n\n<div style=\"height:36px\" aria-hidden=\"true\" class=\"wp-block-spacer\"><\/div>\n\n\n<div class=\"wp-block-image\">\n<figure class=\"aligncenter is-resized\"><img decoding=\"async\" src=\"https:\/\/dataconurbano.net\/wp-content\/uploads\/2025\/06\/WhatsApp-Image-2025-06-24-at-21.52.06-696x522.jpeg\" alt=\"\" style=\"width:558px;height:auto\" title=\"WhatsApp Image 2025-06-24 at 21.52.06\"\/><\/figure><\/div>\n\n\n<div style=\"height:30px\" aria-hidden=\"true\" class=\"wp-block-spacer\"><\/div>\n\n\n\n<p>El emprendimiento, gestado junto a la reconocida bodega boliviana <strong>Casa Vieja<\/strong>, surgi\u00f3 casi de casualidad tras una visita a <strong>Tarija,<\/strong> Bolivia, tierra de vinos dulces que lo conquistaron. <\/p>\n\n\n\n<p>Sobre el nombre de la etiqueta, Brian agreg\u00f3: \u201c<strong>Cuando era todo campo, viv\u00eda ac\u00e1 enfrente\u2026 Despu\u00e9s constru\u00ed mi casa. Ese barrio me dio todo. Y la m\u00fasica me ayud\u00f3 bastante<\/strong>\u201d. El m\u00fasico solidario remarc\u00f3 su fuerte v\u00ednculo emocional con <strong>Tongui, <\/strong>barrio que viene creciendo desde hace m\u00e1s de 20 a\u00f1os junto a otros barrios como <strong>Camino Negro<\/strong> y <strong>Falucho<\/strong>, junto a un arroyo que rodea el sector.<\/p>\n\n\n\n<p>El vino ser\u00e1 presentado oficialmente a principios de julio de 2025, y llevar\u00e1 un sello familiar y barrial. Con la leyenda en la etiqueta \u00ab<strong>Con amor desde Casa Vieja\u00bb<\/strong>, Brian adelant\u00f3 que buscan llegar no s\u00f3lo a <strong>Argentina <\/strong>y <strong>Bolivia<\/strong>, sino tambi\u00e9n a <strong>Brasil <em>y<\/em> Chile<\/strong>, con planes de expansi\u00f3n a otros pa\u00edses de Am\u00e9rica Latina y Europa.<\/p>\n\n\n\n<div style=\"height:28px\" aria-hidden=\"true\" class=\"wp-block-spacer\"><\/div>\n\n\n<div class=\"wp-block-image\">\n<figure class=\"aligncenter is-resized\"><a class=\"td-modal-image\" href=\"https:\/\/dataconurbano.net\/wp-content\/uploads\/2025\/06\/WhatsApp-Image-2025-06-24-at-21.52.07-e1751044974196.jpeg\" data-rel=\"penci-gallery-image-content\" ><img decoding=\"async\" src=\"https:\/\/dataconurbano.net\/wp-content\/uploads\/2025\/06\/WhatsApp-Image-2025-06-24-at-21.52.07-e1751044974196.jpeg\" alt=\"\" class=\"wp-image-81390\" style=\"width:623px;height:auto\"\/><\/a><figcaption class=\"wp-element-caption\"><em><strong>Un sector de la bodega Casa Vieja, en Tarija, Bolivia, donde elaboraron el vino \u00abDel Tongui\u00bb<\/strong><\/em><strong><em>.<\/em><\/strong><\/figcaption><\/figure><\/div>\n\n\n<div style=\"height:28px\" aria-hidden=\"true\" class=\"wp-block-spacer\"><\/div>\n\n\n\n<p>Seg\u00fan informaron,<strong> \u201cDel Tongui by La Mara Santos\u201d<\/strong> se lanzar\u00e1 en dos versiones: <strong>tinto oporto dulce<\/strong> y <strong>blanco oporto dulce<\/strong>, elaborados con uvas premiadas internacionalmente.<\/p>\n\n\n\n<p>Este nuevo proyecto se inscribe en una trayectoria marcada por la <strong>solidaridad<\/strong>: desde la pandemia, <strong>Brian y La Mara Santos<\/strong> vienen realizando acciones solidarias en la zona sur del conurbano bonaerense, con <strong>festivales a beneficio, apoyo a comedores y colectas para vecinos<\/strong>. <em>\u201cPara m\u00ed la solidaridad es un legado que me dej\u00f3 mi mam\u00e1\u201d<\/em>, expres\u00f3 Brian desde Bolivia, donde la banda contin\u00faa de gira.<\/p>\n\n\n\n<div style=\"height:32px\" aria-hidden=\"true\" class=\"wp-block-spacer\"><\/div>\n\n\n<div class=\"wp-block-image\">\n<figure class=\"aligncenter size-large is-resized\"><a href=\"https:\/\/enolife.com.ar\/es\/wp-content\/uploads\/2025\/06\/tongui.jpg\" data-rel=\"penci-gallery-image-content\" ><img loading=\"lazy\" decoding=\"async\" width=\"1024\" height=\"451\" src=\"https:\/\/enolife.com.ar\/es\/wp-content\/uploads\/2025\/06\/tongui-1024x451.jpg\" alt=\"\" class=\"wp-image-157900\" style=\"width:627px;height:auto\" srcset=\"https:\/\/enolife.com.ar\/es\/wp-content\/uploads\/2025\/06\/tongui-1024x451.jpg 1024w, https:\/\/enolife.com.ar\/es\/wp-content\/uploads\/2025\/06\/tongui-300x132.jpg 300w, https:\/\/enolife.com.ar\/es\/wp-content\/uploads\/2025\/06\/tongui-768x338.jpg 768w, https:\/\/enolife.com.ar\/es\/wp-content\/uploads\/2025\/06\/tongui-1536x676.jpg 1536w, https:\/\/enolife.com.ar\/es\/wp-content\/uploads\/2025\/06\/tongui-1170x515.jpg 1170w, https:\/\/enolife.com.ar\/es\/wp-content\/uploads\/2025\/06\/tongui-585x258.jpg 585w, https:\/\/enolife.com.ar\/es\/wp-content\/uploads\/2025\/06\/tongui.jpg 1728w\" sizes=\"auto, (max-width: 1024px) 100vw, 1024px\" \/><\/a><figcaption class=\"wp-element-caption\"><em><strong>Desde que un grupo de vecinos sin hogar tomaron un terreno p\u00fablico y comenzaron a establecerse en 2015, la barriada humilde ha crecido con casas bien construidas.<\/strong><\/em><\/figcaption><\/figure><\/div>\n\n\n<div style=\"height:27px\" aria-hidden=\"true\" class=\"wp-block-spacer\"><\/div>\n\n\n\n<p>&nbsp;<strong><em>\u201cMe considero un boliviano m\u00e1s\u201d,<\/em><\/strong> afirma Brian, celebrando el afecto de la colectividad boliviana y los caminos musicales que ya han llevado al grupo a dar recitales por varios pa\u00edses de <strong>Am\u00e9rica Latina,<\/strong> <strong>Estados Unidos <\/strong>y <strong>Europa.<\/strong><\/p>\n\n\n\n<div style=\"height:34px\" aria-hidden=\"true\" class=\"wp-block-spacer\"><\/div>\n","protected":false},"excerpt":{"rendered":"<p>El grupo de cumbia villera m\u00e1s reconocido del municipio de Lomas de Zamora, provincia de&hellip;<\/p>\n","protected":false},"author":2,"featured_media":157951,"comment_status":"open","ping_status":"open","sticky":false,"template":"","format":"standard","meta":{"footnotes":""},"categories":[56,14],"tags":[],"class_list":["post-157831","post","type-post","status-publish","format-standard","has-post-thumbnail","hentry","category-destacado","category-news"],"_links":{"self":[{"href":"https:\/\/enolife.com.ar\/es\/wp-json\/wp\/v2\/posts\/157831","targetHints":{"allow":["GET"]}}],"collection":[{"href":"https:\/\/enolife.com.ar\/es\/wp-json\/wp\/v2\/posts"}],"about":[{"href":"https:\/\/enolife.com.ar\/es\/wp-json\/wp\/v2\/types\/post"}],"author":[{"embeddable":true,"href":"https:\/\/enolife.com.ar\/es\/wp-json\/wp\/v2\/users\/2"}],"replies":[{"embeddable":true,"href":"https:\/\/enolife.com.ar\/es\/wp-json\/wp\/v2\/comments?post=157831"}],"version-history":[{"count":0,"href":"https:\/\/enolife.com.ar\/es\/wp-json\/wp\/v2\/posts\/157831\/revisions"}],"wp:featuredmedia":[{"embeddable":true,"href":"https:\/\/enolife.com.ar\/es\/wp-json\/wp\/v2\/media\/157951"}],"wp:attachment":[{"href":"https:\/\/enolife.com.ar\/es\/wp-json\/wp\/v2\/media?parent=157831"}],"wp:term":[{"taxonomy":"category","embeddable":true,"href":"https:\/\/enolife.com.ar\/es\/wp-json\/wp\/v2\/categories?post=157831"},{"taxonomy":"post_tag","embeddable":true,"href":"https:\/\/enolife.com.ar\/es\/wp-json\/wp\/v2\/tags?post=157831"}],"curies":[{"name":"wp","href":"https:\/\/api.w.org\/{rel}","templated":true}]}}