{"id":157815,"date":"2025-06-28T17:40:46","date_gmt":"2025-06-28T17:40:46","guid":{"rendered":"https:\/\/enolife.com.ar\/es\/?p=157815"},"modified":"2025-06-30T15:22:27","modified_gmt":"2025-06-30T15:22:27","slug":"convocan-a-todos-los-mendocinos-a-aportar-ideas-para-hacer-la-fiesta-de-la-vendimia-2026","status":"publish","type":"post","link":"https:\/\/enolife.com.ar\/es\/convocan-a-todos-los-mendocinos-a-aportar-ideas-para-hacer-la-fiesta-de-la-vendimia-2026\/","title":{"rendered":"Convocan a todos los mendocinos a aportar ideas para hacer la Fiesta de la Vendimia 2026"},"content":{"rendered":"\n<h4 class=\"wp-block-heading\"><em><strong>El Gobierno de Mendoza invit\u00f3 a los actores tradicionalmente involucrados en la Fiesta de la Vendimia, y tambi\u00e9n al p\u00fablico en general interesado en colaborar para que cada a\u00f1o la celebraci\u00f3n del evento art\u00edstico y cultural m\u00e1s importante de la provincia mejore en calidad y repercusi\u00f3n, a participar de un Foro los d\u00edas 5 y 6 de julio de 2025 en el Espacio Cultural Julio Le Parc. All\u00ed, con el aporte de los expertos y el p\u00fablico, se comenzar\u00e1 a diagramar la temporada vendimial 2026.<\/strong><\/em><\/h4>\n\n\n\n<div style=\"height:35px\" aria-hidden=\"true\" class=\"wp-block-spacer\"><\/div>\n\n\n<a href=\"https:\/\/instagram.com\/labelsolutions?igshid=YmMyMTA2M2Y=\" aria-label=\"Banner Palero 1700&#215;500\"><img loading=\"lazy\" decoding=\"async\" src=\"https:\/\/enolife.com.ar\/es\/wp-content\/uploads\/2021\/09\/Banner-Palero-1700x500-1.gif\" alt=\"\"  width=\"1700\" height=\"500\"   \/><\/a>\n\n\n<div style=\"height:45px\" aria-hidden=\"true\" class=\"wp-block-spacer\"><\/div>\n\n\n\n<p>La <strong>Subsecretar\u00eda de Cultura<\/strong> del gobierno de Mendoza, a trav\u00e9s de la Direcci\u00f3n de Vendimia y Producci\u00f3n Cultural de Mendoza, realizar\u00e1 los Foros Vendimia 2025, la instancia de mayor participaci\u00f3n para todas las personas que hacen posible esta celebraci\u00f3n desde los \u00e1mbitos art\u00edsticos, organizativos, t\u00e9cnicos y hasta para el p\u00fablico amante de Vendimia.<\/p>\n\n\n\n<p>Se trata de una instancia de intervenci\u00f3n ciudadana en la que se garantiza la participaci\u00f3n y selecci\u00f3n de las diversas tem\u00e1ticas en la que se desea participar, y en la que cada interesado tiene la posibilidad de realizar su aporte y compartir su experiencia.<\/p>\n\n\n\n<p class=\"has-background\" style=\"background-color:#abb7c25e\"><strong>Las personas interesadas en participar deber\u00e1n completar el formulario de inscripci\u00f3n&nbsp;<a href=\"https:\/\/docs.google.com\/forms\/d\/1rbiLv6eitUgR9ohRMS1z9vKg_BrRoSmFj0ZbVPCX6Co\/edit\" target=\"_blank\" rel=\"noreferrer noopener\">AQU\u00cd<\/a><\/strong><\/p>\n\n\n\n<div style=\"height:30px\" aria-hidden=\"true\" class=\"wp-block-spacer\"><\/div>\n\n\n<div class=\"wp-block-image\">\n<figure class=\"aligncenter size-full is-resized\"><a href=\"https:\/\/enolife.com.ar\/es\/wp-content\/uploads\/2025\/06\/Foros-vendimia1.jpeg\" data-rel=\"penci-gallery-image-content\" ><img loading=\"lazy\" decoding=\"async\" width=\"817\" height=\"500\" src=\"https:\/\/enolife.com.ar\/es\/wp-content\/uploads\/2025\/06\/Foros-vendimia1.jpeg\" alt=\"\" class=\"wp-image-157828\" style=\"width:633px;height:auto\" srcset=\"https:\/\/enolife.com.ar\/es\/wp-content\/uploads\/2025\/06\/Foros-vendimia1.jpeg 817w, https:\/\/enolife.com.ar\/es\/wp-content\/uploads\/2025\/06\/Foros-vendimia1-300x184.jpeg 300w, https:\/\/enolife.com.ar\/es\/wp-content\/uploads\/2025\/06\/Foros-vendimia1-768x470.jpeg 768w, https:\/\/enolife.com.ar\/es\/wp-content\/uploads\/2025\/06\/Foros-vendimia1-585x358.jpeg 585w\" sizes=\"auto, (max-width: 817px) 100vw, 817px\" \/><\/a><figcaption class=\"wp-element-caption\"><em><strong>Una reuni\u00f3n en 2024, en una instancia similar a la convocada para dise\u00f1ar la Vendimia 2026<\/strong><\/em><strong><em>.<\/em><\/strong><\/figcaption><\/figure><\/div>\n\n\n<div style=\"height:35px\" aria-hidden=\"true\" class=\"wp-block-spacer\"><\/div>\n\n\n\n<p class=\"has-medium-font-size\"><strong>Cronograma camino hacia los 90 a\u00f1os de Vendimia<\/strong><\/p>\n\n\n\n<p><strong>S\u00e1bado 5 de julio, de 8 a 14 hs &#8211; Mesas de trabajo,&nbsp;en el hall del Espacio Cultural Julio Le Parc<\/strong><\/p>\n\n\n\n<ul class=\"wp-block-list\">\n<li>T\u00e9cnica I&nbsp;\u2013 Escenario, cajas lum\u00ednicas y efectos especiales<\/li>\n\n\n\n<li>T\u00e9cnica II&nbsp;\u2013 Pantalla, Iluminaci\u00f3n y sonido &nbsp;&nbsp;&nbsp;&nbsp;&nbsp;<\/li>\n\n\n\n<li>Art\u00edstica I&nbsp;\u2013 Vestuario, Maquillaje, Utiler\u00eda, utileros y traspunte.<\/li>\n\n\n\n<li>Art\u00edstica II&nbsp;\u2013 Core\u00f3grafos, Dir. Actores y M\u00fasicos<\/li>\n\n\n\n<li>Guion, Direcci\u00f3n general y producci\u00f3n<\/li>\n\n\n\n<li>Vendimia, Patrimonio Inmaterial<\/li>\n\n\n\n<li>Comunicaci\u00f3n, bases y reglamentaci\u00f3n<\/li>\n\n\n\n<li>Accesibilidad y g\u00e9nero<\/li>\n\n\n\n<li>Reinas<\/li>\n<\/ul>\n\n\n\n<p><strong>&nbsp;Domingo 6 de julio, 10 a 14 hs &#8211; Sala Ernesto Su\u00e1rez, Espacio Cultural Julio Le Parc.<\/strong><\/p>\n\n\n\n<ul class=\"wp-block-list\">\n<li>Espacio de lectura de conclusiones por mesas<\/li>\n<\/ul>\n\n\n\n<div style=\"height:30px\" aria-hidden=\"true\" class=\"wp-block-spacer\"><\/div>\n","protected":false},"excerpt":{"rendered":"<p>El Gobierno de Mendoza invit\u00f3 a los actores tradicionalmente involucrados en la Fiesta de la&hellip;<\/p>\n","protected":false},"author":2,"featured_media":45135,"comment_status":"open","ping_status":"open","sticky":false,"template":"","format":"standard","meta":{"footnotes":""},"categories":[47],"tags":[],"class_list":["post-157815","post","type-post","status-publish","format-standard","has-post-thumbnail","hentry","category-agenda"],"_links":{"self":[{"href":"https:\/\/enolife.com.ar\/es\/wp-json\/wp\/v2\/posts\/157815","targetHints":{"allow":["GET"]}}],"collection":[{"href":"https:\/\/enolife.com.ar\/es\/wp-json\/wp\/v2\/posts"}],"about":[{"href":"https:\/\/enolife.com.ar\/es\/wp-json\/wp\/v2\/types\/post"}],"author":[{"embeddable":true,"href":"https:\/\/enolife.com.ar\/es\/wp-json\/wp\/v2\/users\/2"}],"replies":[{"embeddable":true,"href":"https:\/\/enolife.com.ar\/es\/wp-json\/wp\/v2\/comments?post=157815"}],"version-history":[{"count":0,"href":"https:\/\/enolife.com.ar\/es\/wp-json\/wp\/v2\/posts\/157815\/revisions"}],"wp:featuredmedia":[{"embeddable":true,"href":"https:\/\/enolife.com.ar\/es\/wp-json\/wp\/v2\/media\/45135"}],"wp:attachment":[{"href":"https:\/\/enolife.com.ar\/es\/wp-json\/wp\/v2\/media?parent=157815"}],"wp:term":[{"taxonomy":"category","embeddable":true,"href":"https:\/\/enolife.com.ar\/es\/wp-json\/wp\/v2\/categories?post=157815"},{"taxonomy":"post_tag","embeddable":true,"href":"https:\/\/enolife.com.ar\/es\/wp-json\/wp\/v2\/tags?post=157815"}],"curies":[{"name":"wp","href":"https:\/\/api.w.org\/{rel}","templated":true}]}}