{"id":157701,"date":"2025-06-26T23:31:36","date_gmt":"2025-06-26T23:31:36","guid":{"rendered":"https:\/\/enolife.com.ar\/es\/?p=157701"},"modified":"2025-06-27T13:36:03","modified_gmt":"2025-06-27T13:36:03","slug":"un-festival-de-poda-en-tupungato-para-mejorar-las-labores-culturales-de-la-vina-y-unir-a-la-comunidad","status":"publish","type":"post","link":"https:\/\/enolife.com.ar\/es\/un-festival-de-poda-en-tupungato-para-mejorar-las-labores-culturales-de-la-vina-y-unir-a-la-comunidad\/","title":{"rendered":"Un Festival de Poda en Tupungato para mejorar las labores culturales de la vi\u00f1a y unir a la comunidad"},"content":{"rendered":"\n<h4 class=\"wp-block-heading\"><em><strong>El 25\/6, el departamento de Tupungato, Valle de Uco, fue escenario del primer \u00abFestival de Poda en vid\u00bb. La actividad convoc\u00f3 a estudiantes, operarios, cuadrilleros, docentes y productores que participaron de charlas t\u00e9cnicas sobre poda, manejo de residuos y herramientas innovadoras. La jornada se coron\u00f3 con un concurso mixto de poda de vid, en el que un jurado compuesto por profesionales del INTA y la Coviar evaluaron la t\u00e9cnica, precisi\u00f3n y seguridad de los participantes. Como dato de color, en el podio de las mujeres participantes estuvo Ana Laura Verde, Reina Nacional de la Vendimia 2024.<\/strong><\/em><\/h4>\n\n\n\n<div style=\"height:35px\" aria-hidden=\"true\" class=\"wp-block-spacer\"><\/div>\n\n\n\n\n\n<div style=\"height:45px\" aria-hidden=\"true\" class=\"wp-block-spacer\"><\/div>\n\n\n\n<p>Por iniciativa de la <strong>Corporaci\u00f3n Vitivin\u00edcola Argentina (Coviar<\/strong>), el <strong>Instituto Nacional de Tecnolog\u00eda Agr\u00edcola (INTA)<\/strong>, la <strong>Municipalidad de Tupungato<\/strong> y <strong>empresas privadas,<\/strong> el mi\u00e9rcoles 25 de junio se llev\u00f3 a cabo el primer \u00ab<strong>Festival de Poda en vid\u00bb<\/strong>&nbsp;en la <strong>Finca La Solariega<\/strong> de este departamento del Valle de Uco, Mendoza.<\/p>\n\n\n\n<p>El objetivo de este festival es fortalecer la comunidad vitivin\u00edcola local, adem\u00e1s de promover, preservar, y mejorar las t\u00e9cnicas de poda, al tiempo que se fomenta la sustentabilidad en el proceso. Las variedades de vid para vinificaci\u00f3n se podaron con los sistemas tradicionalesa, mientras que se exploraron tambi\u00e9n los sistemas mecanizados que representan el futuro de la vitivinicultura.<\/p>\n\n\n\n<div style=\"height:35px\" aria-hidden=\"true\" class=\"wp-block-spacer\"><\/div>\n\n\n<div class=\"wp-block-image\">\n<figure class=\"aligncenter size-full is-resized\"><a href=\"https:\/\/enolife.com.ar\/es\/wp-content\/uploads\/2025\/06\/WhatsApp-Image-2025-06-26-at-16.11.11-2.jpeg\" data-rel=\"penci-gallery-image-content\" ><img loading=\"lazy\" decoding=\"async\" width=\"945\" height=\"500\" src=\"https:\/\/enolife.com.ar\/es\/wp-content\/uploads\/2025\/06\/WhatsApp-Image-2025-06-26-at-16.11.11-2.jpeg\" alt=\"\" class=\"wp-image-157724\" style=\"width:572px;height:auto\" srcset=\"https:\/\/enolife.com.ar\/es\/wp-content\/uploads\/2025\/06\/WhatsApp-Image-2025-06-26-at-16.11.11-2.jpeg 945w, https:\/\/enolife.com.ar\/es\/wp-content\/uploads\/2025\/06\/WhatsApp-Image-2025-06-26-at-16.11.11-2-300x159.jpeg 300w, https:\/\/enolife.com.ar\/es\/wp-content\/uploads\/2025\/06\/WhatsApp-Image-2025-06-26-at-16.11.11-2-768x406.jpeg 768w, https:\/\/enolife.com.ar\/es\/wp-content\/uploads\/2025\/06\/WhatsApp-Image-2025-06-26-at-16.11.11-2-585x310.jpeg 585w\" sizes=\"auto, (max-width: 945px) 100vw, 945px\" \/><\/a><\/figure><\/div>\n\n\n<div style=\"height:40px\" aria-hidden=\"true\" class=\"wp-block-spacer\"><\/div>\n\n\n\n<p>De la jornada participaron estudiantes, operarios, cuadrilleros, docentes, productores y el intendente<strong> <\/strong>de la Tupungato, <strong>Gustavo Aguilera<\/strong>, quien destac\u00f3 la importancia de la actividad por <em>\u00abponer en valor el trabajo de hombres y mujeres en las vi\u00f1as, verdaderos hacedores del vino que da identidad a Tupungato\u00bb<\/em>. Tambi\u00e9n particip\u00f3 la Reina Departamental de la Vendimia,<strong> Julieta Renzi<\/strong>.<\/p>\n\n\n\n<div style=\"height:35px\" aria-hidden=\"true\" class=\"wp-block-spacer\"><\/div>\n\n\n<div class=\"wp-block-image\">\n<figure class=\"aligncenter size-full is-resized\"><a href=\"https:\/\/enolife.com.ar\/es\/wp-content\/uploads\/2025\/06\/WhatsApp-Image-2025-06-26-at-16.27.18.jpeg\" data-rel=\"penci-gallery-image-content\" ><img loading=\"lazy\" decoding=\"async\" width=\"867\" height=\"500\" src=\"https:\/\/enolife.com.ar\/es\/wp-content\/uploads\/2025\/06\/WhatsApp-Image-2025-06-26-at-16.27.18.jpeg\" alt=\"\" class=\"wp-image-157721\" style=\"width:572px;height:auto\" srcset=\"https:\/\/enolife.com.ar\/es\/wp-content\/uploads\/2025\/06\/WhatsApp-Image-2025-06-26-at-16.27.18.jpeg 867w, https:\/\/enolife.com.ar\/es\/wp-content\/uploads\/2025\/06\/WhatsApp-Image-2025-06-26-at-16.27.18-300x173.jpeg 300w, https:\/\/enolife.com.ar\/es\/wp-content\/uploads\/2025\/06\/WhatsApp-Image-2025-06-26-at-16.27.18-768x443.jpeg 768w, https:\/\/enolife.com.ar\/es\/wp-content\/uploads\/2025\/06\/WhatsApp-Image-2025-06-26-at-16.27.18-585x337.jpeg 585w\" sizes=\"auto, (max-width: 867px) 100vw, 867px\" \/><\/a><figcaption class=\"wp-element-caption\"><em><strong>Julieta Renzi, Gustavo Aguilera y Ana Laura Verde<\/strong><\/em>.<\/figcaption><\/figure><\/div>\n\n\n<div style=\"height:40px\" aria-hidden=\"true\" class=\"wp-block-spacer\"><\/div>\n\n\n\n<p>Durante la ma\u00f1ana se realizaron charlas t\u00e9cnicas sobre poda, manejo de residuos y herramientas innovadoras. Por la tarde, tuvo lugar un concurso mixto de poda en vi\u00f1a, donde se evalu\u00f3 la t\u00e9cnica, la precisi\u00f3n y la seguridad, y los ganadores fueron premiados con un kit de herramientas de Bahco.<\/p>\n\n\n\n<div style=\"height:35px\" aria-hidden=\"true\" class=\"wp-block-spacer\"><\/div>\n\n\n\n<figure class=\"wp-block-gallery has-nested-images columns-default is-cropped wp-block-gallery-1 is-layout-flex wp-block-gallery-is-layout-flex\">\n<figure class=\"wp-block-image size-full\"><a href=\"https:\/\/enolife.com.ar\/es\/wp-content\/uploads\/2025\/06\/WhatsApp-Image-2025-06-26-at-16.11.11-3.jpeg\" data-rel=\"penci-gallery-image-content\" ><img loading=\"lazy\" decoding=\"async\" width=\"861\" height=\"500\" data-id=\"157736\" src=\"https:\/\/enolife.com.ar\/es\/wp-content\/uploads\/2025\/06\/WhatsApp-Image-2025-06-26-at-16.11.11-3.jpeg\" alt=\"\" class=\"wp-image-157736\" srcset=\"https:\/\/enolife.com.ar\/es\/wp-content\/uploads\/2025\/06\/WhatsApp-Image-2025-06-26-at-16.11.11-3.jpeg 861w, https:\/\/enolife.com.ar\/es\/wp-content\/uploads\/2025\/06\/WhatsApp-Image-2025-06-26-at-16.11.11-3-300x174.jpeg 300w, https:\/\/enolife.com.ar\/es\/wp-content\/uploads\/2025\/06\/WhatsApp-Image-2025-06-26-at-16.11.11-3-768x446.jpeg 768w, https:\/\/enolife.com.ar\/es\/wp-content\/uploads\/2025\/06\/WhatsApp-Image-2025-06-26-at-16.11.11-3-585x340.jpeg 585w\" sizes=\"auto, (max-width: 861px) 100vw, 861px\" \/><\/a><\/figure>\n\n\n\n<figure class=\"wp-block-image size-full\"><a href=\"https:\/\/enolife.com.ar\/es\/wp-content\/uploads\/2025\/06\/WhatsApp-Image-2025-06-26-at-16.27.17.jpeg\" data-rel=\"penci-gallery-image-content\" ><img loading=\"lazy\" decoding=\"async\" width=\"879\" height=\"500\" data-id=\"157737\" src=\"https:\/\/enolife.com.ar\/es\/wp-content\/uploads\/2025\/06\/WhatsApp-Image-2025-06-26-at-16.27.17.jpeg\" alt=\"\" class=\"wp-image-157737\" srcset=\"https:\/\/enolife.com.ar\/es\/wp-content\/uploads\/2025\/06\/WhatsApp-Image-2025-06-26-at-16.27.17.jpeg 879w, https:\/\/enolife.com.ar\/es\/wp-content\/uploads\/2025\/06\/WhatsApp-Image-2025-06-26-at-16.27.17-300x171.jpeg 300w, https:\/\/enolife.com.ar\/es\/wp-content\/uploads\/2025\/06\/WhatsApp-Image-2025-06-26-at-16.27.17-768x437.jpeg 768w, https:\/\/enolife.com.ar\/es\/wp-content\/uploads\/2025\/06\/WhatsApp-Image-2025-06-26-at-16.27.17-585x333.jpeg 585w\" sizes=\"auto, (max-width: 879px) 100vw, 879px\" \/><\/a><\/figure>\n<\/figure>\n\n\n\n<div style=\"height:40px\" aria-hidden=\"true\" class=\"wp-block-spacer\"><\/div>\n\n\n\n<p>Adem\u00e1s de las actividades t\u00e9cnicas y productivas, el festival incluy\u00f3 propuestas culturales y art\u00edsticas. El<strong> Ballet Folkl\u00f3rico de la Municipalidad <\/strong>brind\u00f3 un espect\u00e1culo que puso en valor las ra\u00edces mendocinas, mientras que emprendedores y artesanos locales ofrecieron productos elaborados a base de uva y una exposici\u00f3n de arte que reflej\u00f3 la diversidad de esta tierra de cosecha.<\/p>\n\n\n\n<div style=\"height:35px\" aria-hidden=\"true\" class=\"wp-block-spacer\"><\/div>\n\n\n\n<figure class=\"wp-block-gallery has-nested-images columns-default is-cropped wp-block-gallery-2 is-layout-flex wp-block-gallery-is-layout-flex\">\n<figure class=\"wp-block-image size-full\"><a href=\"https:\/\/enolife.com.ar\/es\/wp-content\/uploads\/2025\/06\/WhatsApp-Image-2025-06-26-at-16.11.11-1-1.jpeg\" data-rel=\"penci-gallery-image-content\" ><img loading=\"lazy\" decoding=\"async\" width=\"534\" height=\"499\" data-id=\"157734\" src=\"https:\/\/enolife.com.ar\/es\/wp-content\/uploads\/2025\/06\/WhatsApp-Image-2025-06-26-at-16.11.11-1-1.jpeg\" alt=\"\" class=\"wp-image-157734\" srcset=\"https:\/\/enolife.com.ar\/es\/wp-content\/uploads\/2025\/06\/WhatsApp-Image-2025-06-26-at-16.11.11-1-1.jpeg 534w, https:\/\/enolife.com.ar\/es\/wp-content\/uploads\/2025\/06\/WhatsApp-Image-2025-06-26-at-16.11.11-1-1-300x280.jpeg 300w\" sizes=\"auto, (max-width: 534px) 100vw, 534px\" \/><\/a><\/figure>\n\n\n\n<figure class=\"wp-block-image size-full\"><a href=\"https:\/\/enolife.com.ar\/es\/wp-content\/uploads\/2025\/06\/WhatsApp-Image-2025-06-26-at-16.27.18-1.jpeg\" data-rel=\"penci-gallery-image-content\" ><img loading=\"lazy\" decoding=\"async\" width=\"587\" height=\"500\" data-id=\"157733\" src=\"https:\/\/enolife.com.ar\/es\/wp-content\/uploads\/2025\/06\/WhatsApp-Image-2025-06-26-at-16.27.18-1.jpeg\" alt=\"\" class=\"wp-image-157733\" srcset=\"https:\/\/enolife.com.ar\/es\/wp-content\/uploads\/2025\/06\/WhatsApp-Image-2025-06-26-at-16.27.18-1.jpeg 587w, https:\/\/enolife.com.ar\/es\/wp-content\/uploads\/2025\/06\/WhatsApp-Image-2025-06-26-at-16.27.18-1-300x256.jpeg 300w, https:\/\/enolife.com.ar\/es\/wp-content\/uploads\/2025\/06\/WhatsApp-Image-2025-06-26-at-16.27.18-1-585x498.jpeg 585w\" sizes=\"auto, (max-width: 587px) 100vw, 587px\" \/><\/a><\/figure>\n<\/figure>\n\n\n\n<div style=\"height:40px\" aria-hidden=\"true\" class=\"wp-block-spacer\"><\/div>\n\n\n\n<p class=\"has-medium-font-size\"><strong>Los ganadores del concurso de poda<\/strong><\/p>\n\n\n\n<p>El jurado estuvo conformado por <strong>Agust\u00edn Torres<\/strong>, <strong>Cristian Bonamaizon<\/strong> y <strong>Cintia Valverde<\/strong> de la Coviar; <strong>Federico Fuligna<\/strong> y <strong>Laura Coste\u00f1a<\/strong> del INTA y <strong>Gladys Chausino<\/strong> de la <strong>Finca La Humbertita<\/strong>, quienes eligieron a los mejores podadores de la fiesta:<\/p>\n\n\n\n<p><strong>Categor\u00eda Hombres<\/strong><\/p>\n\n\n\n<ul class=\"wp-block-list\">\n<li>1\u00b0 puesto: <strong>Hugo P\u00e9rez<\/strong><\/li>\n\n\n\n<li>2\u00b0 puesto: <strong>Santiago Fern\u00e1ndez<\/strong><\/li>\n\n\n\n<li>3\u00b0 puesto: I<strong>gnacio P\u00e9rez<\/strong><\/li>\n\n\n\n<li>Menci\u00f3n Especial: <strong>Ricardo Donaire<\/strong><\/li>\n<\/ul>\n\n\n\n<p><strong>Categor\u00eda Mujeres<\/strong><\/p>\n\n\n\n<ul class=\"wp-block-list\">\n<li>1\u00b0 puesto:<strong> Luana Caetano<\/strong><\/li>\n\n\n\n<li>2\u00b0 puesto: <strong>Ana Laura Verde<\/strong> (Reina Nacional de la Vendimia 2024)<\/li>\n\n\n\n<li>Menci\u00f3n especial: <strong>Claudia Corzo<\/strong><\/li>\n<\/ul>\n\n\n\n<div style=\"height:30px\" aria-hidden=\"true\" class=\"wp-block-spacer\"><\/div>\n","protected":false},"excerpt":{"rendered":"<p>El 25\/6, el departamento de Tupungato, Valle de Uco, fue escenario del primer \u00abFestival de&hellip;<\/p>\n","protected":false},"author":2,"featured_media":157720,"comment_status":"open","ping_status":"open","sticky":false,"template":"","format":"standard","meta":{"footnotes":""},"categories":[14],"tags":[],"class_list":["post-157701","post","type-post","status-publish","format-standard","has-post-thumbnail","hentry","category-news"],"_links":{"self":[{"href":"https:\/\/enolife.com.ar\/es\/wp-json\/wp\/v2\/posts\/157701","targetHints":{"allow":["GET"]}}],"collection":[{"href":"https:\/\/enolife.com.ar\/es\/wp-json\/wp\/v2\/posts"}],"about":[{"href":"https:\/\/enolife.com.ar\/es\/wp-json\/wp\/v2\/types\/post"}],"author":[{"embeddable":true,"href":"https:\/\/enolife.com.ar\/es\/wp-json\/wp\/v2\/users\/2"}],"replies":[{"embeddable":true,"href":"https:\/\/enolife.com.ar\/es\/wp-json\/wp\/v2\/comments?post=157701"}],"version-history":[{"count":0,"href":"https:\/\/enolife.com.ar\/es\/wp-json\/wp\/v2\/posts\/157701\/revisions"}],"wp:featuredmedia":[{"embeddable":true,"href":"https:\/\/enolife.com.ar\/es\/wp-json\/wp\/v2\/media\/157720"}],"wp:attachment":[{"href":"https:\/\/enolife.com.ar\/es\/wp-json\/wp\/v2\/media?parent=157701"}],"wp:term":[{"taxonomy":"category","embeddable":true,"href":"https:\/\/enolife.com.ar\/es\/wp-json\/wp\/v2\/categories?post=157701"},{"taxonomy":"post_tag","embeddable":true,"href":"https:\/\/enolife.com.ar\/es\/wp-json\/wp\/v2\/tags?post=157701"}],"curies":[{"name":"wp","href":"https:\/\/api.w.org\/{rel}","templated":true}]}}