{"id":157682,"date":"2025-06-27T15:53:48","date_gmt":"2025-06-27T15:53:48","guid":{"rendered":"https:\/\/enolife.com.ar\/es\/?p=157682"},"modified":"2025-06-28T23:12:22","modified_gmt":"2025-06-28T23:12:22","slug":"el-28-y-29-6-presentan-250-etiquetas-de-vinos-naturales-en-la-feria-salvaje-de-palermo","status":"publish","type":"post","link":"https:\/\/enolife.com.ar\/es\/el-28-y-29-6-presentan-250-etiquetas-de-vinos-naturales-en-la-feria-salvaje-de-palermo\/","title":{"rendered":"El 28 y 29\/6 presentan 250 etiquetas de vinos naturales en la \u00abFeria Salvaje\u00bb de Palermo"},"content":{"rendered":"\n<h4 class=\"wp-block-heading\"><em><strong>Nacida en 2021, Feria Salvaje es un espacio de encuentro entre consumidores y productores de vinos naturales, biodin\u00e1micos y org\u00e1nicos. Su edici\u00f3n 2025, la quinta, se llevar\u00e1 a cabo los d\u00edas 28 y 29 de junio en el barrio porte\u00f1o de Palermo y se presentar\u00e1n 250 etiquetas de 50 bodegas nacionales y 12 provenientes de Uruguay, Brasil, Chile y Bolivia, Italia y Espa\u00f1a. Las venta de entradas es anticipada y arrancan desde los $95.000, incluyendo degustaciones libres y acceso a capacitaciones y charlas.<\/strong><\/em><\/h4>\n\n\n\n<div style=\"height:35px\" aria-hidden=\"true\" class=\"wp-block-spacer\"><\/div>\n\n\n<a href=\"https:\/\/www.instagram.com\/agroconciencia_\" aria-label=\"BANNER AGROCONCIENCIA 1700X500\"><img loading=\"lazy\" decoding=\"async\" src=\"https:\/\/enolife.com.ar\/es\/wp-content\/uploads\/2019\/07\/BANNER-AGROCONCIENCIA-1700X500-1.jpg\" alt=\"\"  srcset=\"https:\/\/enolife.com.ar\/es\/wp-content\/uploads\/2019\/07\/BANNER-AGROCONCIENCIA-1700X500-1.jpg 1700w, https:\/\/enolife.com.ar\/es\/wp-content\/uploads\/2019\/07\/BANNER-AGROCONCIENCIA-1700X500-1-300x88.jpg 300w, https:\/\/enolife.com.ar\/es\/wp-content\/uploads\/2019\/07\/BANNER-AGROCONCIENCIA-1700X500-1-1024x301.jpg 1024w, https:\/\/enolife.com.ar\/es\/wp-content\/uploads\/2019\/07\/BANNER-AGROCONCIENCIA-1700X500-1-768x226.jpg 768w, https:\/\/enolife.com.ar\/es\/wp-content\/uploads\/2019\/07\/BANNER-AGROCONCIENCIA-1700X500-1-1536x452.jpg 1536w, https:\/\/enolife.com.ar\/es\/wp-content\/uploads\/2019\/07\/BANNER-AGROCONCIENCIA-1700X500-1-1170x344.jpg 1170w, https:\/\/enolife.com.ar\/es\/wp-content\/uploads\/2019\/07\/BANNER-AGROCONCIENCIA-1700X500-1-585x172.jpg 585w\" sizes=\"auto, (max-width: 1700px) 100vw, 1700px\" width=\"1700\" height=\"500\"   \/><\/a>\n\n\n<div style=\"height:45px\" aria-hidden=\"true\" class=\"wp-block-spacer\"><\/div>\n\n\n\n<p>Feria Salvaje convoca a productores de vinos naturales y biodin\u00e1micos de Argentina y otros pa\u00edses, que contar\u00e1 con charlas y degustaciones para dar a conocer los aspectos particulares de cada vino, regiones, m\u00e9todos y las personas que est\u00e1n detr\u00e1s de su elaboraci\u00f3n. Su quinta edici\u00f3n se llevar\u00e1 a cabo los d\u00edas <strong>s\u00e1bado 28 y domingo 29 de junio, de 12:00 a 18:30 horas, en el Sal\u00f3n \u201cLos Barriales\u201d, del Regimiento de Granaderos a Caballo, Gral. Manuel Savio 499<\/strong>, <strong>Palermo<\/strong>, CABA. <\/p>\n\n\n\n<p>Seg\u00fan <strong>Pamela Godoy, una de sus creadoras<\/strong> <em>\u201cFeria Salvaje es la primer, y hasta ahora, \u00fanica feria de vinos naturales, libres y biodin\u00e1micos de toda la Argentina\u00a0y, en cada edici\u00f3n que pasa, seguimos abriendo fronteras latinoamericanas. Es un espacio de encuentro que creamos en el a\u00f1o 2021 luego de la pandemia a ra\u00edz de una necesidad y\u00a0un prop\u00f3sito claro: reunir y conectar al p\u00fablico consumidor y profesional con el mundo del vino natural, artesanal y sensible, as\u00ed como tambi\u00e9n con elaboradores de alimentos y productos alineados a una filosof\u00eda responsable, comprometida y sustentable con el medio ambiente\u201d.<\/em><\/p>\n\n\n\n<p>Esta edici\u00f3n contar\u00e1 con <strong>50 bodegas <\/strong>nacionales de diferentes provincias como <strong>Buenos Aires, Mendoza, San Juan, Salta, R\u00edo Negro y Chubut<\/strong>. Tambi\u00e9n <strong>12 <\/strong>proyectos de pa\u00edses hermanos latinoamericanos como <strong>Uruguay, Brasil, Chile y Bolivia<\/strong>, y por primera vez participar\u00e1n de <strong>Italia y Espa\u00f1a<\/strong>, completando as\u00ed 62 expositores de vinos, con 250 etiquetas de vino para degustar. <\/p>\n\n\n\n<div style=\"height:35px\" aria-hidden=\"true\" class=\"wp-block-spacer\"><\/div>\n\n\n\n<figure class=\"wp-block-gallery has-nested-images columns-default is-cropped wp-block-gallery-1 is-layout-flex wp-block-gallery-is-layout-flex\">\n<figure class=\"wp-block-image size-full\"><a href=\"https:\/\/enolife.com.ar\/es\/wp-content\/uploads\/2025\/06\/Imagen1-28.jpg\" data-rel=\"penci-gallery-image-content\" ><img loading=\"lazy\" decoding=\"async\" width=\"500\" height=\"500\" data-id=\"157804\" src=\"https:\/\/enolife.com.ar\/es\/wp-content\/uploads\/2025\/06\/Imagen1-28.jpg\" alt=\"\" class=\"wp-image-157804\" srcset=\"https:\/\/enolife.com.ar\/es\/wp-content\/uploads\/2025\/06\/Imagen1-28.jpg 500w, https:\/\/enolife.com.ar\/es\/wp-content\/uploads\/2025\/06\/Imagen1-28-300x300.jpg 300w, https:\/\/enolife.com.ar\/es\/wp-content\/uploads\/2025\/06\/Imagen1-28-150x150.jpg 150w\" sizes=\"auto, (max-width: 500px) 100vw, 500px\" \/><\/a><\/figure>\n\n\n\n<figure class=\"wp-block-image size-full\"><a href=\"https:\/\/enolife.com.ar\/es\/wp-content\/uploads\/2025\/06\/Imagen2-15.jpg\" data-rel=\"penci-gallery-image-content\" ><img loading=\"lazy\" decoding=\"async\" width=\"500\" height=\"500\" data-id=\"157805\" src=\"https:\/\/enolife.com.ar\/es\/wp-content\/uploads\/2025\/06\/Imagen2-15.jpg\" alt=\"\" class=\"wp-image-157805\" srcset=\"https:\/\/enolife.com.ar\/es\/wp-content\/uploads\/2025\/06\/Imagen2-15.jpg 500w, https:\/\/enolife.com.ar\/es\/wp-content\/uploads\/2025\/06\/Imagen2-15-300x300.jpg 300w, https:\/\/enolife.com.ar\/es\/wp-content\/uploads\/2025\/06\/Imagen2-15-150x150.jpg 150w\" sizes=\"auto, (max-width: 500px) 100vw, 500px\" \/><\/a><\/figure>\n<\/figure>\n\n\n\n<div style=\"height:40px\" aria-hidden=\"true\" class=\"wp-block-spacer\"><\/div>\n\n\n\n<p>Tambi\u00e9n se presentar\u00e1n otras bebidas como gin, sake, verm\u00fa, sidra, cerveza, hidromiel y kombucha. Todo acompa\u00f1ado de alimentos como panes, quesos, cacao, picantes, mieles, fermentos. La propuesta gastron\u00f3mica incluir\u00e1 propuestas de los resto porte\u00f1os Donnet, Fornole, Catalino, Vina Buchette y La Kitchen. <\/p>\n\n\n\n<p><em>\u201cNuestro norte es divulgar y acercar al p\u00fablico la vitivinicultura de oficio y las producciones de alimentos comprometidas con el entorno, adem\u00e1s de fomentar lazos entre los productores mismos para que puedan compartir experiencias, informaci\u00f3n y potenciar sus proyectos. Es nuestra filosof\u00eda dar apoyo a quienes llevan pr\u00e1cticas sanas en el vi\u00f1edo mediante agriculturas sustentables, que luego son respetadas al momento de hacer vino: fermentaciones 100% espont\u00e1neas, m\u00ednimas o nulas pr\u00e1cticas enol\u00f3gicas como sulfitados, clarificados y filtrados\u201d<\/em>, agrega <strong>Luc\u00eda Bulacio, socia del proyecto.<\/strong><\/p>\n\n\n\n<p>Las entradas se venden s\u00f3lo de forma anticipada y los precios arrancan desde los $95.000, incluyen la degustaci\u00f3n libre de todos los vinos y productos de la feria, charlas y capacitaciones sobre el mundo vino, libre acceso al agua natural y la copa de Feria Salvaje.<\/p>\n\n\n\n<p class=\"has-background\" style=\"background-color:#abb7c263\"><strong>Se pueden adquirir <a href=\"https:\/\/events.blackid.app\/\">AQU\u00cd<\/a><\/strong> <strong>&#8211; M\u00e1s info: <a href=\"https:\/\/www.feriasalvaje.com.ar\/\">feriasalvaje.com.ar<\/a> &#8211; IG: <a href=\"https:\/\/www.instagram.com\/feriasalvaje\/?hl=es\">feriasalvaje<\/a><\/strong><\/p>\n\n\n\n<div style=\"height:35px\" aria-hidden=\"true\" class=\"wp-block-spacer\"><\/div>\n","protected":false},"excerpt":{"rendered":"<p>Nacida en 2021, Feria Salvaje es un espacio de encuentro entre consumidores y productores de&hellip;<\/p>\n","protected":false},"author":2,"featured_media":157810,"comment_status":"open","ping_status":"open","sticky":false,"template":"","format":"standard","meta":{"footnotes":""},"categories":[10],"tags":[],"class_list":["post-157682","post","type-post","status-publish","format-standard","has-post-thumbnail","hentry","category-ferias"],"_links":{"self":[{"href":"https:\/\/enolife.com.ar\/es\/wp-json\/wp\/v2\/posts\/157682","targetHints":{"allow":["GET"]}}],"collection":[{"href":"https:\/\/enolife.com.ar\/es\/wp-json\/wp\/v2\/posts"}],"about":[{"href":"https:\/\/enolife.com.ar\/es\/wp-json\/wp\/v2\/types\/post"}],"author":[{"embeddable":true,"href":"https:\/\/enolife.com.ar\/es\/wp-json\/wp\/v2\/users\/2"}],"replies":[{"embeddable":true,"href":"https:\/\/enolife.com.ar\/es\/wp-json\/wp\/v2\/comments?post=157682"}],"version-history":[{"count":0,"href":"https:\/\/enolife.com.ar\/es\/wp-json\/wp\/v2\/posts\/157682\/revisions"}],"wp:featuredmedia":[{"embeddable":true,"href":"https:\/\/enolife.com.ar\/es\/wp-json\/wp\/v2\/media\/157810"}],"wp:attachment":[{"href":"https:\/\/enolife.com.ar\/es\/wp-json\/wp\/v2\/media?parent=157682"}],"wp:term":[{"taxonomy":"category","embeddable":true,"href":"https:\/\/enolife.com.ar\/es\/wp-json\/wp\/v2\/categories?post=157682"},{"taxonomy":"post_tag","embeddable":true,"href":"https:\/\/enolife.com.ar\/es\/wp-json\/wp\/v2\/tags?post=157682"}],"curies":[{"name":"wp","href":"https:\/\/api.w.org\/{rel}","templated":true}]}}