{"id":157553,"date":"2025-06-25T14:58:12","date_gmt":"2025-06-25T14:58:12","guid":{"rendered":"https:\/\/enolife.com.ar\/es\/?p=157553"},"modified":"2025-06-26T19:26:44","modified_gmt":"2025-06-26T19:26:44","slug":"como-enfrentar-los-impactos-de-la-lobesia-botrana-en-vinedos-en-una-charla-gratuita-de-avm","status":"publish","type":"post","link":"https:\/\/enolife.com.ar\/es\/como-enfrentar-los-impactos-de-la-lobesia-botrana-en-vinedos-en-una-charla-gratuita-de-avm\/","title":{"rendered":"C\u00f3mo enfrentar los impactos de la Lobesia botrana en vi\u00f1edos, en una charla gratuita de AVM"},"content":{"rendered":"\n<h4 class=\"wp-block-heading\"><em><strong>El 3 de julio a las 16 hs, la Asociaci\u00f3n de Vi\u00f1ateros de Mendoza (AVM), dictar\u00e1 la charla informativa \u00abLobesia: Da\u00f1os y disminuci\u00f3n de la producci\u00f3n\u00bb. La participaci\u00f3n es libre y gratuita y se llevar\u00e1 a cabo en la Finca Demald\u00e9 de Jun\u00edn (Mendoza).<\/strong><\/em><\/h4>\n\n\n\n<div style=\"height:35px\" aria-hidden=\"true\" class=\"wp-block-spacer\"><\/div>\n\n\n\n\n\n<div style=\"height:45px\" aria-hidden=\"true\" class=\"wp-block-spacer\"><\/div>\n\n\n\n<p>Lobesia botrana o \u00abpolilla de la vid\u00bb, es una polilla cuyo alimento principal es la vid, donde desarrolla su ciclo de vida de manera completa, pasando por los estados de huevo, larva o gusano, pupa o cris\u00e1lida y adulto en cada generaci\u00f3n. <\/p>\n\n\n\n<p>Las larvas se alimentan de las flores o de los granos causando el da\u00f1o. La primera generaci\u00f3n de la temporada ataca a los grupos de flores (inflorescencias) cubri\u00e9ndolos adem\u00e1s con hilos de seda. Las restantes generaciones, provocan da\u00f1os en las uvas en formaci\u00f3n y en los frutos ya desarrollados. En nuestro pa\u00eds, la plaga tiene cuatro generaciones. <\/p>\n\n\n\n<p>Produce da\u00f1os directos provocando p\u00e9rdidas en los vol\u00famenes de producci\u00f3n, menor rendimiento por planta y afectando la calidad de la fruta tanto para consumo en fresco como para vinificaci\u00f3n. Asimismo, favorece el ataque de diversos hongos pat\u00f3genos que provocan la podredumbre del racimo. En uva para vinificar, los residuos que dejan estos hongos transmiten mal olor y sabor a los vinos (da\u00f1os indirectos). Adem\u00e1s de los da\u00f1os productivos y de calidad, esta plaga causa importantes perjuicios econ\u00f3micos a trav\u00e9s de las regulaciones que imponen los pa\u00edses importadores en el comercio internacional.<\/p>\n\n\n<div class=\"wp-block-image\">\n<figure class=\"alignleft size-full is-resized\"><a href=\"https:\/\/enolife.com.ar\/es\/wp-content\/uploads\/2025\/06\/508887192_742187788161066_5379815368210227683_n.jpg\" data-rel=\"penci-gallery-image-content\" ><img loading=\"lazy\" decoding=\"async\" width=\"400\" height=\"451\" src=\"https:\/\/enolife.com.ar\/es\/wp-content\/uploads\/2025\/06\/508887192_742187788161066_5379815368210227683_n.jpg\" alt=\"\" class=\"wp-image-157555\" style=\"width:375px;height:auto\" srcset=\"https:\/\/enolife.com.ar\/es\/wp-content\/uploads\/2025\/06\/508887192_742187788161066_5379815368210227683_n.jpg 400w, https:\/\/enolife.com.ar\/es\/wp-content\/uploads\/2025\/06\/508887192_742187788161066_5379815368210227683_n-266x300.jpg 266w\" sizes=\"auto, (max-width: 400px) 100vw, 400px\" \/><\/a><\/figure><\/div>\n\n\n<p>La plaga se propaga por movimiento o tr\u00e1nsito de fruta fresca de uva infectada, de maquinaria usada sin lavar ni desinsectar que egresa de provincias donde est\u00e1 presente la plaga. Tambi\u00e9n constituyen v\u00edas o medios potenciales de dispersi\u00f3n los residuos de las tareas de podas, restos de fruta que queden en la planta, cajones, bins u otros elementos que se utilicen en la cosecha y no se laven adecuadamente, etc. En nuestro pa\u00eds, el movimiento de fruta fresca, de m\u00e1quinas cosechadoras y de plantas de vid desde las provincias con presencia de la plaga se encuentra reglamentado.<\/p>\n\n\n\n<p>Con el objetivo de informar sobre los impactos de la Lobesia Botrana en vi\u00f1edos y c\u00f3mo enfrentarla para minimizar p\u00e9rdidas productivas, la <strong>Asociaci\u00f3n Vi\u00f1ateros de Mendoza <\/strong>invita a productores, t\u00e9cnicos y p\u00fablico en general a participar de la <strong>jornada de capacitaci\u00f3n<\/strong> <strong>\u00abLobesia: Da\u00f1os y disminuci\u00f3n de la producci\u00f3n\u00bb<\/strong>.<\/p>\n\n\n\n<p class=\"has-background\" style=\"background-color:#abb7c275\">La charla ser\u00e1 de participaci\u00f3n <strong>libre y gratuita<\/strong>, el <strong>jueves 3 de julio<\/strong> a las <strong>16:00 hs<\/strong> en la <strong>Finca Demald\u00e9<\/strong> (Jes\u00fas Mar\u00eda), Calle Moraleda, a 200 metros al Oeste de Caballero, Jun\u00edn (<strong>Ver ubicaci\u00f3n en <a href=\"https:\/\/www.google.com.ar\/maps\/place\/33%C2%B007'48.9%22S+68%C2%B033'32.5%22W\/@-33.1294348,-68.5587215,299m\/data=!3m1!1e3!4m4!3m3!8m2!3d-33.13025!4d-68.5590278?entry=ttu&amp;g_ep=EgoyMDI1MDYxNy4wIKXMDSoASAFQAw%3D%3D\">Google Maps<\/a><\/strong>).<\/p>\n\n\n\n<div style=\"height:35px\" aria-hidden=\"true\" class=\"wp-block-spacer\"><\/div>\n\n\n\n<p><\/p>\n","protected":false},"excerpt":{"rendered":"<p>El 3 de julio a las 16 hs, la Asociaci\u00f3n de Vi\u00f1ateros de Mendoza (AVM),&hellip;<\/p>\n","protected":false},"author":2,"featured_media":157564,"comment_status":"open","ping_status":"open","sticky":false,"template":"","format":"standard","meta":{"footnotes":""},"categories":[47],"tags":[],"class_list":["post-157553","post","type-post","status-publish","format-standard","has-post-thumbnail","hentry","category-agenda"],"_links":{"self":[{"href":"https:\/\/enolife.com.ar\/es\/wp-json\/wp\/v2\/posts\/157553","targetHints":{"allow":["GET"]}}],"collection":[{"href":"https:\/\/enolife.com.ar\/es\/wp-json\/wp\/v2\/posts"}],"about":[{"href":"https:\/\/enolife.com.ar\/es\/wp-json\/wp\/v2\/types\/post"}],"author":[{"embeddable":true,"href":"https:\/\/enolife.com.ar\/es\/wp-json\/wp\/v2\/users\/2"}],"replies":[{"embeddable":true,"href":"https:\/\/enolife.com.ar\/es\/wp-json\/wp\/v2\/comments?post=157553"}],"version-history":[{"count":0,"href":"https:\/\/enolife.com.ar\/es\/wp-json\/wp\/v2\/posts\/157553\/revisions"}],"wp:featuredmedia":[{"embeddable":true,"href":"https:\/\/enolife.com.ar\/es\/wp-json\/wp\/v2\/media\/157564"}],"wp:attachment":[{"href":"https:\/\/enolife.com.ar\/es\/wp-json\/wp\/v2\/media?parent=157553"}],"wp:term":[{"taxonomy":"category","embeddable":true,"href":"https:\/\/enolife.com.ar\/es\/wp-json\/wp\/v2\/categories?post=157553"},{"taxonomy":"post_tag","embeddable":true,"href":"https:\/\/enolife.com.ar\/es\/wp-json\/wp\/v2\/tags?post=157553"}],"curies":[{"name":"wp","href":"https:\/\/api.w.org\/{rel}","templated":true}]}}