{"id":157297,"date":"2025-06-24T20:31:34","date_gmt":"2025-06-24T20:31:34","guid":{"rendered":"https:\/\/enolife.com.ar\/es\/?p=157297"},"modified":"2025-06-25T15:27:42","modified_gmt":"2025-06-25T15:27:42","slug":"inta-y-lodo-abriran-una-parcela-de-31-ha-para-que-las-empresas-expongan-sus-nuevas-tecnologias","status":"publish","type":"post","link":"https:\/\/enolife.com.ar\/es\/inta-y-lodo-abriran-una-parcela-de-31-ha-para-que-las-empresas-expongan-sus-nuevas-tecnologias\/","title":{"rendered":"INTA y Lodo abrir\u00e1n una parcela de 31 ha para que las empresas expongan sus nuevas tecnolog\u00edas"},"content":{"rendered":"\n<h4 class=\"wp-block-heading\"><em><strong>El HUB de innovaci\u00f3n y negocios del sector agr\u00edcola mendocino, Espacio Lodo -ubicado en Luj\u00e1n de Cuyo de esta provincia- proyectan inaugurar junto al Instituto Nacional de Tecnolog\u00eda Agropecuaria (INTA) una parcela demostrativa para que las empresas locales y nacionales asociadas expongan sus tecnolog\u00edas al p\u00fablico en general. El objetivo es mostrar durante todo el a\u00f1o c\u00f3mo funcionan las innovaciones tecnol\u00f3gicas en agronom\u00eda en los cultivos m\u00e1s importantes de la provincia.<\/strong><\/em><\/h4>\n\n\n\n<div style=\"height:35px\" aria-hidden=\"true\" class=\"wp-block-spacer\"><\/div>\n\n\n\n\n\n<div style=\"height:45px\" aria-hidden=\"true\" class=\"wp-block-spacer\"><\/div>\n\n\n\n<p>El <strong>Espacio Lodo <\/strong>-representado por su presidente<strong> Mart\u00edn S\u00e1nchez Ram\u00edrez<\/strong>&#8211; y el <strong>Instituto Nacional de Tenolog\u00eda Agropecuaria (INTA) <\/strong>-a trav\u00e9s de su director regional<strong> Claudio Galmarini<\/strong>&#8211; firmaron una carta intenci\u00f3n para avanzar en el <strong>desarrollo del primer campo de demostraci\u00f3n y validaci\u00f3n de tecnolog\u00edas innovadoras en nuestra zona.<\/strong> <\/p>\n\n\n\n<p><em>\u00abEsta iniciativa p\u00fablico-privada combina la experiencia comercial de Lodo con las capacidades t\u00e9cnicas de INTA, impulsando un ecosistema de innovaci\u00f3n que beneficiar\u00e1 a todo el sector agroindustrial\u00bb,<\/em> afirmaron desde Lodo. Los directivos destacaron el impacto dinamizador que podr\u00eda tener este campo para la validaci\u00f3n de paquetes tecnol\u00f3gicos, como <em>\u00abuna oportunidad \u00fanica para potenciar la productividad y la innovaci\u00f3n en nuestro campo\u00bb<\/em>.<\/p>\n\n\n\n<div style=\"height:35px\" aria-hidden=\"true\" class=\"wp-block-spacer\"><\/div>\n\n\n\n<figure class=\"wp-block-gallery has-nested-images columns-default is-cropped wp-block-gallery-1 is-layout-flex wp-block-gallery-is-layout-flex\">\n<figure class=\"wp-block-image size-full\"><a href=\"https:\/\/enolife.com.ar\/es\/wp-content\/uploads\/2025\/06\/Imagen3-10.jpg\" data-rel=\"penci-gallery-image-content\" ><img loading=\"lazy\" decoding=\"async\" width=\"420\" height=\"408\" data-id=\"157504\" src=\"https:\/\/enolife.com.ar\/es\/wp-content\/uploads\/2025\/06\/Imagen3-10.jpg\" alt=\"\" class=\"wp-image-157504\" srcset=\"https:\/\/enolife.com.ar\/es\/wp-content\/uploads\/2025\/06\/Imagen3-10.jpg 420w, https:\/\/enolife.com.ar\/es\/wp-content\/uploads\/2025\/06\/Imagen3-10-300x291.jpg 300w\" sizes=\"auto, (max-width: 420px) 100vw, 420px\" \/><\/a><\/figure>\n\n\n\n<figure class=\"wp-block-image size-full\"><a href=\"https:\/\/enolife.com.ar\/es\/wp-content\/uploads\/2025\/06\/Imagen4-10.jpg\" data-rel=\"penci-gallery-image-content\" ><img loading=\"lazy\" decoding=\"async\" width=\"513\" height=\"483\" data-id=\"157505\" src=\"https:\/\/enolife.com.ar\/es\/wp-content\/uploads\/2025\/06\/Imagen4-10.jpg\" alt=\"\" class=\"wp-image-157505\" srcset=\"https:\/\/enolife.com.ar\/es\/wp-content\/uploads\/2025\/06\/Imagen4-10.jpg 513w, https:\/\/enolife.com.ar\/es\/wp-content\/uploads\/2025\/06\/Imagen4-10-300x282.jpg 300w\" sizes=\"auto, (max-width: 513px) 100vw, 513px\" \/><\/a><\/figure>\n<figcaption class=\"blocks-gallery-caption wp-element-caption\"><em><strong>Mart\u00edn S\u00e1nchez Ram\u00edrez y Claudio Galmarini, al firmar el acuerdo para el desarrollo de la parcela tecnol\u00f3gica.<\/strong><\/em><\/figcaption><\/figure>\n\n\n\n<div style=\"height:45px\" aria-hidden=\"true\" class=\"wp-block-spacer\"><\/div>\n\n\n\n<p>Tal como explic\u00f3 <strong>Roberto \u00abTato\u00bb Burgos, l\u00edder del HUB de innovaci\u00f3n de Lodo,<\/strong> en conversaciones con <strong>Enolife<\/strong>, es un proyecto en desarrollo: <em>\u00abEst\u00e1 la carta de intenci\u00f3n firmada y nos estamos reuniendo cada viernes para darle forma. Tengo que aclarar que en breve tendremos ya alguna novedad de c\u00f3mo vamos a empezar a trabajar.\u00bb<\/em><\/p>\n\n\n\n<p>La idea es generar una parcela demostrativa para poder darle la oportunidad a las empresas que est\u00e1n instaladas en el Espacio Lodo -sobre todo a las m\u00e1s tecnol\u00f3gicas- de tener un lugar donde exponer su tecnolog\u00eda. <em>\u00abQueremos que sea un espacio que est\u00e9 abierto todo el a\u00f1o al p\u00fablico general, a la Facultad de Ciencias Agrarias, agr\u00f3nomos, t\u00e9cnicos, investigadores, para que puedan conocer o probar la tecnolog\u00eda antes de adquirirla. Lo pensamos como un argumento de venta para las empresas que nos acompa\u00f1an\u00bb<\/em>, agreg\u00f3 Burgos.<\/p>\n\n\n\n<p>El <strong>predio <\/strong>elegido por el INTA est\u00e1 cerca de Espacio Lodo, tiene<strong> 31 hect\u00e1reas<\/strong>, algunas plantaciones de <strong>vid <\/strong>y <strong>olivos<\/strong>, y el objetivo es <strong>sumar cultivos de todo tipo<\/strong>, sobre todo los que son fuertes en Mendoza (frutales, cebolla, ajo, papa, tomate, or\u00e9gano) y generar mejoras tecnol\u00f3gicas para hacer muestras y seguimientos durante todo el a\u00f1o.<\/p>\n\n\n\n<div style=\"height:35px\" aria-hidden=\"true\" class=\"wp-block-spacer\"><\/div>\n\n\n<div class=\"wp-block-image\">\n<figure class=\"aligncenter size-full\"><a href=\"https:\/\/enolife.com.ar\/es\/wp-content\/uploads\/2025\/06\/Imagen1-25.jpg\" data-rel=\"penci-gallery-image-content\" ><img loading=\"lazy\" decoding=\"async\" width=\"587\" height=\"349\" src=\"https:\/\/enolife.com.ar\/es\/wp-content\/uploads\/2025\/06\/Imagen1-25.jpg\" alt=\"\" class=\"wp-image-157508\" srcset=\"https:\/\/enolife.com.ar\/es\/wp-content\/uploads\/2025\/06\/Imagen1-25.jpg 587w, https:\/\/enolife.com.ar\/es\/wp-content\/uploads\/2025\/06\/Imagen1-25-300x178.jpg 300w, https:\/\/enolife.com.ar\/es\/wp-content\/uploads\/2025\/06\/Imagen1-25-585x348.jpg 585w\" sizes=\"auto, (max-width: 587px) 100vw, 587px\" \/><\/a><figcaption class=\"wp-element-caption\"><em><strong>Claudio Galmarini, Mart\u00edn S\u00e1nchez Ram\u00edrez, Roberto \u00abTato\u00bb Burgos y Lorena Fuentes<\/strong><\/em><strong><em>.<\/em><\/strong><\/figcaption><\/figure><\/div>\n\n\n<div style=\"height:45px\" aria-hidden=\"true\" class=\"wp-block-spacer\"><\/div>\n\n\n\n<p>En cuanto a las inversiones para llevar a cabo el proyecto, Burgos aclar\u00f3 que cada empresa privada invertir\u00e1 poniendo equipamiento, recurso humano, tecnolog\u00eda y mantenimiento. <em>\u00abAc\u00e1 en Lodo <\/em>-cont\u00f3 Bugos-<em> tenemos empresas que hacen riego, nutrici\u00f3n vegetal, nuevas tecnolog\u00edas para el agro y que trabajan con sistemas productivos de distintos tipos. Todas conocen este proyecto y tienen voluntad de hacerlo, tambi\u00e9n hay empresas que no est\u00e1n aqu\u00ed pero tienen relaci\u00f3n con nosotros y quieren sumarse. Tenemos que generar una fuente genuina de financiamiento para que eso tenga una sostenibilidad. Y la idea es que eso pueda funcionar a largo plazo e ir mejor\u00e1ndolo, paso a paso comprometi\u00e9ndolos  apropiarse y hacerse cargo del proyecto, as\u00ed lo vamos a encarar.\u00bb<\/em><\/p>\n\n\n\n<p>Seg\u00fan el empresario, el proyecto se ir\u00e1 concretando paso a paso, comenzando primero con los cultivos que ya est\u00e1n, analizando el funcionamiento, d\u00e1ndolo a conocer para ir incorporando<em> \u00abnuevos jugadores\u00bb. <\/em>Entre los apoyos institucionales, la empresa est\u00e1 tambi\u00e9n en conversaciones con la<strong> Municipalidad de Luj\u00e1n de Cuyo<\/strong>, <em>\u00abzona que se est\u00e1 transformando en un polo de atracci\u00f3n de inversiones, y tienen intenciones de sumarse, lo mismo que la<strong> Facultad de Ciencias Agrarias<\/strong>.<\/em> <em>\u00abLo que queremos dejar bien asentado es la base conformada por Lodo y el INTA. As\u00ed nosotros vamos a tener acceso irrestricto en cualquier d\u00eda y horario para hacer los trabajos que hagan falta y para llevar a la gente a conocerlo.\u00bb<\/em><\/p>\n\n\n\n<p>En definitiva, seg\u00fan adelantaron los organizadores, se busca que bajo el paraguas Lodo-INTA se sumen empresas que vayan generando soluciones, para <strong>que un futuro se convierta en un campo experimental 4.0.<\/strong><\/p>\n\n\n\n<div style=\"height:35px\" aria-hidden=\"true\" class=\"wp-block-spacer\"><\/div>\n","protected":false},"excerpt":{"rendered":"<p>El HUB de innovaci\u00f3n y negocios del sector agr\u00edcola mendocino, Espacio Lodo -ubicado en Luj\u00e1n&hellip;<\/p>\n","protected":false},"author":2,"featured_media":157503,"comment_status":"open","ping_status":"open","sticky":false,"template":"","format":"standard","meta":{"footnotes":""},"categories":[56,14],"tags":[],"class_list":["post-157297","post","type-post","status-publish","format-standard","has-post-thumbnail","hentry","category-destacado","category-news"],"_links":{"self":[{"href":"https:\/\/enolife.com.ar\/es\/wp-json\/wp\/v2\/posts\/157297","targetHints":{"allow":["GET"]}}],"collection":[{"href":"https:\/\/enolife.com.ar\/es\/wp-json\/wp\/v2\/posts"}],"about":[{"href":"https:\/\/enolife.com.ar\/es\/wp-json\/wp\/v2\/types\/post"}],"author":[{"embeddable":true,"href":"https:\/\/enolife.com.ar\/es\/wp-json\/wp\/v2\/users\/2"}],"replies":[{"embeddable":true,"href":"https:\/\/enolife.com.ar\/es\/wp-json\/wp\/v2\/comments?post=157297"}],"version-history":[{"count":0,"href":"https:\/\/enolife.com.ar\/es\/wp-json\/wp\/v2\/posts\/157297\/revisions"}],"wp:featuredmedia":[{"embeddable":true,"href":"https:\/\/enolife.com.ar\/es\/wp-json\/wp\/v2\/media\/157503"}],"wp:attachment":[{"href":"https:\/\/enolife.com.ar\/es\/wp-json\/wp\/v2\/media?parent=157297"}],"wp:term":[{"taxonomy":"category","embeddable":true,"href":"https:\/\/enolife.com.ar\/es\/wp-json\/wp\/v2\/categories?post=157297"},{"taxonomy":"post_tag","embeddable":true,"href":"https:\/\/enolife.com.ar\/es\/wp-json\/wp\/v2\/tags?post=157297"}],"curies":[{"name":"wp","href":"https:\/\/api.w.org\/{rel}","templated":true}]}}