{"id":157045,"date":"2025-06-20T21:39:17","date_gmt":"2025-06-20T21:39:17","guid":{"rendered":"https:\/\/enolife.com.ar\/es\/?p=157045"},"modified":"2025-06-21T23:08:33","modified_gmt":"2025-06-21T23:08:33","slug":"recuperan-la-champanera-de-bodega-arizu-para-hacer-edificios-comercios-y-un-centro-de-congresos","status":"publish","type":"post","link":"https:\/\/enolife.com.ar\/es\/recuperan-la-champanera-de-bodega-arizu-para-hacer-edificios-comercios-y-un-centro-de-congresos\/","title":{"rendered":"Recuperan la champa\u00f1era de Bodega Arizu para hacer edificios, comercios y un centro de congresos"},"content":{"rendered":"\n<h4 class=\"wp-block-heading\"><em><strong>Despu\u00e9s de d\u00e9cadas de abandono, el gobierno de Mendoza, la comuna de Godoy Cruz y empresas privadas asociadas prosiguen con la obra de rescate de la antigua bodega ubicada en el centro de ese departamento, un conjunto arquitect\u00f3nico declarado patrimonio provincial. En los \u00faltimos a\u00f1os, se remodelaron, adaptaron y pusieron en funcionamiento diversos espacios de la bodegta, el m\u00e1s importante de ellos el hoy llamado Espacio Arizu. Y actualmente se trabaja en acondicionar el terreno casi bald\u00edo donde funcionara la champa\u00f1era de la bodega. All\u00ed se proyecta un ambicioso desarrollo inmobiliario, cuyos detalles brindaron en una reciente visita el gobernador de la provincia, Alfredo Cornejo, junto al intendente godoycruce\u00f1o, Diego Costarelli<\/strong><\/em><strong><em>.<\/em><\/strong><\/h4>\n\n\n\n<div style=\"height:35px\" aria-hidden=\"true\" class=\"wp-block-spacer\"><\/div>\n\n\n\n\n\n<div style=\"height:45px\" aria-hidden=\"true\" class=\"wp-block-spacer\"><\/div>\n\n\n\n<p>Se trata de una intervenci\u00f3n p\u00fablico-privada que contempla viviendas, espacios comerciales, apertura de calles y un centro de congresos y exposiciones en pleno coraz\u00f3n del departamento.<\/p>\n\n\n\n<p>El gobernador Alfredo Cornejo y el intendente de Godoy Cruz, Diego Costarelli, recorrieron el 19\/6\/25 las obras de recuperaci\u00f3n de la ex champa\u00f1era Arizu, un extenso predio bald\u00edo que durante d\u00e9cadas permaneci\u00f3 en desuso en el centro del departamento.<\/p>\n\n\n\n<div style=\"height:30px\" aria-hidden=\"true\" class=\"wp-block-spacer\"><\/div>\n\n\n<div class=\"wp-block-image\">\n<figure class=\"aligncenter size-full is-resized\"><a href=\"https:\/\/enolife.com.ar\/es\/wp-content\/uploads\/2025\/06\/DSC06101.jpg\" data-rel=\"penci-gallery-image-content\" ><img loading=\"lazy\" decoding=\"async\" width=\"814\" height=\"500\" src=\"https:\/\/enolife.com.ar\/es\/wp-content\/uploads\/2025\/06\/DSC06101.jpg\" alt=\"\" class=\"wp-image-157049\" style=\"width:574px;height:auto\" srcset=\"https:\/\/enolife.com.ar\/es\/wp-content\/uploads\/2025\/06\/DSC06101.jpg 814w, https:\/\/enolife.com.ar\/es\/wp-content\/uploads\/2025\/06\/DSC06101-300x184.jpg 300w, https:\/\/enolife.com.ar\/es\/wp-content\/uploads\/2025\/06\/DSC06101-768x472.jpg 768w, https:\/\/enolife.com.ar\/es\/wp-content\/uploads\/2025\/06\/DSC06101-585x359.jpg 585w\" sizes=\"auto, (max-width: 814px) 100vw, 814px\" \/><\/a><\/figure><\/div>\n\n\n<div style=\"height:35px\" aria-hidden=\"true\" class=\"wp-block-spacer\"><\/div>\n\n\n\n<p><em>\u201cEstamos en el coraz\u00f3n de Godoy Cruz, donde se est\u00e1 realizando la intervenci\u00f3n p\u00fablico-privada m\u00e1s importante de la ciudad. En este lugar funcion\u00f3 durante muchos a\u00f1os la ex bodega Arizu, en realidad la champa\u00f1era, que hoy empieza a transformarse. Aqu\u00ed se van a emplazar edificios de departamentos construidos por privados, d\u00faplex, un centro comercial y tambi\u00e9n un centro de congresos y exposiciones, a escasas cuadras del municipio y del centro de la Ciudad de Mendoza\u201d<\/em>, asegur\u00f3 <strong>Cornejo.<\/strong><\/p>\n\n\n\n<div style=\"height:30px\" aria-hidden=\"true\" class=\"wp-block-spacer\"><\/div>\n\n\n\n<figure class=\"wp-block-gallery has-nested-images columns-default is-cropped wp-block-gallery-1 is-layout-flex wp-block-gallery-is-layout-flex\">\n<figure class=\"wp-block-image size-full\"><a href=\"https:\/\/enolife.com.ar\/es\/wp-content\/uploads\/2025\/06\/DSC06076.jpg\" data-rel=\"penci-gallery-image-content\" ><img loading=\"lazy\" decoding=\"async\" width=\"835\" height=\"500\" data-id=\"157052\" src=\"https:\/\/enolife.com.ar\/es\/wp-content\/uploads\/2025\/06\/DSC06076.jpg\" alt=\"\" class=\"wp-image-157052\" srcset=\"https:\/\/enolife.com.ar\/es\/wp-content\/uploads\/2025\/06\/DSC06076.jpg 835w, https:\/\/enolife.com.ar\/es\/wp-content\/uploads\/2025\/06\/DSC06076-300x180.jpg 300w, https:\/\/enolife.com.ar\/es\/wp-content\/uploads\/2025\/06\/DSC06076-768x460.jpg 768w, https:\/\/enolife.com.ar\/es\/wp-content\/uploads\/2025\/06\/DSC06076-585x350.jpg 585w\" sizes=\"auto, (max-width: 835px) 100vw, 835px\" \/><\/a><\/figure>\n\n\n\n<figure class=\"wp-block-image size-full\"><a href=\"https:\/\/enolife.com.ar\/es\/wp-content\/uploads\/2025\/06\/DSC06230.jpg\" data-rel=\"penci-gallery-image-content\" ><img loading=\"lazy\" decoding=\"async\" width=\"800\" height=\"421\" data-id=\"157055\" src=\"https:\/\/enolife.com.ar\/es\/wp-content\/uploads\/2025\/06\/DSC06230.jpg\" alt=\"\" class=\"wp-image-157055\" srcset=\"https:\/\/enolife.com.ar\/es\/wp-content\/uploads\/2025\/06\/DSC06230.jpg 800w, https:\/\/enolife.com.ar\/es\/wp-content\/uploads\/2025\/06\/DSC06230-300x158.jpg 300w, https:\/\/enolife.com.ar\/es\/wp-content\/uploads\/2025\/06\/DSC06230-768x404.jpg 768w, https:\/\/enolife.com.ar\/es\/wp-content\/uploads\/2025\/06\/DSC06230-585x308.jpg 585w\" sizes=\"auto, (max-width: 800px) 100vw, 800px\" \/><\/a><\/figure>\n<\/figure>\n\n\n\n<div style=\"height:35px\" aria-hidden=\"true\" class=\"wp-block-spacer\"><\/div>\n\n\n\n<p>El mandatario tambi\u00e9n destac\u00f3 el protagonismo del sector privado en este tipo de iniciativas. <em>\u201cEstos son los proyectos que necesitamos, donde el sector privado se carga al hombro el desarrollo urbano, con el acompa\u00f1amiento del municipio\u201d<\/em>, sostuvo.<\/p>\n\n\n\n<p>Por su parte, el <strong>intendente Costarelli<\/strong> se\u00f1al\u00f3: <em>\u201cEstamos d\u00e1ndole forma a una alianza estrat\u00e9gica con todo el sector privado. Este proyecto p\u00fablico-privado va a traer m\u00faltiples beneficios para los vecinos del centro de Godoy Cruz\u201d.<\/em><\/p>\n\n\n\n<div style=\"height:30px\" aria-hidden=\"true\" class=\"wp-block-spacer\"><\/div>\n\n\n<div class=\"wp-block-image\">\n<figure class=\"aligncenter size-full is-resized\"><a href=\"https:\/\/enolife.com.ar\/es\/wp-content\/uploads\/2025\/06\/DSC06186.jpg\" data-rel=\"penci-gallery-image-content\" ><img loading=\"lazy\" decoding=\"async\" width=\"863\" height=\"500\" src=\"https:\/\/enolife.com.ar\/es\/wp-content\/uploads\/2025\/06\/DSC06186.jpg\" alt=\"\" class=\"wp-image-157053\" style=\"width:554px;height:auto\" srcset=\"https:\/\/enolife.com.ar\/es\/wp-content\/uploads\/2025\/06\/DSC06186.jpg 863w, https:\/\/enolife.com.ar\/es\/wp-content\/uploads\/2025\/06\/DSC06186-300x174.jpg 300w, https:\/\/enolife.com.ar\/es\/wp-content\/uploads\/2025\/06\/DSC06186-768x445.jpg 768w, https:\/\/enolife.com.ar\/es\/wp-content\/uploads\/2025\/06\/DSC06186-585x339.jpg 585w\" sizes=\"auto, (max-width: 863px) 100vw, 863px\" \/><\/a><\/figure><\/div>\n\n\n<div style=\"height:35px\" aria-hidden=\"true\" class=\"wp-block-spacer\"><\/div>\n\n\n\n<p>El plan contempla un centro comercial y conjuntos de departamentos a ser desarrollados por la inversi\u00f3n privada, junto con la apertura de calles que mejorar\u00e1 la conectividad del centro departamental<em>. \u201cEsto le va a dar al centro mucha m\u00e1s seguridad y permitir\u00e1 una mejor fluidez vehicular\u201d<\/em>, agreg\u00f3 Costarelli.<\/p>\n\n\n\n<p>Finalmente, el jefe comunal remarc\u00f3: <em>\u201cEste bald\u00edo va a convertirse en un verdadero polo tur\u00edstico y comercial para esta hist\u00f3rica zona de Godoy Cruz\u201d<\/em>.<\/p>\n\n\n\n<div style=\"height:17px\" aria-hidden=\"true\" class=\"wp-block-spacer\"><\/div>\n\n\n\n<p class=\"has-small-font-size\"><em><strong>Fuente: Gobierno de Mendoza<\/strong><\/em><\/p>\n\n\n\n<div style=\"height:46px\" aria-hidden=\"true\" class=\"wp-block-spacer\"><\/div>\n","protected":false},"excerpt":{"rendered":"<p>Despu\u00e9s de d\u00e9cadas de abandono, el gobierno de Mendoza, la comuna de Godoy Cruz y&hellip;<\/p>\n","protected":false},"author":2,"featured_media":157047,"comment_status":"open","ping_status":"open","sticky":false,"template":"","format":"standard","meta":{"footnotes":""},"categories":[14],"tags":[],"class_list":["post-157045","post","type-post","status-publish","format-standard","has-post-thumbnail","hentry","category-news"],"_links":{"self":[{"href":"https:\/\/enolife.com.ar\/es\/wp-json\/wp\/v2\/posts\/157045","targetHints":{"allow":["GET"]}}],"collection":[{"href":"https:\/\/enolife.com.ar\/es\/wp-json\/wp\/v2\/posts"}],"about":[{"href":"https:\/\/enolife.com.ar\/es\/wp-json\/wp\/v2\/types\/post"}],"author":[{"embeddable":true,"href":"https:\/\/enolife.com.ar\/es\/wp-json\/wp\/v2\/users\/2"}],"replies":[{"embeddable":true,"href":"https:\/\/enolife.com.ar\/es\/wp-json\/wp\/v2\/comments?post=157045"}],"version-history":[{"count":0,"href":"https:\/\/enolife.com.ar\/es\/wp-json\/wp\/v2\/posts\/157045\/revisions"}],"wp:featuredmedia":[{"embeddable":true,"href":"https:\/\/enolife.com.ar\/es\/wp-json\/wp\/v2\/media\/157047"}],"wp:attachment":[{"href":"https:\/\/enolife.com.ar\/es\/wp-json\/wp\/v2\/media?parent=157045"}],"wp:term":[{"taxonomy":"category","embeddable":true,"href":"https:\/\/enolife.com.ar\/es\/wp-json\/wp\/v2\/categories?post=157045"},{"taxonomy":"post_tag","embeddable":true,"href":"https:\/\/enolife.com.ar\/es\/wp-json\/wp\/v2\/tags?post=157045"}],"curies":[{"name":"wp","href":"https:\/\/api.w.org\/{rel}","templated":true}]}}