{"id":156901,"date":"2025-06-19T17:14:26","date_gmt":"2025-06-19T17:14:26","guid":{"rendered":"https:\/\/enolife.com.ar\/es\/?p=156901"},"modified":"2025-06-20T17:18:45","modified_gmt":"2025-06-20T17:18:45","slug":"ferias-de-productos-regionales-en-34-casas-historicas-de-mendoza-abiertas-al-visitante-20-y-21-6","status":"publish","type":"post","link":"https:\/\/enolife.com.ar\/es\/ferias-de-productos-regionales-en-34-casas-historicas-de-mendoza-abiertas-al-visitante-20-y-21-6\/","title":{"rendered":"Ferias de productos regionales en 34 casas hist\u00f3ricas de Mendoza abiertas al visitante, 20 y 21\/6"},"content":{"rendered":"\n<h4 class=\"wp-block-heading\"><em><strong>Se trata de una iniciativa cultural y tur\u00edstica que se desarrollar\u00e1 los d\u00edas viernes 20 y el s\u00e1bado 21 de junio en varios departamentos de esta provincia. Participar\u00e1n 34 casas de valor hist\u00f3rico, patrimonial o cultural, que abrir\u00e1n sus puertas a vecinos y turistas, sin costo de ingreso. All\u00ed se podr\u00e1 pasear y comprar art\u00edculos regionales, alimentos y regalos elaborados por artesanos y productores mendocinos, a precios razonables. Una de estas actividades es el paseo por la Casona Perdriel (foto principal), donde el 20 de junio, de 10 a 18 hs., se montar\u00e1 la ya tradicional Feria Encuentro Indi<\/strong><\/em><strong><em>.<\/em><\/strong><\/h4>\n\n\n\n<div style=\"height:41px\" aria-hidden=\"true\" class=\"wp-block-spacer\"><\/div>\n\n\n<a href=\"https:\/\/www.facebook.com\/SindicatoContratitas\/\" aria-label=\"banner contratistas 1700&#215;500\"><img loading=\"lazy\" decoding=\"async\" src=\"https:\/\/enolife.com.ar\/es\/wp-content\/uploads\/2020\/08\/banner-contratistas-1700x500-1.jpg\" alt=\"\"  srcset=\"https:\/\/enolife.com.ar\/es\/wp-content\/uploads\/2020\/08\/banner-contratistas-1700x500-1.jpg 1700w, https:\/\/enolife.com.ar\/es\/wp-content\/uploads\/2020\/08\/banner-contratistas-1700x500-1-300x88.jpg 300w, https:\/\/enolife.com.ar\/es\/wp-content\/uploads\/2020\/08\/banner-contratistas-1700x500-1-1024x301.jpg 1024w, https:\/\/enolife.com.ar\/es\/wp-content\/uploads\/2020\/08\/banner-contratistas-1700x500-1-768x226.jpg 768w, https:\/\/enolife.com.ar\/es\/wp-content\/uploads\/2020\/08\/banner-contratistas-1700x500-1-1536x452.jpg 1536w, https:\/\/enolife.com.ar\/es\/wp-content\/uploads\/2020\/08\/banner-contratistas-1700x500-1-1170x344.jpg 1170w, https:\/\/enolife.com.ar\/es\/wp-content\/uploads\/2020\/08\/banner-contratistas-1700x500-1-585x172.jpg 585w\" sizes=\"auto, (max-width: 1700px) 100vw, 1700px\" width=\"1700\" height=\"500\"   \/><\/a>\n\n\n<div style=\"height:55px\" aria-hidden=\"true\" class=\"wp-block-spacer\"><\/div>\n\n\n\n<p>Durante dos jornadas y en distintos puntos de la provincia de Mendoza, ser\u00e1 posible visitar las casas participantes, para conocer aspectos relevantes de la historia, arquitectura e identidad cultural de esta comunidad. Por medio de recorridos por habitaciones y salas, la contemplaci\u00f3n de detalles arquitect\u00f3nicos o an\u00e9cdotas del devenir hist\u00f3rico de una vivienda, ser\u00e1 posible sumergirse en ese conjunto de rasgos que nos hace un colectivo singular.<\/p>\n\n\n\n<p>Pensado tanto para visitantes como para p\u00fablico local, <em><strong>Las Casas Abiertas<\/strong><\/em> es una actividad que ofrece la posibilidad de vivenciar diversos paisajes culturales con el exquisito marco que otorgan la arquitectura, el arte mobiliario y la trascendencia hist\u00f3rica de aut\u00e9nticas casas y casonas mendocinas.<\/p>\n\n\n\n<div style=\"height:36px\" aria-hidden=\"true\" class=\"wp-block-spacer\"><\/div>\n\n\n<div class=\"wp-block-image\">\n<figure class=\"aligncenter size-large is-resized\"><a href=\"https:\/\/enolife.com.ar\/es\/wp-content\/uploads\/2025\/06\/centauro.jpg\" data-rel=\"penci-gallery-image-content\" ><img loading=\"lazy\" decoding=\"async\" width=\"1024\" height=\"850\" src=\"https:\/\/enolife.com.ar\/es\/wp-content\/uploads\/2025\/06\/centauro-1024x850.jpg\" alt=\"\" class=\"wp-image-156910\" style=\"width:665px;height:auto\" srcset=\"https:\/\/enolife.com.ar\/es\/wp-content\/uploads\/2025\/06\/centauro-1024x850.jpg 1024w, https:\/\/enolife.com.ar\/es\/wp-content\/uploads\/2025\/06\/centauro-300x249.jpg 300w, https:\/\/enolife.com.ar\/es\/wp-content\/uploads\/2025\/06\/centauro-768x637.jpg 768w, https:\/\/enolife.com.ar\/es\/wp-content\/uploads\/2025\/06\/centauro-1170x971.jpg 1170w, https:\/\/enolife.com.ar\/es\/wp-content\/uploads\/2025\/06\/centauro-585x485.jpg 585w, https:\/\/enolife.com.ar\/es\/wp-content\/uploads\/2025\/06\/centauro.jpg 1280w\" sizes=\"auto, (max-width: 1024px) 100vw, 1024px\" \/><\/a><figcaption class=\"wp-element-caption\"><em><strong>Otra de las casonas abiertas al p\u00fablico para pasear y disfrutar gastronom\u00eda, en la calle Per\u00fa al 1.100 de la Capital mendocina.<\/strong><\/em><\/figcaption><\/figure><\/div>\n\n\n<div style=\"height:35px\" aria-hidden=\"true\" class=\"wp-block-spacer\"><\/div>\n\n\n\n<p>Al respecto, <strong>Marcelo Reynoso<\/strong>, director de <strong>Desarrollo Tur\u00edstico e Innovaci\u00f3n<\/strong>, coment\u00f3 que <em>\u201cdesde hace varios a\u00f1os, Mendoza ha definido n\u00edtidamente el desaf\u00edo que le cabe respecto de desarrollar y fortalecer el elemento que la diferencia de otros destinos tur\u00edsticos. Si bien puede parecer una obviedad, la cultura de un lugar es irrepetible, por lo que la identidad que se desprende de cada manifestaci\u00f3n humana contribuye a su diversificaci\u00f3n como pueblo y al consecuente fortalecimiento de la marca del lugar\u201d.<\/em><\/p>\n\n\n\n<p>Es as\u00ed como, en el marco del <strong>Programa Vivencias Mendocinas<\/strong>, el <strong>Ente Mendoza Turismo (Emetur) <\/strong>desarrolla <strong>Casas, Casonas y Altares<\/strong>, el plan que busca reconocer los valores simb\u00f3licos del paisaje cultural local, sus usos y dimensiones, gestionar su memoria y puesta en valor para generaciones futuras, generando riqueza de manera directa e indirecta y contribuyendo a la econom\u00eda del entorno a trav\u00e9s de un uso tur\u00edstico y local.<\/p>\n\n\n\n<div style=\"height:31px\" aria-hidden=\"true\" class=\"wp-block-spacer\"><\/div>\n\n\n<div class=\"wp-block-image\">\n<figure class=\"aligncenter size-large is-resized\"><a href=\"https:\/\/enolife.com.ar\/es\/wp-content\/uploads\/2025\/06\/afiche-natacha.jpg\" data-rel=\"penci-gallery-image-content\" ><img loading=\"lazy\" decoding=\"async\" width=\"1024\" height=\"1024\" src=\"https:\/\/enolife.com.ar\/es\/wp-content\/uploads\/2025\/06\/afiche-natacha-1024x1024.jpg\" alt=\"\" class=\"wp-image-156902\" style=\"width:570px;height:auto\" srcset=\"https:\/\/enolife.com.ar\/es\/wp-content\/uploads\/2025\/06\/afiche-natacha-1024x1024.jpg 1024w, https:\/\/enolife.com.ar\/es\/wp-content\/uploads\/2025\/06\/afiche-natacha-300x300.jpg 300w, https:\/\/enolife.com.ar\/es\/wp-content\/uploads\/2025\/06\/afiche-natacha-150x150.jpg 150w, https:\/\/enolife.com.ar\/es\/wp-content\/uploads\/2025\/06\/afiche-natacha-768x768.jpg 768w, https:\/\/enolife.com.ar\/es\/wp-content\/uploads\/2025\/06\/afiche-natacha-585x585.jpg 585w, https:\/\/enolife.com.ar\/es\/wp-content\/uploads\/2025\/06\/afiche-natacha.jpg 1080w\" sizes=\"auto, (max-width: 1024px) 100vw, 1024px\" \/><\/a><\/figure><\/div>\n\n\n<div style=\"height:42px\" aria-hidden=\"true\" class=\"wp-block-spacer\"><\/div>\n\n\n\n<p>A lo largo de estas dos jornadas y con presencia en toda la provincia, <strong>Las Casas Abiertas<\/strong> tendr\u00e1 por objeto promover el inter\u00e9s por el arte y la evocaci\u00f3n arquitect\u00f3nica propia de esta regi\u00f3n, favoreciendo experiencias tur\u00edsticas y educativas para diversos p\u00fablicos.<\/p>\n\n\n\n<p>Siempre al amparo de una casa o casona de relevancia apreciable como elemento armonizador del encuentro, quienes se acerquen podr\u00e1n disfrutar de visitas guiadas y paseos por salas y habitaciones que conservan detalles arquitect\u00f3nicos y art\u00edsticos originales, apropiarse y atesorar sus historias, <strong>degustar vinos, aceites y quesos, saborear comidas criollas y pasteler\u00eda casera<\/strong>, participar en talleres y muestras de arte y gozar de propuestas musicales y danzas t\u00edpicas en vivo.<\/p>\n\n\n\n<p>Para conocer las casas y casonas participantes, sus propuestas con el detalle de actividades, horarios y costos, se puede ingresar en <a href=\"https:\/\/mendoza.tur.ar\/casas-abiertas\/\">https:\/\/mendoza.tur.ar\/casas-abiertas\/<\/a>.<\/p>\n\n\n\n<div style=\"height:40px\" aria-hidden=\"true\" class=\"wp-block-spacer\"><\/div>\n","protected":false},"excerpt":{"rendered":"<p>Se trata de una iniciativa cultural y tur\u00edstica que se desarrollar\u00e1 los d\u00edas viernes 20&hellip;<\/p>\n","protected":false},"author":2,"featured_media":156903,"comment_status":"open","ping_status":"open","sticky":false,"template":"","format":"standard","meta":{"footnotes":""},"categories":[47],"tags":[],"class_list":["post-156901","post","type-post","status-publish","format-standard","has-post-thumbnail","hentry","category-agenda"],"_links":{"self":[{"href":"https:\/\/enolife.com.ar\/es\/wp-json\/wp\/v2\/posts\/156901","targetHints":{"allow":["GET"]}}],"collection":[{"href":"https:\/\/enolife.com.ar\/es\/wp-json\/wp\/v2\/posts"}],"about":[{"href":"https:\/\/enolife.com.ar\/es\/wp-json\/wp\/v2\/types\/post"}],"author":[{"embeddable":true,"href":"https:\/\/enolife.com.ar\/es\/wp-json\/wp\/v2\/users\/2"}],"replies":[{"embeddable":true,"href":"https:\/\/enolife.com.ar\/es\/wp-json\/wp\/v2\/comments?post=156901"}],"version-history":[{"count":0,"href":"https:\/\/enolife.com.ar\/es\/wp-json\/wp\/v2\/posts\/156901\/revisions"}],"wp:featuredmedia":[{"embeddable":true,"href":"https:\/\/enolife.com.ar\/es\/wp-json\/wp\/v2\/media\/156903"}],"wp:attachment":[{"href":"https:\/\/enolife.com.ar\/es\/wp-json\/wp\/v2\/media?parent=156901"}],"wp:term":[{"taxonomy":"category","embeddable":true,"href":"https:\/\/enolife.com.ar\/es\/wp-json\/wp\/v2\/categories?post=156901"},{"taxonomy":"post_tag","embeddable":true,"href":"https:\/\/enolife.com.ar\/es\/wp-json\/wp\/v2\/tags?post=156901"}],"curies":[{"name":"wp","href":"https:\/\/api.w.org\/{rel}","templated":true}]}}