{"id":156797,"date":"2025-06-30T15:25:49","date_gmt":"2025-06-30T15:25:49","guid":{"rendered":"https:\/\/enolife.com.ar\/es\/?p=156797"},"modified":"2025-07-01T14:59:13","modified_gmt":"2025-07-01T14:59:13","slug":"la-cooperativa-de-los-contratistas-de-vinas-y-frutales-capacita-en-tareas-de-poda-y-tipos-de-suelos","status":"publish","type":"post","link":"https:\/\/enolife.com.ar\/es\/la-cooperativa-de-los-contratistas-de-vinas-y-frutales-capacita-en-tareas-de-poda-y-tipos-de-suelos\/","title":{"rendered":"La Cooperativa de los Contratistas de Vi\u00f1as y Frutales capacita en tareas de poda y tipos de suelos"},"content":{"rendered":"\n<h4 class=\"wp-block-heading\"><em><strong>La Cooperativa Cotraavi, una organizaci\u00f3n nacida en el seno del Sindicato \u00danico de Trabajadores Contratistas de Vi\u00f1as y Frutales de Mendoza, est\u00e1 realizando, como cada a\u00f1o en esta \u00e9poca de poda y tareas culturales clave para la sanidad de la vi\u00f1a, una serie de capacitaciones gratuitas en la que participan trabajadores, t\u00e9cnicos, contratistas y personal de la cooperativa.<\/strong><\/em><\/h4>\n\n\n\n<div style=\"height:39px\" aria-hidden=\"true\" class=\"wp-block-spacer\"><\/div>\n\n\n<a href=\"https:\/\/www.facebook.com\/SindicatoContratitas\/\" aria-label=\"banner contratistas 1700&#215;500\"><img loading=\"lazy\" decoding=\"async\" src=\"https:\/\/enolife.com.ar\/es\/wp-content\/uploads\/2020\/08\/banner-contratistas-1700x500-1.jpg\" alt=\"\"  srcset=\"https:\/\/enolife.com.ar\/es\/wp-content\/uploads\/2020\/08\/banner-contratistas-1700x500-1.jpg 1700w, https:\/\/enolife.com.ar\/es\/wp-content\/uploads\/2020\/08\/banner-contratistas-1700x500-1-300x88.jpg 300w, https:\/\/enolife.com.ar\/es\/wp-content\/uploads\/2020\/08\/banner-contratistas-1700x500-1-1024x301.jpg 1024w, https:\/\/enolife.com.ar\/es\/wp-content\/uploads\/2020\/08\/banner-contratistas-1700x500-1-768x226.jpg 768w, https:\/\/enolife.com.ar\/es\/wp-content\/uploads\/2020\/08\/banner-contratistas-1700x500-1-1536x452.jpg 1536w, https:\/\/enolife.com.ar\/es\/wp-content\/uploads\/2020\/08\/banner-contratistas-1700x500-1-1170x344.jpg 1170w, https:\/\/enolife.com.ar\/es\/wp-content\/uploads\/2020\/08\/banner-contratistas-1700x500-1-585x172.jpg 585w\" sizes=\"auto, (max-width: 1700px) 100vw, 1700px\" width=\"1700\" height=\"500\"   \/><\/a>\n\n\n<div style=\"height:52px\" aria-hidden=\"true\" class=\"wp-block-spacer\"><\/div>\n\n\n\n<p>Se est\u00e1n llevando a cabo en estos d\u00edas varias jornadas de <strong>capacitaci\u00f3n en poda de vid<\/strong> en la sede de la <strong>Cooperativa Cotraavi<\/strong>, con la participaci\u00f3n activa de productores, trabajadores rurales y t\u00e9cnicos.<\/p>\n\n\n\n<p>Las capacitaciones se realizan en la sede, bodega y finca de Cootravi, ubicada en el distrito Chivilcoy del departamento de San Mart\u00edn, Mendoza, m\u00e1s precisamente en <strong>Carril Chivilcoy y Guevara, distrito El Espino, San Mart\u00edn, Mendoza, cercano a <\/strong>la <strong>intersecci\u00f3n de las rutas provinciales 42 y 47<\/strong>. En el primero de los encuentros, a mediados de junio, participaron 30 personas. Durante esa jornada se abordaron las t\u00e9cnicas de poda invernal, manejo de herramientas, sanidad de la planta y buenas pr\u00e1cticas agr\u00edcolas.<\/p>\n\n\n\n<p>Consultado sobre el tema el secretario general del <strong>Sindicato de Contratistas de Vi\u00f1as y Frutales, Edgardo Lera<\/strong>, nos cont\u00f3: <em>\u00abQuiero agradecer a todos los que participaron, y porque al mismo tiempo que aprendieron, compartieron con nosotros sus propias experiencias, fue enriquecedor para todos&#8230; Nosotros seguimos apostando por la formaci\u00f3n y el trabajo cooperativo, con el objetivo de fortalecer la producci\u00f3n local\u00bb. <\/em><\/p>\n\n\n\n<div style=\"height:48px\" aria-hidden=\"true\" class=\"wp-block-spacer\"><\/div>\n\n\n<div class=\"wp-block-image\">\n<figure class=\"aligncenter size-full is-resized\"><a href=\"https:\/\/enolife.com.ar\/es\/wp-content\/uploads\/2023\/06\/no-me-olvides.jpg\" data-rel=\"penci-gallery-image-content\" ><img loading=\"lazy\" decoding=\"async\" width=\"256\" height=\"294\" src=\"https:\/\/enolife.com.ar\/es\/wp-content\/uploads\/2023\/06\/no-me-olvides.jpg\" alt=\"\" class=\"wp-image-95679\" style=\"width:473px;height:auto\"\/><\/a><figcaption class=\"wp-element-caption\"><em><strong>La bodega No me olvides, en la finca de la Cooperativa en Chivilcoy, San Mart\u00edn, donde los m\u00e1s de 70 asociados, todos peque\u00f1os productores, elaboran los vinos Del Contratista y La Il\u00edada.<\/strong><\/em><strong><em> <\/em><\/strong><\/figcaption><\/figure><\/div>\n\n\n<div style=\"height:37px\" aria-hidden=\"true\" class=\"wp-block-spacer\"><\/div>\n\n\n\n<p>Sobre la convocatoria, Lera, tambi\u00e9n peque\u00f1o productor agr\u00edcola y directivo de la bodega <strong>No Me Olvides<\/strong>, propiedad de la Cooperativa, expres\u00f3: <em>\u00abA la primera capacitaci\u00f3n fueron una 30 personas, hab\u00eda contratistas, productores, peque\u00f1os productores, obreros de la vi\u00f1a&#8230; Se llen\u00f3 el cupo completo que ten\u00edamos dispuesto, as\u00ed que pronto organizaremos m\u00e1s capacitaciones, siempre con el apoyo de la gente de la <strong>Corporaci\u00f3n Vitivin\u00edcola Argentina (Coviar)<\/strong> y del <strong>Instituto Nacional de Tecnolog\u00eda Agropecuaria (INTA)<\/strong> de Jun\u00edn. La charla la brindaron dos ingenieras agr\u00f3nomas, una de la Coviar y la otra del INTA, y un ingeniero de una empresa privada que colabora\u00bb.<\/em><\/p>\n\n\n\n<div style=\"height:36px\" aria-hidden=\"true\" class=\"wp-block-spacer\"><\/div>\n\n\n<div class=\"wp-block-image\">\n<figure class=\"aligncenter size-full is-resized\"><a href=\"https:\/\/enolife.com.ar\/es\/wp-content\/uploads\/2025\/06\/Lera.webp\"><img loading=\"lazy\" decoding=\"async\" width=\"1000\" height=\"653\" src=\"https:\/\/enolife.com.ar\/es\/wp-content\/uploads\/2025\/06\/Lera.webp\" alt=\"\" class=\"wp-image-158048\" style=\"width:590px;height:auto\" srcset=\"https:\/\/enolife.com.ar\/es\/wp-content\/uploads\/2025\/06\/Lera.webp 1000w, https:\/\/enolife.com.ar\/es\/wp-content\/uploads\/2025\/06\/Lera-300x196.webp 300w, https:\/\/enolife.com.ar\/es\/wp-content\/uploads\/2025\/06\/Lera-768x502.webp 768w, https:\/\/enolife.com.ar\/es\/wp-content\/uploads\/2025\/06\/Lera-585x382.webp 585w\" sizes=\"auto, (max-width: 1000px) 100vw, 1000px\" \/><\/a><figcaption class=\"wp-element-caption\"><em><strong>Edgardo Lera, secretario general del Sindicato de Trabajadores de Vi\u00f1as y Frutales<\/strong><\/em><strong><em>.<\/em><\/strong><\/figcaption><\/figure><\/div>\n\n\n<div style=\"height:37px\" aria-hidden=\"true\" class=\"wp-block-spacer\"><\/div>\n\n\n\n<p>Y a\u00f1adi\u00f3 el dirigente cooperativo: <em>\u00abEsta empresa que nos ayud\u00f3 tiene una experiencia de 40 a\u00f1os trabajando en el tema; nos aportaron las tijeras y las atadoras, con bater\u00edas, autom\u00e1ticas&#8230; Un tema importante que hablamos es el acceso a las modernas herramientas de parte de nuestros asociados, porque si bien la tecnolog\u00eda se actualiza en lo que es el trabajo de poda, en curaci\u00f3n y despu\u00e9s en cosecha, por ah\u00ed se le hace muy dif\u00edcil al peque\u00f1o productor acceder a estas innovaciones, porque los costos son altos, y con la crisis actual que tenemos en la vitivinicultura, bueno, se les complica mucho llegar a hacer esas compras, que son inversiones porque son compras importantes. Y la verdad es que hay que hacer un gran esfuerzo, teniendo en cuenta que este a\u00f1o vali\u00f3 menos la uva, vali\u00f3 menos el vino, cuando deber\u00eda haber valido mucho m\u00e1s&#8230;\u00bb<\/em><\/p>\n\n\n\n<div style=\"height:18px\" aria-hidden=\"true\" class=\"wp-block-spacer\"><\/div>\n\n\n\n<h3 class=\"wp-block-heading has-vivid-red-color has-text-color has-link-color wp-elements-b799b25ea985d1c2903b28664b3a4505\">Los interesados en comunicarse con la Cooperativa Cotraavi y anotarse para futuras capacitaciones, pueden llamar al tel\u00e9fono +54 9 2622 15617302.<\/h3>\n\n\n\n<div style=\"height:23px\" aria-hidden=\"true\" class=\"wp-block-spacer\"><\/div>\n\n\n\n<p>Finalmente, acerca de las pr\u00f3ximas acciones, Lera adelant\u00f3: <em>\u00abAhora estamos dise\u00f1ando otra capacitaci\u00f3n, pero sobre el suelo y sus caracter\u00edsticas, orientada a que los productores conozcan bien su terroir y c\u00f3mo aprovechar al m\u00e1ximo este recurso\u00bb.<\/em><\/p>\n\n\n\n<div style=\"height:40px\" aria-hidden=\"true\" class=\"wp-block-spacer\"><\/div>\n\n\n\n<p><\/p>\n","protected":false},"excerpt":{"rendered":"<p>La Cooperativa Cotraavi, una organizaci\u00f3n nacida en el seno del Sindicato \u00danico de Trabajadores Contratistas&hellip;<\/p>\n","protected":false},"author":2,"featured_media":100083,"comment_status":"open","ping_status":"open","sticky":false,"template":"","format":"standard","meta":{"footnotes":""},"categories":[5],"tags":[],"class_list":["post-156797","post","type-post","status-publish","format-standard","has-post-thumbnail","hentry","category-fincas"],"_links":{"self":[{"href":"https:\/\/enolife.com.ar\/es\/wp-json\/wp\/v2\/posts\/156797","targetHints":{"allow":["GET"]}}],"collection":[{"href":"https:\/\/enolife.com.ar\/es\/wp-json\/wp\/v2\/posts"}],"about":[{"href":"https:\/\/enolife.com.ar\/es\/wp-json\/wp\/v2\/types\/post"}],"author":[{"embeddable":true,"href":"https:\/\/enolife.com.ar\/es\/wp-json\/wp\/v2\/users\/2"}],"replies":[{"embeddable":true,"href":"https:\/\/enolife.com.ar\/es\/wp-json\/wp\/v2\/comments?post=156797"}],"version-history":[{"count":0,"href":"https:\/\/enolife.com.ar\/es\/wp-json\/wp\/v2\/posts\/156797\/revisions"}],"wp:featuredmedia":[{"embeddable":true,"href":"https:\/\/enolife.com.ar\/es\/wp-json\/wp\/v2\/media\/100083"}],"wp:attachment":[{"href":"https:\/\/enolife.com.ar\/es\/wp-json\/wp\/v2\/media?parent=156797"}],"wp:term":[{"taxonomy":"category","embeddable":true,"href":"https:\/\/enolife.com.ar\/es\/wp-json\/wp\/v2\/categories?post=156797"},{"taxonomy":"post_tag","embeddable":true,"href":"https:\/\/enolife.com.ar\/es\/wp-json\/wp\/v2\/tags?post=156797"}],"curies":[{"name":"wp","href":"https:\/\/api.w.org\/{rel}","templated":true}]}}