{"id":156784,"date":"2025-06-18T19:05:30","date_gmt":"2025-06-18T19:05:30","guid":{"rendered":"https:\/\/enolife.com.ar\/es\/?p=156784"},"modified":"2025-06-20T13:38:37","modified_gmt":"2025-06-20T13:38:37","slug":"natalia-hernandez-podo-40-vides-en-30-minutos-y-es-la-primera-mujer-en-ganar-el-concurso-bahco","status":"publish","type":"post","link":"https:\/\/enolife.com.ar\/es\/natalia-hernandez-podo-40-vides-en-30-minutos-y-es-la-primera-mujer-en-ganar-el-concurso-bahco\/","title":{"rendered":"Natalia Hern\u00e1ndez pod\u00f3 40 vides en 30 minutos y es la primera mujer en ganar el concurso Bahco"},"content":{"rendered":"\n<h4 class=\"wp-block-heading\"><em><strong>Trabaja en la Bodega Chacra de R\u00edo Negro desde hace 13 a\u00f1os. Tiene dos hijas, de 7 y 22 a\u00f1os. Nacida en Mainqu\u00e9, hered\u00f3 el oficio de obrero rural de su pap\u00e1, hoy de 90 a\u00f1os. Un agr\u00f3nomo de la empresa le ense\u00f1\u00f3 a podar y a partir de entonces cada a\u00f1o en esta \u00e9poca renueva los sarmientos con cortes exactos, de sol a sol cada d\u00eda. Enfrent\u00f3 a 15 varones y los jurados del certamen patag\u00f3nico la eligieron como la m\u00e1s r\u00e1pida y precisa al podar. Ahora va por la final del concurso que se disputar\u00e1 en Mendoza el 2 de agosto y premiar\u00e1 con un viaje a Francia.<\/strong><\/em><\/h4>\n\n\n\n<div style=\"height:35px\" aria-hidden=\"true\" class=\"wp-block-spacer\"><\/div>\n\n\n\n\n\n<div style=\"height:45px\" aria-hidden=\"true\" class=\"wp-block-spacer\"><\/div>\n\n\n\n<p>Trabaja en la <strong>Bodega Chacra<\/strong> de <strong>Mainqu\u00e9, R\u00edo Negro<\/strong>, y gan\u00f3 el<strong> Concurso de Poda Profesional en Vid<\/strong> <strong>Bahco<\/strong> en la <strong>Patagonia<\/strong>. Cautiv\u00f3 al jurado con su destreza en las plantas entre 18 contrincantes, de los cuales 15 eran varones. Es la primera mujer que llega a la fase final en el pa\u00eds.<\/p>\n\n\n\n<p>Experta en uvas, la rionegrina&nbsp;<strong>Natalia Hern\u00e1ndez (44) <\/strong>ya se consagr\u00f3 como la<strong> primera mujer <\/strong>de la regi\u00f3n en obtener el primer lugar en este evento<strong>,<\/strong> organizado por la empresa de herramientas <strong>Bahco<\/strong>, que ya va por su octava edici\u00f3n.&nbsp;Y es la primera en el pa\u00eds en llegar a la fase final en los 12 campeonatos realizados hasta ahora.<\/p>\n\n\n\n<div style=\"height:30px\" aria-hidden=\"true\" class=\"wp-block-spacer\"><\/div>\n\n\n<div class=\"wp-block-image\">\n<figure class=\"aligncenter size-full is-resized\"><a href=\"https:\/\/enolife.com.ar\/es\/wp-content\/uploads\/2025\/06\/Mainque-Natalia-campeona-de-poda-provincial-Juan-Thomes-5.jpg\" data-rel=\"penci-gallery-image-content\" ><img loading=\"lazy\" decoding=\"async\" width=\"884\" height=\"500\" src=\"https:\/\/enolife.com.ar\/es\/wp-content\/uploads\/2025\/06\/Mainque-Natalia-campeona-de-poda-provincial-Juan-Thomes-5.jpg\" alt=\"\" class=\"wp-image-156788\" style=\"width:658px;height:auto\" srcset=\"https:\/\/enolife.com.ar\/es\/wp-content\/uploads\/2025\/06\/Mainque-Natalia-campeona-de-poda-provincial-Juan-Thomes-5.jpg 884w, https:\/\/enolife.com.ar\/es\/wp-content\/uploads\/2025\/06\/Mainque-Natalia-campeona-de-poda-provincial-Juan-Thomes-5-300x170.jpg 300w, https:\/\/enolife.com.ar\/es\/wp-content\/uploads\/2025\/06\/Mainque-Natalia-campeona-de-poda-provincial-Juan-Thomes-5-768x434.jpg 768w, https:\/\/enolife.com.ar\/es\/wp-content\/uploads\/2025\/06\/Mainque-Natalia-campeona-de-poda-provincial-Juan-Thomes-5-585x331.jpg 585w\" sizes=\"auto, (max-width: 884px) 100vw, 884px\" \/><\/a><\/figure><\/div>\n\n\n<div style=\"height:35px\" aria-hidden=\"true\" class=\"wp-block-spacer\"><\/div>\n\n\n\n<p>El desaf\u00edo era importante:&nbsp;podadores de toda la regi\u00f3n ten\u00edan que demostrar su destreza en 30 minutos&nbsp;ante un jurado experto que evalu\u00f3 precisi\u00f3n, t\u00e9cnica, velocidad y conocimiento. <em>\u201cEn esa fila habr\u00e9 podado unas 40 plantas en los 30 minutos que me daban\u201d<\/em>, cuenta la mujer sobre su propia performance.<\/p>\n\n\n\n<p>Si bien dos colegas ganaron en velocidad,&nbsp;la prolijidad, la limpieza y el arte de Natalia se impusieron; y ella se llev\u00f3 el primer puesto en el certamen<strong>.<\/strong>&nbsp;El segundo lugar fue para <strong>Gustavo Huaiqyufil<\/strong> de la <strong>Bodega Canale<\/strong> de General Roca, R\u00edo Negro; y el tercero, para <strong>Alejandro Nievas<\/strong> de la <strong>Bodega Malma<\/strong> de <strong>Neuqu\u00e9n.&nbsp;<\/strong><\/p>\n\n\n\n<p><em>\u201cNo me lo esperaba. Todav\u00eda no caigo. Yo fui por la experiencia, para saber c\u00f3mo es una competencia\u201d, <\/em>cuenta.&nbsp;Ahora se va como representante de la Patagonia a la final nacional en Mendoza el 2 de agosto en la finca Para\u00edso de <strong>Luigi Bosca<\/strong>,&nbsp;sabiendo a ciencia cierta que es la primera mujer en llegar tan lejos.&nbsp;<\/p>\n\n\n\n<p>Aquella ni\u00f1a que creci\u00f3 entre los \u00e1lamos del Alto Valle respirando frutales,&nbsp;ahora es empleada en la bodega que produce vinos org\u00e1nicos, ubicada en su localidad natal. Ah\u00ed desarrolla las tareas culturales en el vi\u00f1edo en las cuatro estaciones del a\u00f1o hace 13 a\u00f1os.<\/p>\n\n\n\n<p><em>\u201cYo hago todos los trabajos: poda, desborre, mantenimiento, replante\u201d,<\/em>&nbsp;cuenta, a\u00fan incr\u00e9dula por el triunfo del fin de semana.&nbsp;<\/p>\n\n\n\n<p>Es que en el concurso, los nervios estaban a flor de piel por la cantidad de contrincantes:&nbsp;eran en total 18 podadores de distintas bodegas de la zona, de los cuales 15 eran hombres. \u201c<em>Siempre el var\u00f3n tiene m\u00e1s fuerza en la tijera, pero en cambio, la mujer es m\u00e1s detallista\u201d<\/em>, dice Natalia.&nbsp;<\/p>\n\n\n\n<div style=\"height:30px\" aria-hidden=\"true\" class=\"wp-block-spacer\"><\/div>\n\n\n<div class=\"wp-block-image\">\n<figure class=\"aligncenter size-full is-resized\"><a href=\"https:\/\/enolife.com.ar\/es\/wp-content\/uploads\/2025\/06\/Mainque-Natalia-campeona-de-poda-provincial-Juan-Thomes-3.jpg\" data-rel=\"penci-gallery-image-content\" ><img loading=\"lazy\" decoding=\"async\" width=\"802\" height=\"500\" src=\"https:\/\/enolife.com.ar\/es\/wp-content\/uploads\/2025\/06\/Mainque-Natalia-campeona-de-poda-provincial-Juan-Thomes-3.jpg\" alt=\"\" class=\"wp-image-156790\" style=\"width:554px;height:auto\" srcset=\"https:\/\/enolife.com.ar\/es\/wp-content\/uploads\/2025\/06\/Mainque-Natalia-campeona-de-poda-provincial-Juan-Thomes-3.jpg 802w, https:\/\/enolife.com.ar\/es\/wp-content\/uploads\/2025\/06\/Mainque-Natalia-campeona-de-poda-provincial-Juan-Thomes-3-300x187.jpg 300w, https:\/\/enolife.com.ar\/es\/wp-content\/uploads\/2025\/06\/Mainque-Natalia-campeona-de-poda-provincial-Juan-Thomes-3-768x479.jpg 768w, https:\/\/enolife.com.ar\/es\/wp-content\/uploads\/2025\/06\/Mainque-Natalia-campeona-de-poda-provincial-Juan-Thomes-3-585x365.jpg 585w\" sizes=\"auto, (max-width: 802px) 100vw, 802px\" \/><\/a><\/figure><\/div>\n\n\n<div style=\"height:35px\" aria-hidden=\"true\" class=\"wp-block-spacer\"><\/div>\n\n\n\n<p>Ella<strong>&nbsp;<\/strong>hab\u00eda escuchado varias veces sobre este certamen, pero nunca tuvo la oportunidad.&nbsp;Esta vez, un capataz de la empresa le pregunt\u00f3 si le gustar\u00eda participar. <em>\u201cDe entrada tuve dudas porque era una competencia, pero despu\u00e9s pens\u00e9 y le dije que me gustar\u00eda ir para vivir una experiencia nueva\u201d<\/em>, afirma.&nbsp;<\/p>\n\n\n\n<p>Incursion\u00f3 en poda por primera vez en la bodega, cuando&nbsp;un ingeniero agr\u00f3nomo le ense\u00f1\u00f3 la t\u00e9cnica. Ahora, tarda s\u00f3lo 20 minutos en podar un cuadro de 100 metros de largo.&nbsp;<\/p>\n\n\n\n<div style=\"height:35px\" aria-hidden=\"true\" class=\"wp-block-spacer\"><\/div>\n\n\n\n<p class=\"has-medium-font-size\"><strong>Su padre, el gran maestro <\/strong><\/p>\n\n\n\n<p>A los 18 a\u00f1os, Natalia empez\u00f3 a trabajar a la par de los peones generales.&nbsp;La imagen mejor guardada en su memoria es la de su padre cuando llenaba el tacho de uvas y lo cargaba al hombro.&nbsp;<em>\u201cEs de esos viejos de campo que los hijos no ten\u00edan que andar en la calle, si no que ten\u00edan que estar trabajando\u201d<\/em>, cuenta entre risas.&nbsp;<\/p>\n\n\n\n<p>Ahora, su pap\u00e1 tiene 90 a\u00f1os y siempre fue obrero rural.&nbsp;A la salida de la escuela primaria, pasaba a buscar a sus hijos y los llevaba a todos a la chacra, sean varones, mujeres, le era indistinto: todos deb\u00edan aprender el oficio y a ganarse la vida.&nbsp;&nbsp;<\/p>\n\n\n\n<p>Natalia hered\u00f3 el esp\u00edritu incansable de su padre. Ahora trabaja de lunes a viernes en horario cortado y en invierno, pr\u00e1cticamente de sol a sol.<strong>&nbsp;<\/strong>De lunes a jueves hace 9 horas por d\u00eda y los viernes, 8.<\/p>\n\n\n\n<div style=\"height:30px\" aria-hidden=\"true\" class=\"wp-block-spacer\"><\/div>\n\n\n<div class=\"wp-block-image\">\n<figure class=\"aligncenter size-full is-resized\"><a href=\"https:\/\/enolife.com.ar\/es\/wp-content\/uploads\/2025\/06\/Mainque-Natalia-campeona-de-poda-provincial-Juan-Thomes-6.jpg\" data-rel=\"penci-gallery-image-content\" ><img loading=\"lazy\" decoding=\"async\" width=\"819\" height=\"500\" src=\"https:\/\/enolife.com.ar\/es\/wp-content\/uploads\/2025\/06\/Mainque-Natalia-campeona-de-poda-provincial-Juan-Thomes-6.jpg\" alt=\"\" class=\"wp-image-156792\" style=\"width:687px;height:auto\" srcset=\"https:\/\/enolife.com.ar\/es\/wp-content\/uploads\/2025\/06\/Mainque-Natalia-campeona-de-poda-provincial-Juan-Thomes-6.jpg 819w, https:\/\/enolife.com.ar\/es\/wp-content\/uploads\/2025\/06\/Mainque-Natalia-campeona-de-poda-provincial-Juan-Thomes-6-300x183.jpg 300w, https:\/\/enolife.com.ar\/es\/wp-content\/uploads\/2025\/06\/Mainque-Natalia-campeona-de-poda-provincial-Juan-Thomes-6-768x469.jpg 768w, https:\/\/enolife.com.ar\/es\/wp-content\/uploads\/2025\/06\/Mainque-Natalia-campeona-de-poda-provincial-Juan-Thomes-6-585x357.jpg 585w\" sizes=\"auto, (max-width: 819px) 100vw, 819px\" \/><\/a><\/figure><\/div>\n\n\n<div style=\"height:35px\" aria-hidden=\"true\" class=\"wp-block-spacer\"><\/div>\n\n\n\n<p>Su vida hoy transcurre en la chacra. Si bien Natalia pas\u00f3 por \u00e1reas de limpieza y mantenimiento, nada la aleja de las plantas: es su lugar en el mundo. Es mam\u00e1 de dos hijos (22 y 7 a\u00f1os) y vive con ellos en una vivienda entre las vi\u00f1as. <em>\u201cMi hija se hace cargo de llevar a su hermanito a la escuela y traerlo a casa\u201d,<\/em> comenta.&nbsp;<\/p>\n\n\n\n<div style=\"height:35px\" aria-hidden=\"true\" class=\"wp-block-spacer\"><\/div>\n\n\n\n<p class=\"has-medium-font-size\"><strong>Con Francia en la mira<\/strong><\/p>\n\n\n\n<p>El&nbsp;evento es organizado por la empresa Bahco como parte de una iniciativa de Responsabilidad Social Empresaria (RSE), y fue declarada de Inter\u00e9s Cultural y Tur\u00edstico por el Municipio de Roca.&nbsp;<\/p>\n\n\n\n<p>El premio para el o la ganadora a nivel nacional este a\u00f1o&nbsp;es un <em>viaje a Francia <\/em>para conocer la planta donde se fabrican las tijeras de poda.&nbsp;La final siempre se desarrolla en Mendoza, la provincia con m\u00e1s productores de vid y bodegas del pa\u00eds.<\/p>\n\n\n\n<p><em>\u201cQue la ganadora haya sido una mujer nos enorgullece enormemente\u201d<\/em>, asegura <strong>Mar\u00eda Laura Sosnowicz<\/strong>,&nbsp;responsable de Comunicaci\u00f3n de Bahco. Y agrega que durante m\u00e1s de seis d\u00e9cadas, esa empresa se consolid\u00f3 como referente internacional en herramientas de corte y poda. Desde hace 13 a\u00f1os lleva adelante este certamen en distintas regiones vitivin\u00edcolas&nbsp;del pa\u00eds:&nbsp;<strong>Mendoza, San Juan, Salta, La Rioja y R\u00edo Negro;&nbsp;<\/strong>y a su vez en tres pa\u00edses lim\u00edtrofes: <strong>Chile, Uruguay y Per\u00fa.<\/strong><\/p>\n\n\n\n<div style=\"height:30px\" aria-hidden=\"true\" class=\"wp-block-spacer\"><\/div>\n\n\n<div class=\"wp-block-image\">\n<figure class=\"aligncenter size-large is-resized\"><a href=\"https:\/\/enolife.com.ar\/es\/wp-content\/uploads\/2025\/06\/Mainque-Natalia-campeona-de-poda-provincial-Juan-Thomes-9.webp\"><img loading=\"lazy\" decoding=\"async\" width=\"1024\" height=\"683\" src=\"https:\/\/enolife.com.ar\/es\/wp-content\/uploads\/2025\/06\/Mainque-Natalia-campeona-de-poda-provincial-Juan-Thomes-9-1024x683.webp\" alt=\"\" class=\"wp-image-156794\" style=\"width:624px;height:auto\" srcset=\"https:\/\/enolife.com.ar\/es\/wp-content\/uploads\/2025\/06\/Mainque-Natalia-campeona-de-poda-provincial-Juan-Thomes-9-1024x683.webp 1024w, https:\/\/enolife.com.ar\/es\/wp-content\/uploads\/2025\/06\/Mainque-Natalia-campeona-de-poda-provincial-Juan-Thomes-9-300x200.webp 300w, https:\/\/enolife.com.ar\/es\/wp-content\/uploads\/2025\/06\/Mainque-Natalia-campeona-de-poda-provincial-Juan-Thomes-9-768x512.webp 768w, https:\/\/enolife.com.ar\/es\/wp-content\/uploads\/2025\/06\/Mainque-Natalia-campeona-de-poda-provincial-Juan-Thomes-9-1536x1024.webp 1536w, https:\/\/enolife.com.ar\/es\/wp-content\/uploads\/2025\/06\/Mainque-Natalia-campeona-de-poda-provincial-Juan-Thomes-9-1170x780.webp 1170w, https:\/\/enolife.com.ar\/es\/wp-content\/uploads\/2025\/06\/Mainque-Natalia-campeona-de-poda-provincial-Juan-Thomes-9-585x390.webp 585w, https:\/\/enolife.com.ar\/es\/wp-content\/uploads\/2025\/06\/Mainque-Natalia-campeona-de-poda-provincial-Juan-Thomes-9.webp 1800w\" sizes=\"auto, (max-width: 1024px) 100vw, 1024px\" \/><\/a><\/figure><\/div>\n\n\n<div style=\"height:35px\" aria-hidden=\"true\" class=\"wp-block-spacer\"><\/div>\n\n\n\n<p>El concurso se inici\u00f3 en Mendoza en 2012 y se convirti\u00f3 en&nbsp;\u201cuna verdadera tradici\u00f3n entre los profesionales del sector\u201d<strong>, <\/strong>cuenta&nbsp;la vocera. El fin es poner en valor cultural la tarea que realiza el podador.&nbsp;<\/p>\n\n\n\n<p>Para cerrar, Natalia cuenta c\u00f3mo se prepara para viajar a la final.<em>&nbsp;\u201cVoy m\u00e1s tranquila porque entiendo c\u00f3mo es la competencia, qu\u00e9 te piden en el jurado\u201d,<\/em> dice<strong>.&nbsp;<\/strong>Reconoce que por ser otra regi\u00f3n puede haber diferencias: <em>\u201cNo s\u00e9 lo que me va a esperar all\u00e1\u201d<\/em>, sostiene y agradece la oportunidad de competir.<\/p>\n\n\n\n<div style=\"height:31px\" aria-hidden=\"true\" class=\"wp-block-spacer\"><\/div>\n\n\n\n<p class=\"has-small-font-size\"><em><strong>Fuente: Diario de R\u00edo Negro<\/strong><\/em><\/p>\n\n\n\n<div style=\"height:30px\" aria-hidden=\"true\" class=\"wp-block-spacer\"><\/div>\n\n\n\n<p><a href=\"https:\/\/www.rionegro.com.ar\/autor\/florencia-bark\/\"><\/a><\/p>\n","protected":false},"excerpt":{"rendered":"<p>Trabaja en la Bodega Chacra de R\u00edo Negro desde hace 13 a\u00f1os. Tiene dos hijas,&hellip;<\/p>\n","protected":false},"author":2,"featured_media":156787,"comment_status":"open","ping_status":"open","sticky":false,"template":"","format":"standard","meta":{"footnotes":""},"categories":[56,7,4],"tags":[],"class_list":["post-156784","post","type-post","status-publish","format-standard","has-post-thumbnail","hentry","category-destacado","category-vino","category-protagonistas"],"_links":{"self":[{"href":"https:\/\/enolife.com.ar\/es\/wp-json\/wp\/v2\/posts\/156784","targetHints":{"allow":["GET"]}}],"collection":[{"href":"https:\/\/enolife.com.ar\/es\/wp-json\/wp\/v2\/posts"}],"about":[{"href":"https:\/\/enolife.com.ar\/es\/wp-json\/wp\/v2\/types\/post"}],"author":[{"embeddable":true,"href":"https:\/\/enolife.com.ar\/es\/wp-json\/wp\/v2\/users\/2"}],"replies":[{"embeddable":true,"href":"https:\/\/enolife.com.ar\/es\/wp-json\/wp\/v2\/comments?post=156784"}],"version-history":[{"count":0,"href":"https:\/\/enolife.com.ar\/es\/wp-json\/wp\/v2\/posts\/156784\/revisions"}],"wp:featuredmedia":[{"embeddable":true,"href":"https:\/\/enolife.com.ar\/es\/wp-json\/wp\/v2\/media\/156787"}],"wp:attachment":[{"href":"https:\/\/enolife.com.ar\/es\/wp-json\/wp\/v2\/media?parent=156784"}],"wp:term":[{"taxonomy":"category","embeddable":true,"href":"https:\/\/enolife.com.ar\/es\/wp-json\/wp\/v2\/categories?post=156784"},{"taxonomy":"post_tag","embeddable":true,"href":"https:\/\/enolife.com.ar\/es\/wp-json\/wp\/v2\/tags?post=156784"}],"curies":[{"name":"wp","href":"https:\/\/api.w.org\/{rel}","templated":true}]}}