{"id":156774,"date":"2025-06-19T15:18:11","date_gmt":"2025-06-19T15:18:11","guid":{"rendered":"https:\/\/enolife.com.ar\/es\/?p=156774"},"modified":"2025-06-20T21:38:57","modified_gmt":"2025-06-20T21:38:57","slug":"la-mayor-aerolinea-brasilena-agrega-la-nueva-ruta-mendoza-campinas-para-impulsar-el-turismo","status":"publish","type":"post","link":"https:\/\/enolife.com.ar\/es\/la-mayor-aerolinea-brasilena-agrega-la-nueva-ruta-mendoza-campinas-para-impulsar-el-turismo\/","title":{"rendered":"La mayor aerol\u00ednea brasile\u00f1a agrega la nueva ruta Mendoza-Campinas para impulsar el turismo"},"content":{"rendered":"\n<h4 class=\"wp-block-heading\"><em><strong>Desde el martes 17\/6\/25, la compa\u00f1\u00eda Azul realizar\u00e1 3 vuelos semanales entre esta provincia argentina y la ciudad de Campinas -ubicada a 100 km al noroeste de San Pablo-, en aeronaves Airbus A320 con capacidad para 174 pasajeros. La nueva ruta registr\u00f3 90% de ocupaci\u00f3n en el vuelo inaugural.<\/strong><\/em><\/h4>\n\n\n\n<div style=\"height:35px\" aria-hidden=\"true\" class=\"wp-block-spacer\"><\/div>\n\n\n<a href=\"https:\/\/instagram.com\/labelsolutions?igshid=YmMyMTA2M2Y=\" aria-label=\"Banner Palero 1700&#215;500\"><img loading=\"lazy\" decoding=\"async\" src=\"https:\/\/enolife.com.ar\/es\/wp-content\/uploads\/2021\/09\/Banner-Palero-1700x500-1.gif\" alt=\"\"  width=\"1700\" height=\"500\"   \/><\/a>\n\n\n<div style=\"height:45px\" aria-hidden=\"true\" class=\"wp-block-spacer\"><\/div>\n\n\n\n<p><strong>Azul<\/strong>, la mayor aerol\u00ednea en cantidad de vuelos y destinos atendidos en <strong>Brasil,<\/strong> realiz\u00f3 este martes 17 de junio de 2025 el primer vuelo de la ruta in\u00e9dita entre Campinas (estado de San Pablo) y Mendoza. La operaci\u00f3n ser\u00e1 estacional, entre junio y agosto, y atender\u00e1 a quienes buscan disfrutar de la temporada de invierno en nuestra provincia. Desde la compa\u00f1\u00eda anticiparon que <em>\u201cla nueva ruta tiene alta demanda\u201d.<\/em><\/p>\n\n\n\n<p>La aerol\u00ednea ofrecer\u00e1 <strong>60 vuelos durante este per\u00edodo<\/strong>, con <strong>3 frecuencias semanales: martes, viernes y domingos.<\/strong> Esta acci\u00f3n refuerza la estrategia de Azul de ampliar su presencia en destinos internacionales y ofrecer mayor conectividad a sus clientes.<\/p>\n\n\n\n<p><strong>Gabriela Testa, <\/strong>presidenta del<strong> Ente Mendoza Turismo<\/strong>, destac\u00f3 que <em>\u201cuna nueva l\u00ednea a\u00e9rea se suma a la oferta que tiene la provincia en la actualidad, conect\u00e1ndonos con un pa\u00eds que es tan importante para nosotros como mercado emisivo. M\u00e1s puntualmente, viene un aeropuerto tambi\u00e9n, que es in\u00e9dito, que es Campinas\u201d.<\/em><\/p>\n\n\n\n<div style=\"height:30px\" aria-hidden=\"true\" class=\"wp-block-spacer\"><\/div>\n\n\n<div class=\"wp-block-image\">\n<figure class=\"aligncenter size-full is-resized\"><a href=\"https:\/\/enolife.com.ar\/es\/wp-content\/uploads\/2025\/06\/1000369716.jpg\" data-rel=\"penci-gallery-image-content\" ><img loading=\"lazy\" decoding=\"async\" width=\"843\" height=\"500\" src=\"https:\/\/enolife.com.ar\/es\/wp-content\/uploads\/2025\/06\/1000369716.jpg\" alt=\"\" class=\"wp-image-156854\" style=\"width:624px;height:auto\" srcset=\"https:\/\/enolife.com.ar\/es\/wp-content\/uploads\/2025\/06\/1000369716.jpg 843w, https:\/\/enolife.com.ar\/es\/wp-content\/uploads\/2025\/06\/1000369716-300x178.jpg 300w, https:\/\/enolife.com.ar\/es\/wp-content\/uploads\/2025\/06\/1000369716-768x456.jpg 768w, https:\/\/enolife.com.ar\/es\/wp-content\/uploads\/2025\/06\/1000369716-585x347.jpg 585w\" sizes=\"auto, (max-width: 843px) 100vw, 843px\" \/><\/a><\/figure><\/div>\n\n\n<div style=\"height:35px\" aria-hidden=\"true\" class=\"wp-block-spacer\"><\/div>\n\n\n\n<p>La funcionaria remarc\u00f3 que el vuelo conecta a Mendoza con <em>\u201cuna jurisdicci\u00f3n que tiene 44 millones de habitantes, as\u00ed que es muy importante\u00bb<\/em>. Este vuelo suma al desarrollo de la actividad tur\u00edstica, pero tambi\u00e9n al sector econ\u00f3mico en general.\u00a0<\/p>\n\n\n\n<p><em>\u201cAdem\u00e1s de Azul, Gol, Aerol\u00edneas Argentinas y Latam ya nos conectan con Brasil. Este es un vuelo estacional. Ojal\u00e1 sea exitosa la ruta, de modo que pueda quedar en forma permanente\u201d,<\/em> agreg\u00f3 Testa.\u00a0<\/p>\n\n\n\n<p><em>\u201cEl vuelo a Mendoza atender\u00e1 a quienes desean viajar durante la alta temporada de invierno, en Argentina. En estos meses, la regi\u00f3n atrae a muchos turistas y, con esta nueva ruta, seguimos firmes en nuestra propuesta de ampliar tambi\u00e9n la conectividad a\u00e9rea hacia destinos internacionales, brindando m\u00e1s opciones a los clientes de las ciudades atendidas por Azul\u201d<\/em>, dijo <strong>Jason Ward, <\/strong>vicepresidente de M\u00e1rketing y Personas de Azul.\u00a0<\/p>\n\n\n\n<p><em>\u201cMendoza es una ciudad muy atractiva durante el invierno. En esta \u00e9poca del a\u00f1o, es posible disfrutar de los vinos de la regi\u00f3n, aprovechar la nieve y practicar deportes de invierno\u201d<\/em>, agreg\u00f3 el ejecutivo.<\/p>\n\n\n\n<div style=\"height:30px\" aria-hidden=\"true\" class=\"wp-block-spacer\"><\/div>\n\n\n<div class=\"wp-block-image\">\n<figure class=\"aligncenter size-full is-resized\"><a href=\"https:\/\/enolife.com.ar\/es\/wp-content\/uploads\/2025\/06\/1000369718.jpg\" data-rel=\"penci-gallery-image-content\" ><img loading=\"lazy\" decoding=\"async\" width=\"866\" height=\"500\" src=\"https:\/\/enolife.com.ar\/es\/wp-content\/uploads\/2025\/06\/1000369718.jpg\" alt=\"\" class=\"wp-image-156858\" style=\"width:625px;height:auto\" srcset=\"https:\/\/enolife.com.ar\/es\/wp-content\/uploads\/2025\/06\/1000369718.jpg 866w, https:\/\/enolife.com.ar\/es\/wp-content\/uploads\/2025\/06\/1000369718-300x173.jpg 300w, https:\/\/enolife.com.ar\/es\/wp-content\/uploads\/2025\/06\/1000369718-768x443.jpg 768w, https:\/\/enolife.com.ar\/es\/wp-content\/uploads\/2025\/06\/1000369718-585x338.jpg 585w\" sizes=\"auto, (max-width: 866px) 100vw, 866px\" \/><\/a><\/figure><\/div>\n\n\n<div style=\"height:35px\" aria-hidden=\"true\" class=\"wp-block-spacer\"><\/div>\n\n\n\n<p>Finalmente, <strong>Sergio Rinaldo, gerente regional de Aeropuertos Argentina, <\/strong>agreg\u00f3: <em>\u201cNos conectamos con un nuevo destino y eso es importante, porque son pasajeros nuevos, se renueva el flujo de pasajeros hacia y desde la provincia\u201d.<\/em><\/p>\n\n\n\n<div style=\"height:35px\" aria-hidden=\"true\" class=\"wp-block-spacer\"><\/div>\n\n\n\n<p class=\"has-medium-font-size\"><strong>Sobre Azul&nbsp;<\/strong><\/p>\n\n\n\n<p><strong>Azul SA (B3: AZUL4; NYSE: AZUL),<\/strong> la mayor aerol\u00ednea de Brasil en n\u00famero de vuelos y ciudades atendidas, ofrece 900 vuelos diarios a m\u00e1s de 150 destinos. Con una flota operativa de 200 aeronaves y 15.000 tripulantes, la compa\u00f1\u00eda cuenta con una red de 300 rutas directas.\u00a0<\/p>\n\n\n\n<p>Azul fue elegida por <strong>Cirium<\/strong> -empresa l\u00edder en an\u00e1lisis de datos de aviaci\u00f3n- como la <strong>segunda aerol\u00ednea m\u00e1s puntual del mundo en 2023.<\/strong> En 2020, Azul fue premiada como la mejor aerol\u00ednea del mundo por <strong>TripAdvisor<\/strong>, siendo la primera vez que una aerol\u00ednea brasile\u00f1a obtuvo el primer lugar en los <strong>Traveller\u2019s Choice Awards.<\/strong> Para m\u00e1s informaci\u00f3n, los interesados pueden visitar <strong><a href=\"http:\/\/www.voeazul.com.br\/imprensa\" target=\"_blank\" rel=\"noreferrer noopener\">www.voeazul.com.br\/imprensa<\/a>.<\/strong><\/p>\n\n\n\n<div style=\"height:30px\" aria-hidden=\"true\" class=\"wp-block-spacer\"><\/div>\n","protected":false},"excerpt":{"rendered":"<p>Desde el martes 17\/6\/25, la compa\u00f1\u00eda Azul realizar\u00e1 3 vuelos semanales entre esta provincia argentina&hellip;<\/p>\n","protected":false},"author":2,"featured_media":156851,"comment_status":"open","ping_status":"open","sticky":false,"template":"","format":"standard","meta":{"footnotes":""},"categories":[56,11],"tags":[],"class_list":["post-156774","post","type-post","status-publish","format-standard","has-post-thumbnail","hentry","category-destacado","category-enoturismo"],"_links":{"self":[{"href":"https:\/\/enolife.com.ar\/es\/wp-json\/wp\/v2\/posts\/156774","targetHints":{"allow":["GET"]}}],"collection":[{"href":"https:\/\/enolife.com.ar\/es\/wp-json\/wp\/v2\/posts"}],"about":[{"href":"https:\/\/enolife.com.ar\/es\/wp-json\/wp\/v2\/types\/post"}],"author":[{"embeddable":true,"href":"https:\/\/enolife.com.ar\/es\/wp-json\/wp\/v2\/users\/2"}],"replies":[{"embeddable":true,"href":"https:\/\/enolife.com.ar\/es\/wp-json\/wp\/v2\/comments?post=156774"}],"version-history":[{"count":0,"href":"https:\/\/enolife.com.ar\/es\/wp-json\/wp\/v2\/posts\/156774\/revisions"}],"wp:featuredmedia":[{"embeddable":true,"href":"https:\/\/enolife.com.ar\/es\/wp-json\/wp\/v2\/media\/156851"}],"wp:attachment":[{"href":"https:\/\/enolife.com.ar\/es\/wp-json\/wp\/v2\/media?parent=156774"}],"wp:term":[{"taxonomy":"category","embeddable":true,"href":"https:\/\/enolife.com.ar\/es\/wp-json\/wp\/v2\/categories?post=156774"},{"taxonomy":"post_tag","embeddable":true,"href":"https:\/\/enolife.com.ar\/es\/wp-json\/wp\/v2\/tags?post=156774"}],"curies":[{"name":"wp","href":"https:\/\/api.w.org\/{rel}","templated":true}]}}