{"id":156740,"date":"2025-06-17T20:56:47","date_gmt":"2025-06-17T20:56:47","guid":{"rendered":"https:\/\/enolife.com.ar\/es\/?p=156740"},"modified":"2025-06-19T15:17:33","modified_gmt":"2025-06-19T15:17:33","slug":"ciencia-ambiente-y-cooperacion-ejes-del-congreso-mundial-de-la-oiv-por-1-vez-en-moldavia","status":"publish","type":"post","link":"https:\/\/enolife.com.ar\/es\/ciencia-ambiente-y-cooperacion-ejes-del-congreso-mundial-de-la-oiv-por-1-vez-en-moldavia\/","title":{"rendered":"Ciencia, ambiente y cooperaci\u00f3n, ejes del Congreso Mundial de la OIV, por 1\u00b0 vez en Moldavia"},"content":{"rendered":"\n<h4 class=\"wp-block-heading\"><em><strong>El 46\u00ba Congreso Mundial de la Vi\u00f1a y el Vino fue inaugurado oficialmente el 16\/6\/25 y continuar\u00e1 hasta el 20\/6 en Chisin\u00e1u, Rep\u00fablica de Moldavia. Es el epicentro mundial de la investigaci\u00f3n, el di\u00e1logo internacional y la innovaci\u00f3n en el sector de la vid y el vino.<\/strong><\/em><\/h4>\n\n\n\n<div style=\"height:35px\" aria-hidden=\"true\" class=\"wp-block-spacer\"><\/div>\n\n\n\n\n\n<div style=\"height:45px\" aria-hidden=\"true\" class=\"wp-block-spacer\"><\/div>\n\n\n\n<p>El 46\u00ba Congreso Mundial de la Vi\u00f1a y el Vino de la OIV fue inaugurado con la presencia de la presidenta de la Rep\u00fablica de Moldavia, <strong>Maia Sandu<\/strong>; la ministra moldava de Agricultura y de la Industria Alimentaria, <strong>Ludmila Catlabuga<\/strong>; el director de la Oficina Nacional de la Vi\u00f1a y el Vino (ONVV), <strong>\u0218tefan Iamandi<\/strong>; la presidenta de la Organizaci\u00f3n Internacional de la Vi\u00f1a y el Vino (OIV), <strong>Yvette van der Merwe<\/strong>; y el director general de la OIV, <strong>John Barker.<\/strong><\/p>\n\n\n\n<div style=\"height:30px\" aria-hidden=\"true\" class=\"wp-block-spacer\"><\/div>\n\n\n<div class=\"wp-block-image\">\n<figure class=\"aligncenter size-full is-resized\"><a href=\"https:\/\/enolife.com.ar\/es\/wp-content\/uploads\/2025\/06\/46_-OIV_Congress_Official_opening.jpg\" data-rel=\"penci-gallery-image-content\" ><img loading=\"lazy\" decoding=\"async\" width=\"844\" height=\"500\" src=\"https:\/\/enolife.com.ar\/es\/wp-content\/uploads\/2025\/06\/46_-OIV_Congress_Official_opening.jpg\" alt=\"\" class=\"wp-image-156747\" style=\"width:672px;height:auto\" srcset=\"https:\/\/enolife.com.ar\/es\/wp-content\/uploads\/2025\/06\/46_-OIV_Congress_Official_opening.jpg 844w, https:\/\/enolife.com.ar\/es\/wp-content\/uploads\/2025\/06\/46_-OIV_Congress_Official_opening-300x178.jpg 300w, https:\/\/enolife.com.ar\/es\/wp-content\/uploads\/2025\/06\/46_-OIV_Congress_Official_opening-768x455.jpg 768w, https:\/\/enolife.com.ar\/es\/wp-content\/uploads\/2025\/06\/46_-OIV_Congress_Official_opening-585x347.jpg 585w\" sizes=\"auto, (max-width: 844px) 100vw, 844px\" \/><\/a><figcaption class=\"wp-element-caption\"><em><strong>\u0218tefan Iamandi, director de la Oficina Nacional de la Vid y el Vino de Moldavia (ONVV); Ludmila Catlabuga, ministra de Agricultura e Industria Alimenticia de Moldavia; Maia Sandu, presidenta de la Rep\u00fablica de Moldavia; Yvette van der Merwe, presidenta de la OIV; John Barker, director general de la OIV; y Luigi Moio, vicepresidente de la OIV<\/strong><\/em><strong><em>.<br><\/em><\/strong>\u00a0<\/figcaption><\/figure><\/div>\n\n\n<p>Este Congreso marca un hito hist\u00f3rico tanto para el pa\u00eds anfitri\u00f3n como para la comunidad vitivin\u00edcola mundial.<strong> Celebrado por primera vez en Moldavia<\/strong>, el evento inaugura tambi\u00e9n un nuevo siglo de acci\u00f3n para la OIV<\/p>\n\n\n\n<p>Aunque el sector enfrenta desaf\u00edos -como el <strong>cambio clim\u00e1tico, los cambios en los patrones de consumo y las presiones econ\u00f3micas<\/strong>-, estos tambi\u00e9n son momentos propicios para la reinvenci\u00f3n. El 46\u00ba Congreso Mundial de la Vi\u00f1a y el Vino pone \u00e9nfasis en la <strong>innovaci\u00f3n t\u00e9cnica, la conexi\u00f3n con los consumidores y la sociedad, y la responsabilidad medioambiental como pilares clave<\/strong> del \u00e9xito.<\/p>\n\n\n\n<p>La presidenta Sandu destac\u00f3 el firme compromiso de Moldavia con el desarrollo y la proyecci\u00f3n internacional de su sector vitivin\u00edcola, subrayando el renacimiento de las variedades aut\u00f3ctonas de uva moldavas: <em>\u201cNombres locales como Feteasca Alb\u0103, Feteasca Neagr\u0103, Rara Neagr\u0103, Viorica, Floricica ya no son secretos ocultos, ahora son motivo de orgullo, ganando premios y obteniendo reconocimiento internacional\u201d.<\/em><\/p>\n\n\n\n<div style=\"height:35px\" aria-hidden=\"true\" class=\"wp-block-spacer\"><\/div>\n\n\n\n<p class=\"has-medium-font-size\"><strong>Un hecho hist\u00f3rico para Moldavia y un nuevo siglo para la OIV<\/strong><\/p>\n\n\n\n<p>Bajo el lema <em>\u201cForjar el futuro de la vid y el vino: adoptando la resiliencia, elevando el valor, fomentando la innovaci\u00f3n\u201d<\/em>, el Congreso recibe a expertos, investigadores, viticultores, en\u00f3logos, productores y responsables pol\u00edticos de los 51 pa\u00edses miembros de la OIV, as\u00ed como de otras naciones implicadas en la investigaci\u00f3n y el desarrollo del sector vitivin\u00edcola.<\/p>\n\n\n\n<p>Celebrado por primera vez en la Rep\u00fablica de Moldavia, este Congreso marca tambi\u00e9n el inicio del segundo siglo de existencia de la OIV. Moldavia es un pa\u00eds donde <em>\u201cel vino no es s\u00f3lo un producto, sino parte de la identidad nacional<\/em>\u201d, como se\u00f1al\u00f3 la presidenta de la OIV, Yvette Van der Merwe, destacando que <em>\u201cla excelencia en el vino no est\u00e1 limitada a una sola regi\u00f3n, lengua o cultura, sino que existe a trav\u00e9s de continentes, climas y comunidades. Nuestra fuerza como organizaci\u00f3n internacional radica en nuestra diversidad.\u201d<\/em><\/p>\n\n\n\n<div style=\"height:35px\" aria-hidden=\"true\" class=\"wp-block-spacer\"><\/div>\n\n\n\n<p class=\"has-medium-font-size\"><strong>La ciencia y la cooperaci\u00f3n en el centro del debate<\/strong><\/p>\n\n\n\n<p>En un momento crucial para el sector, el director general de la OIV, John Barker, hizo un en\u00e9rgico llamado a favor de la cooperaci\u00f3n, la ciencia y la sostenibilidad, promoviendo enfoques multilaterales para enfrentar los desaf\u00edos comunes y aprovechar las oportunidades futuras del sector de la vid y el vino.<br><em>\u201cLa cooperaci\u00f3n y la ciencia han estado en el coraz\u00f3n de las actividades de la OIV durante m\u00e1s de un siglo. Hoy, m\u00e1s que nunca, debemos seguir gui\u00e1ndonos por estas dos estrellas. Cooperaci\u00f3n, porque ninguna regi\u00f3n o pa\u00eds tiene todas las respuestas. Ciencia, porque ah\u00ed es donde encontraremos las respuestas\u201d,<\/em> afirm\u00f3 Barker.<\/p>\n\n\n\n<div style=\"height:35px\" aria-hidden=\"true\" class=\"wp-block-spacer\"><\/div>\n\n\n\n<p class=\"has-medium-font-size\"><strong>Nuevas perspectivas sobre estad\u00edsticas globales<\/strong><\/p>\n\n\n\n<p>El Congreso sirve como plataforma para que la OIV presente sus datos m\u00e1s recientes sobre la producci\u00f3n mundial de uva en 2024, actualizando la informaci\u00f3n preliminar divulgada en la conferencia de prensa virtual de abril.<\/p>\n\n\n\n<div style=\"height:30px\" aria-hidden=\"true\" class=\"wp-block-spacer\"><\/div>\n\n\n\n<figure class=\"wp-block-gallery aligncenter has-nested-images columns-default is-cropped wp-block-gallery-1 is-layout-flex wp-block-gallery-is-layout-flex\">\n<figure class=\"wp-block-image size-large\"><a href=\"https:\/\/enolife.com.ar\/es\/wp-content\/uploads\/2025\/06\/Imagen1-9.jpg\" data-rel=\"penci-gallery-image-content\" ><img loading=\"lazy\" decoding=\"async\" width=\"1024\" height=\"748\" data-id=\"156752\" src=\"https:\/\/enolife.com.ar\/es\/wp-content\/uploads\/2025\/06\/Imagen1-9-1024x748.jpg\" alt=\"\" class=\"wp-image-156752\" srcset=\"https:\/\/enolife.com.ar\/es\/wp-content\/uploads\/2025\/06\/Imagen1-9-1024x748.jpg 1024w, https:\/\/enolife.com.ar\/es\/wp-content\/uploads\/2025\/06\/Imagen1-9-300x219.jpg 300w, https:\/\/enolife.com.ar\/es\/wp-content\/uploads\/2025\/06\/Imagen1-9-768x561.jpg 768w, https:\/\/enolife.com.ar\/es\/wp-content\/uploads\/2025\/06\/Imagen1-9-1170x855.jpg 1170w, https:\/\/enolife.com.ar\/es\/wp-content\/uploads\/2025\/06\/Imagen1-9-585x428.jpg 585w, https:\/\/enolife.com.ar\/es\/wp-content\/uploads\/2025\/06\/Imagen1-9.jpg 1497w\" sizes=\"auto, (max-width: 1024px) 100vw, 1024px\" \/><\/a><\/figure>\n\n\n\n<figure class=\"wp-block-image size-large\"><a href=\"https:\/\/enolife.com.ar\/es\/wp-content\/uploads\/2025\/06\/Imagen2-7.jpg\" data-rel=\"penci-gallery-image-content\" ><img loading=\"lazy\" decoding=\"async\" width=\"1024\" height=\"748\" data-id=\"156753\" src=\"https:\/\/enolife.com.ar\/es\/wp-content\/uploads\/2025\/06\/Imagen2-7-1024x748.jpg\" alt=\"\" class=\"wp-image-156753\" srcset=\"https:\/\/enolife.com.ar\/es\/wp-content\/uploads\/2025\/06\/Imagen2-7-1024x748.jpg 1024w, https:\/\/enolife.com.ar\/es\/wp-content\/uploads\/2025\/06\/Imagen2-7-300x219.jpg 300w, https:\/\/enolife.com.ar\/es\/wp-content\/uploads\/2025\/06\/Imagen2-7-768x561.jpg 768w, https:\/\/enolife.com.ar\/es\/wp-content\/uploads\/2025\/06\/Imagen2-7-1170x855.jpg 1170w, https:\/\/enolife.com.ar\/es\/wp-content\/uploads\/2025\/06\/Imagen2-7-585x428.jpg 585w, https:\/\/enolife.com.ar\/es\/wp-content\/uploads\/2025\/06\/Imagen2-7.jpg 1497w\" sizes=\"auto, (max-width: 1024px) 100vw, 1024px\" \/><\/a><\/figure>\n<\/figure>\n\n\n\n<div style=\"height:35px\" aria-hidden=\"true\" class=\"wp-block-spacer\"><\/div>\n\n\n\n<p>Los datos revelan el fuerte impacto del cambio clim\u00e1tico en la reducci\u00f3n de la producci\u00f3n mundial de vino, mientras que factores econ\u00f3micos y sociales han contribuido a una disminuci\u00f3n en el consumo global. A pesar de la incertidumbre en el entorno comercial internacional, las exportaciones de vino se mantienen estables tanto en volumen como en valor.<\/p>\n\n\n\n<div style=\"height:30px\" aria-hidden=\"true\" class=\"wp-block-spacer\"><\/div>\n\n\n\n<figure class=\"wp-block-gallery aligncenter has-nested-images columns-default is-cropped wp-block-gallery-2 is-layout-flex wp-block-gallery-is-layout-flex\">\n<figure class=\"wp-block-image size-large\"><a href=\"https:\/\/enolife.com.ar\/es\/wp-content\/uploads\/2025\/06\/Imagen8-1.jpg\" data-rel=\"penci-gallery-image-content\" ><img loading=\"lazy\" decoding=\"async\" width=\"1024\" height=\"748\" data-id=\"156762\" src=\"https:\/\/enolife.com.ar\/es\/wp-content\/uploads\/2025\/06\/Imagen8-1-1024x748.jpg\" alt=\"\" class=\"wp-image-156762\" srcset=\"https:\/\/enolife.com.ar\/es\/wp-content\/uploads\/2025\/06\/Imagen8-1-1024x748.jpg 1024w, https:\/\/enolife.com.ar\/es\/wp-content\/uploads\/2025\/06\/Imagen8-1-300x219.jpg 300w, https:\/\/enolife.com.ar\/es\/wp-content\/uploads\/2025\/06\/Imagen8-1-768x561.jpg 768w, https:\/\/enolife.com.ar\/es\/wp-content\/uploads\/2025\/06\/Imagen8-1-1170x855.jpg 1170w, https:\/\/enolife.com.ar\/es\/wp-content\/uploads\/2025\/06\/Imagen8-1-585x428.jpg 585w, https:\/\/enolife.com.ar\/es\/wp-content\/uploads\/2025\/06\/Imagen8-1.jpg 1497w\" sizes=\"auto, (max-width: 1024px) 100vw, 1024px\" \/><\/a><\/figure>\n\n\n\n<figure class=\"wp-block-image size-large\"><a href=\"https:\/\/enolife.com.ar\/es\/wp-content\/uploads\/2025\/06\/Imagen6-2.jpg\" data-rel=\"penci-gallery-image-content\" ><img loading=\"lazy\" decoding=\"async\" width=\"1024\" height=\"711\" data-id=\"156763\" src=\"https:\/\/enolife.com.ar\/es\/wp-content\/uploads\/2025\/06\/Imagen6-2-1024x711.jpg\" alt=\"\" class=\"wp-image-156763\" srcset=\"https:\/\/enolife.com.ar\/es\/wp-content\/uploads\/2025\/06\/Imagen6-2-1024x711.jpg 1024w, https:\/\/enolife.com.ar\/es\/wp-content\/uploads\/2025\/06\/Imagen6-2-300x208.jpg 300w, https:\/\/enolife.com.ar\/es\/wp-content\/uploads\/2025\/06\/Imagen6-2-768x533.jpg 768w, https:\/\/enolife.com.ar\/es\/wp-content\/uploads\/2025\/06\/Imagen6-2-1170x812.jpg 1170w, https:\/\/enolife.com.ar\/es\/wp-content\/uploads\/2025\/06\/Imagen6-2-585x406.jpg 585w, https:\/\/enolife.com.ar\/es\/wp-content\/uploads\/2025\/06\/Imagen6-2.jpg 1497w\" sizes=\"auto, (max-width: 1024px) 100vw, 1024px\" \/><\/a><\/figure>\n<\/figure>\n\n\n\n<div style=\"height:30px\" aria-hidden=\"true\" class=\"wp-block-spacer\"><\/div>\n\n\n\n<figure class=\"wp-block-gallery aligncenter has-nested-images columns-default is-cropped wp-block-gallery-3 is-layout-flex wp-block-gallery-is-layout-flex\">\n<figure class=\"wp-block-image size-large\"><a href=\"https:\/\/enolife.com.ar\/es\/wp-content\/uploads\/2025\/06\/Imagen4-4.jpg\" data-rel=\"penci-gallery-image-content\" ><img loading=\"lazy\" decoding=\"async\" width=\"1024\" height=\"748\" data-id=\"156755\" src=\"https:\/\/enolife.com.ar\/es\/wp-content\/uploads\/2025\/06\/Imagen4-4-1024x748.jpg\" alt=\"\" class=\"wp-image-156755\" srcset=\"https:\/\/enolife.com.ar\/es\/wp-content\/uploads\/2025\/06\/Imagen4-4-1024x748.jpg 1024w, https:\/\/enolife.com.ar\/es\/wp-content\/uploads\/2025\/06\/Imagen4-4-300x219.jpg 300w, https:\/\/enolife.com.ar\/es\/wp-content\/uploads\/2025\/06\/Imagen4-4-768x561.jpg 768w, https:\/\/enolife.com.ar\/es\/wp-content\/uploads\/2025\/06\/Imagen4-4-1170x855.jpg 1170w, https:\/\/enolife.com.ar\/es\/wp-content\/uploads\/2025\/06\/Imagen4-4-585x428.jpg 585w, https:\/\/enolife.com.ar\/es\/wp-content\/uploads\/2025\/06\/Imagen4-4.jpg 1497w\" sizes=\"auto, (max-width: 1024px) 100vw, 1024px\" \/><\/a><\/figure>\n\n\n\n<figure class=\"wp-block-image size-large\"><a href=\"https:\/\/enolife.com.ar\/es\/wp-content\/uploads\/2025\/06\/Imagen5-1.jpg\" data-rel=\"penci-gallery-image-content\" ><img loading=\"lazy\" decoding=\"async\" width=\"1024\" height=\"748\" data-id=\"156756\" src=\"https:\/\/enolife.com.ar\/es\/wp-content\/uploads\/2025\/06\/Imagen5-1-1024x748.jpg\" alt=\"\" class=\"wp-image-156756\" srcset=\"https:\/\/enolife.com.ar\/es\/wp-content\/uploads\/2025\/06\/Imagen5-1-1024x748.jpg 1024w, https:\/\/enolife.com.ar\/es\/wp-content\/uploads\/2025\/06\/Imagen5-1-300x219.jpg 300w, https:\/\/enolife.com.ar\/es\/wp-content\/uploads\/2025\/06\/Imagen5-1-768x561.jpg 768w, https:\/\/enolife.com.ar\/es\/wp-content\/uploads\/2025\/06\/Imagen5-1-1170x855.jpg 1170w, https:\/\/enolife.com.ar\/es\/wp-content\/uploads\/2025\/06\/Imagen5-1-585x428.jpg 585w, https:\/\/enolife.com.ar\/es\/wp-content\/uploads\/2025\/06\/Imagen5-1.jpg 1497w\" sizes=\"auto, (max-width: 1024px) 100vw, 1024px\" \/><\/a><\/figure>\n<\/figure>\n\n\n\n<div style=\"height:35px\" aria-hidden=\"true\" class=\"wp-block-spacer\"><\/div>\n\n\n\n<p>El sector de la uva de mesa sigue creciendo en producci\u00f3n y consumo, impulsado por la expansi\u00f3n del mercado chino y la innovaci\u00f3n en productos. La producci\u00f3n de uvas pasas se mantiene estable.<\/p>\n\n\n\n<div style=\"height:24px\" aria-hidden=\"true\" class=\"wp-block-spacer\"><\/div>\n\n\n\n<p class=\"has-background\" style=\"background-color:#abb7c25e\"><strong>Se puede bajar la presentaci\u00f3n completa en PDF <a href=\"https:\/\/www.oiv.int\/sites\/default\/files\/2025-06\/OIV-OPENING_46-World_Congress_of_Vine_and_Wine.pdf\">AQU\u00cd<\/a><\/strong><\/p>\n\n\n\n<div style=\"height:30px\" aria-hidden=\"true\" class=\"wp-block-spacer\"><\/div>\n","protected":false},"excerpt":{"rendered":"<p>El 46\u00ba Congreso Mundial de la Vi\u00f1a y el Vino fue inaugurado oficialmente el 16\/6\/25&hellip;<\/p>\n","protected":false},"author":2,"featured_media":156749,"comment_status":"open","ping_status":"open","sticky":false,"template":"","format":"standard","meta":{"footnotes":""},"categories":[14],"tags":[],"class_list":["post-156740","post","type-post","status-publish","format-standard","has-post-thumbnail","hentry","category-news"],"_links":{"self":[{"href":"https:\/\/enolife.com.ar\/es\/wp-json\/wp\/v2\/posts\/156740","targetHints":{"allow":["GET"]}}],"collection":[{"href":"https:\/\/enolife.com.ar\/es\/wp-json\/wp\/v2\/posts"}],"about":[{"href":"https:\/\/enolife.com.ar\/es\/wp-json\/wp\/v2\/types\/post"}],"author":[{"embeddable":true,"href":"https:\/\/enolife.com.ar\/es\/wp-json\/wp\/v2\/users\/2"}],"replies":[{"embeddable":true,"href":"https:\/\/enolife.com.ar\/es\/wp-json\/wp\/v2\/comments?post=156740"}],"version-history":[{"count":0,"href":"https:\/\/enolife.com.ar\/es\/wp-json\/wp\/v2\/posts\/156740\/revisions"}],"wp:featuredmedia":[{"embeddable":true,"href":"https:\/\/enolife.com.ar\/es\/wp-json\/wp\/v2\/media\/156749"}],"wp:attachment":[{"href":"https:\/\/enolife.com.ar\/es\/wp-json\/wp\/v2\/media?parent=156740"}],"wp:term":[{"taxonomy":"category","embeddable":true,"href":"https:\/\/enolife.com.ar\/es\/wp-json\/wp\/v2\/categories?post=156740"},{"taxonomy":"post_tag","embeddable":true,"href":"https:\/\/enolife.com.ar\/es\/wp-json\/wp\/v2\/tags?post=156740"}],"curies":[{"name":"wp","href":"https:\/\/api.w.org\/{rel}","templated":true}]}}