{"id":156631,"date":"2025-06-17T15:44:34","date_gmt":"2025-06-17T15:44:34","guid":{"rendered":"https:\/\/enolife.com.ar\/es\/?p=156631"},"modified":"2025-06-18T23:33:11","modified_gmt":"2025-06-18T23:33:11","slug":"con-talleres-competencia-y-feria-el-25-6-tupungato-sera-escenario-del-1-festival-de-poda-de-vid","status":"publish","type":"post","link":"https:\/\/enolife.com.ar\/es\/con-talleres-competencia-y-feria-el-25-6-tupungato-sera-escenario-del-1-festival-de-poda-de-vid\/","title":{"rendered":"Con talleres, competencia y feria, el 25\/6 Tupungato ser\u00e1 escenario del 1\u00b0 Festival de Poda de vid"},"content":{"rendered":"\n<h4 class=\"wp-block-heading\"><em><strong>Con el objetivo de promover las mejores pr\u00e1cticas de poda de vid y fortalecer la comunidad vitivin\u00edcola del Valle de Uco, la Corporaci\u00f3n Vitivin\u00edcola Argentina (Coviar), el Instituto Nacional de Tecnolog\u00eda Agropecuaria (INTA), la Municipalidad de Tupungato y empresas del sector privado, invitan al \u00abPrimer Festival de Poda en Vid\u00bb. La jornada, que se llevar\u00e1 a cabo el 25 de junio, incluir\u00e1 talleres pr\u00e1cticos, stands de empresas de tecnolog\u00eda aplicada a la poda y de elaboradores de vino y una competencia de poda para hombres y mujeres. La participaci\u00f3n es gratuita para todas las actividades pero con previa inscripci\u00f3n.<\/strong><\/em><\/h4>\n\n\n\n<div style=\"height:35px\" aria-hidden=\"true\" class=\"wp-block-spacer\"><\/div>\n\n\n<a href=\"https:\/\/www.linkedin.com\/company\/agrinet-sa\/?originalSubdomain=ar\" aria-label=\"1700X500\"><img loading=\"lazy\" decoding=\"async\" src=\"https:\/\/enolife.com.ar\/es\/wp-content\/uploads\/2021\/11\/1700X500.gif\" alt=\"\"  width=\"1700\" height=\"500\"   \/><\/a>\n\n\n<div style=\"height:45px\" aria-hidden=\"true\" class=\"wp-block-spacer\"><\/div>\n\n\n\n<p>El <strong>Valle de Uco (Mendoza)<\/strong>, conocido por su rica tradici\u00f3n vitivin\u00edcola, ser\u00e1 el escenario del \u201c<strong>Primer Festival de Poda en vid\u00bb<\/strong> el d\u00eda <strong>25 de junio, a partir de las 9 hs, en la Finca La Solariega (Calle Danti s\/n)<\/strong> del departamento de <strong>Tupungato<\/strong>. La iniciativa parte de la Coviar, el INTA, la Municipalidad de Tupungato y empresas del sector privado.<\/p>\n\n\n\n<p>Esta fiesta busca fortalecer la comunidad vitivin\u00edcola local y tiene como objetivo promover, preservar, y mejorar las t\u00e9cnicas de poda, al tiempo que se fomenta la sustentabilidad en el proceso. Las variedades de vid para vinificaci\u00f3n seguir\u00e1n los sistemas tradicionales de poda, mientras que se explorar\u00e1n tambi\u00e9n los sistemas mecanizados que representan el futuro de la vitivinicultura.<\/p>\n\n\n\n<div style=\"height:35px\" aria-hidden=\"true\" class=\"wp-block-spacer\"><\/div>\n\n\n\n<p class=\"has-medium-font-size\"><strong>Actividades durante la jornada<\/strong><\/p>\n\n\n<div class=\"wp-block-image\">\n<figure class=\"alignleft size-full\"><a href=\"https:\/\/enolife.com.ar\/es\/wp-content\/uploads\/2025\/06\/WhatsApp-Image-2025-06-17-at-11.01.28.jpeg\" data-rel=\"penci-gallery-image-content\" ><img loading=\"lazy\" decoding=\"async\" width=\"320\" height=\"400\" src=\"https:\/\/enolife.com.ar\/es\/wp-content\/uploads\/2025\/06\/WhatsApp-Image-2025-06-17-at-11.01.28.jpeg\" alt=\"\" class=\"wp-image-156644\" srcset=\"https:\/\/enolife.com.ar\/es\/wp-content\/uploads\/2025\/06\/WhatsApp-Image-2025-06-17-at-11.01.28.jpeg 320w, https:\/\/enolife.com.ar\/es\/wp-content\/uploads\/2025\/06\/WhatsApp-Image-2025-06-17-at-11.01.28-240x300.jpeg 240w\" sizes=\"auto, (max-width: 320px) 100vw, 320px\" \/><\/a><\/figure><\/div>\n\n\n<p>La <strong>primera fase de la jornada, de car\u00e1cter educativo<\/strong>, ofrecer\u00e1 un <strong>taller te\u00f3rico-pr\u00e1ctico sobre t\u00e9cnicas de poda<\/strong>, luego el Ing. Agr. <strong>Marcelo Canatella<\/strong>, con m\u00e1s de 25 a\u00f1os de trayectoria en la vitivinicultura argentina, <strong>presentar\u00e1 su libro: \u201cPlantaci\u00f3n exitosa de vi\u00f1edos\u201d.<\/strong> <\/p>\n\n\n\n<p>La <strong>segunda fase <\/strong>consistir\u00e1 en una <strong>competencia de 30 hombres y mujeres<\/strong>, en las categor\u00edas amateurs, j\u00f3venes y adultos, donde un jurado experto integrado por referentes del sector tendr\u00e1 la tarea de elegir 4 ganadores en las categor\u00edas mencionadas. Los cupos son limitados y requiere inscripci\u00f3n previa.<\/p>\n\n\n\n<p><strong>Culminando la jornada <\/strong>de campo, en la que se espera la asistencia de 100 personas, se servir\u00e1 un <strong>\u00e1gape <\/strong>acompa\u00f1ado de vinos elaborados por productores de la zona.<\/p>\n\n\n\n<p class=\"has-background\" style=\"background-color:#abb7c270\"><strong>Para participar de las distintas actividades de la jornada, incluyendo el concurso se debe completar el siguiente formulario: <a href=\"https:\/\/docs.google.com\/forms\/d\/e\/1FAIpQLSdx4ei1KnlFGq_yzENSMatlT19Bo8ZhJ1MNHO4sK1B4JEIjLg\/viewform\">AQU\u00cd<\/a><\/strong> &#8211; M\u00e1s informaci\u00f3n contactarse a los <strong>WhatsApp +54 9 2622 571 065 o +54 9 2622 228 313&nbsp;<\/strong><\/p>\n\n\n\n<div style=\"height:30px\" aria-hidden=\"true\" class=\"wp-block-spacer\"><\/div>\n\n\n\n<p class=\"has-white-background-color has-background has-medium-font-size\"><strong>Cronograma<\/strong><\/p>\n\n\n\n<ul class=\"wp-block-list\">\n<li>9.00 a 10.00:  Acreditaci\u00f3n<\/li>\n\n\n\n<li>10.00 a 10.30: Charla sobre t\u00e9cnicas de poda<\/li>\n\n\n\n<li>10.30 a 11.00: Charla sobre residuos de poda<\/li>\n\n\n\n<li>11.00 a 11.30: Pr\u00e1ctica a campo<\/li>\n\n\n\n<li>11.30 a 12.00: Muestra din\u00e1mica + stands<\/li>\n\n\n\n<li>12.00: \u00c1gape + vinos locales<\/li>\n\n\n\n<li>13.30: Presentaci\u00f3n del libro \u201cPlantaci\u00f3n exitosa de vi\u00f1edos\u201d por Marcelo Canatella<\/li>\n\n\n\n<li>14.30: Concurso de poda (categor\u00edas amateur, j\u00f3venes y adultos \u2013 mujeres y hombres)<\/li>\n\n\n\n<li>16.00: Entrega de premios y cierre de la jornada<\/li>\n<\/ul>\n\n\n\n<div style=\"height:30px\" aria-hidden=\"true\" class=\"wp-block-spacer\"><\/div>\n\n\n\n<div style=\"height:35px\" aria-hidden=\"true\" class=\"wp-block-spacer\"><\/div>\n","protected":false},"excerpt":{"rendered":"<p>Con el objetivo de promover las mejores pr\u00e1cticas de poda de vid y fortalecer la&hellip;<\/p>\n","protected":false},"author":2,"featured_media":156651,"comment_status":"open","ping_status":"open","sticky":false,"template":"","format":"standard","meta":{"footnotes":""},"categories":[47,56],"tags":[],"class_list":["post-156631","post","type-post","status-publish","format-standard","has-post-thumbnail","hentry","category-agenda","category-destacado"],"_links":{"self":[{"href":"https:\/\/enolife.com.ar\/es\/wp-json\/wp\/v2\/posts\/156631","targetHints":{"allow":["GET"]}}],"collection":[{"href":"https:\/\/enolife.com.ar\/es\/wp-json\/wp\/v2\/posts"}],"about":[{"href":"https:\/\/enolife.com.ar\/es\/wp-json\/wp\/v2\/types\/post"}],"author":[{"embeddable":true,"href":"https:\/\/enolife.com.ar\/es\/wp-json\/wp\/v2\/users\/2"}],"replies":[{"embeddable":true,"href":"https:\/\/enolife.com.ar\/es\/wp-json\/wp\/v2\/comments?post=156631"}],"version-history":[{"count":0,"href":"https:\/\/enolife.com.ar\/es\/wp-json\/wp\/v2\/posts\/156631\/revisions"}],"wp:featuredmedia":[{"embeddable":true,"href":"https:\/\/enolife.com.ar\/es\/wp-json\/wp\/v2\/media\/156651"}],"wp:attachment":[{"href":"https:\/\/enolife.com.ar\/es\/wp-json\/wp\/v2\/media?parent=156631"}],"wp:term":[{"taxonomy":"category","embeddable":true,"href":"https:\/\/enolife.com.ar\/es\/wp-json\/wp\/v2\/categories?post=156631"},{"taxonomy":"post_tag","embeddable":true,"href":"https:\/\/enolife.com.ar\/es\/wp-json\/wp\/v2\/tags?post=156631"}],"curies":[{"name":"wp","href":"https:\/\/api.w.org\/{rel}","templated":true}]}}