{"id":156587,"date":"2025-06-16T23:11:26","date_gmt":"2025-06-16T23:11:26","guid":{"rendered":"https:\/\/enolife.com.ar\/es\/?p=156587"},"modified":"2025-06-18T11:54:59","modified_gmt":"2025-06-18T11:54:59","slug":"polinizacion-en-riesgo-las-abejas-pierden-capacidades-clave-por-los-agroquimicos","status":"publish","type":"post","link":"https:\/\/enolife.com.ar\/es\/polinizacion-en-riesgo-las-abejas-pierden-capacidades-clave-por-los-agroquimicos\/","title":{"rendered":"Polinizaci\u00f3n en riesgo: las abejas pierden capacidades clave por los agroqu\u00edmicos"},"content":{"rendered":"\n<h4 class=\"wp-block-heading\"><em><strong>Un estudio pionero de la Facultad de Agronom\u00eda de la Universidad de Buenos Aires (Fauba), el Instituto Nacional de Tecnolog\u00eda Agropecuaria (INTA) y otras instituciones cient\u00edficas argentinas report\u00f3 efectos de la intensificaci\u00f3n agr\u00edcola en estos insectos, en condiciones de campo. Los compuestos t\u00f3xicos afectaron sus sentidos, defensas, capacidad de aprender y comunicarse, y genes vinculados a la sociabilidad.<\/strong><\/em><\/h4>\n\n\n\n<div style=\"height:42px\" aria-hidden=\"true\" class=\"wp-block-spacer\"><\/div>\n\n\n\n\n\n<div style=\"height:66px\" aria-hidden=\"true\" class=\"wp-block-spacer\"><\/div>\n\n\n\n<p>El trabajo investig\u00f3 en condiciones naturales, a campo, el <strong>estado de las abejas y colmenas antes y despu\u00e9s de la aplicaci\u00f3n de agroqu\u00edmicos<\/strong>, y pre y post-floraci\u00f3n de la floraci\u00f3n de los cultivos. Su objetivo ha sido determinar el impacto real de los agroqu\u00edmicos sobre estos insectos tan importante para la polinizaci\u00f3n y el rinde de los cultivos.<\/p>\n\n\n\n<p>La polinizaci\u00f3n es fundamental para mantener los rindes agr\u00edcolas: el <strong>33% de los cultivos depende de ella. <\/strong>Sin embargo, en los agrosistemas, los polinizadores enfrentan una exposici\u00f3n constante a agroqu\u00edmicos. \u00bfQu\u00e9 da\u00f1os les producir\u00e1n estos compuestos? Un estudio pionero de la <strong>Facultad de Ciencias Exactas y Naturales (FCEN)<\/strong> y la <strong>Facultad de Agronom\u00eda (FA)<\/strong> de la <strong>Universidad de Buenos Aires (UBA)<\/strong> y otras instituciones demostr\u00f3 que, en condiciones reales de campo, las aplicaciones provocaron en abejas mel\u00edferas fallas sensoriales, dificultades para aprender y comunicarse, y alteraciones en genes esenciales para su vida social. Una presi\u00f3n invisible que compromete la sustentabilidad del agro.<a href=\"https:\/\/sobrelatierra.agro.uba.ar\/wp-content\/uploads\/2025\/05\/apis-girasol.jpg\"><\/a><\/p>\n\n\n\n<p>La abeja mel\u00edfera es un polinizador clave en agrosistemas, por lo que sus colonias est\u00e1n expuestas a los agroqu\u00edmicos<\/p>\n\n\n\n<div style=\"height:31px\" aria-hidden=\"true\" class=\"wp-block-spacer\"><\/div>\n\n\n\n<blockquote class=\"wp-block-quote is-layout-flow wp-block-quote-is-layout-flow\">\n<p>En los campos argentinos se usan agroqu\u00edmicos masivamente. Cuando las abejas mel\u00edferas -Apis mellifera- polinizan los cultivos, entran en contacto con estos productos y los llevan a la colmena, donde los transmiten por contacto o por el alimento. El glifosato es especialmente riesgoso: como no las ahuyenta, los da\u00f1os son potencialmente mayores\u201d.<br><strong>JORGE ZABALA, docente de Zoolog\u00eda en la Facultad de Agronom\u00eda de la UBA. <\/strong><\/p>\n<\/blockquote>\n\n\n\n<div style=\"height:32px\" aria-hidden=\"true\" class=\"wp-block-spacer\"><\/div>\n\n\n\n<p>Zavala -quien tambi\u00e9n es investigador del Consejo Nacional de Investigaciones Cient\u00edficas y Tecnol\u00f3gicas (Conicet)- se\u00f1al\u00f3 que en investigaciones previas realizadas en el <strong>Laboratorio de Insectos Sociales (FCEN) <\/strong>por el grupo que lidera <strong>Walter Farina<\/strong> se comprob\u00f3 que los agroqu\u00edmicos da\u00f1an las capacidades sensoriales de las abejas, necesarias para recolectar alimento. Tambi\u00e9n modifican el funcionamiento de genes vinculados al cerebro, al sistema inmune y a prote\u00ednas detoxificadoras.<\/p>\n\n\n\n<p>Para estudiar estos efectos en condiciones de campo, el equipo de investigaci\u00f3n instal\u00f3 colmenas en tres lotes con distintos cultivos en la <strong>Estaci\u00f3n San Claudio (Fauba)<\/strong>, al oeste de <strong>Buenos Aires<\/strong>. All\u00ed monitore\u00f3 a las abejas antes y despu\u00e9s de la floraci\u00f3n y de las aplicaciones de agroqu\u00edmicos. <em>\u201cUsamos trampas de polen para identificar qu\u00e9 flora hab\u00edan visitado -cultivos o plantas silvestres- y para detectar residuos qu\u00edmicos\u201d<\/em>, coment\u00f3 Zavala.<\/p>\n\n\n\n<div style=\"height:33px\" aria-hidden=\"true\" class=\"wp-block-spacer\"><\/div>\n\n\n\n<figure class=\"wp-block-image size-full\"><a href=\"https:\/\/enolife.com.ar\/es\/wp-content\/uploads\/2025\/06\/abeja2.jpg\" data-rel=\"penci-gallery-image-content\" ><img loading=\"lazy\" decoding=\"async\" width=\"1024\" height=\"576\" src=\"https:\/\/enolife.com.ar\/es\/wp-content\/uploads\/2025\/06\/abeja2.jpg\" alt=\"\" class=\"wp-image-156597\" srcset=\"https:\/\/enolife.com.ar\/es\/wp-content\/uploads\/2025\/06\/abeja2.jpg 1024w, https:\/\/enolife.com.ar\/es\/wp-content\/uploads\/2025\/06\/abeja2-300x169.jpg 300w, https:\/\/enolife.com.ar\/es\/wp-content\/uploads\/2025\/06\/abeja2-768x432.jpg 768w, https:\/\/enolife.com.ar\/es\/wp-content\/uploads\/2025\/06\/abeja2-585x329.jpg 585w\" sizes=\"auto, (max-width: 1024px) 100vw, 1024px\" \/><\/a><figcaption class=\"wp-element-caption\"><em><strong>El equipo de investigadores de la Facultad de Agronom\u00eda de Buenos Aires, en pleno trabajo de campo<\/strong><\/em><strong><em>.<\/em><\/strong><\/figcaption><\/figure>\n\n\n\n<div style=\"height:23px\" aria-hidden=\"true\" class=\"wp-block-spacer\"><\/div>\n\n\n\n<p>Durante dos veranos se estudi\u00f3 el comportamiento de las abejas mel\u00edferas y se recolectaron muestras de polen en tres apiarios ubicados en la Estancia San Claudio, ubicada en la localidad bonaerense de <strong>Carlos Casares<\/strong>. Cada apiario ten\u00eda, en promedio, unas 30 colmenas, rodeadas de cultivos de soja, girasol y ma\u00edz<\/p>\n\n\n\n<p><strong>Ivana Macri<\/strong>, profesional del INTA y primera autora del trabajo&nbsp;<a href=\"https:\/\/doi.org\/10.1016\/j.oneear.2024.07.012\">publicado en la revista cient\u00edfica&nbsp;<em>One Earth<\/em><\/a>, resalt\u00f3 que el experimento detect\u00f3 los mismos efectos que en laboratorio. <em>\u201cHallamos agroqu\u00edmicos en el polen de las trampas y en las abejas recolectoras. Se trata de una exposici\u00f3n m\u00faltiple que debilita a toda la colonia\u201d<\/em>, sostuvo.<a href=\"https:\/\/sobrelatierra.agro.uba.ar\/wp-content\/uploads\/2025\/05\/apis-2-colmenas-y-persona-400.jpg\"><\/a><\/p>\n\n\n\n<p>Entre otras cosas, el equipo registr\u00f3 la actividad de las colonias en la entrada de las colmenas. Los agroqu\u00edmicos impactaron en las colmenas a varias escalas, desde la gen\u00e9tica hasta el comportamiento. <em>\u201cComprobamos que todos los efectos se relacionan entre s\u00ed. Por ejemplo, cuando se altera un gen vinculado a funciones cerebrales, termina afectando el comportamiento individual y reduciendo la eficiencia de recolecci\u00f3n de alimento\u201d<\/em>, puntualiz\u00f3 Macri, quien tambi\u00e9n es investigadora en el instituto Ifibyne del Conicet-UBA.<\/p>\n\n\n\n<p>Macri asegur\u00f3 que los contaminantes afectaron genes relacionados con la vida social de&nbsp;las abejas: <em>\u201cLes complic\u00f3 desde la higiene hasta la reproducci\u00f3n, poniendo en jaque la supervivencia de la colonia. Tambi\u00e9n redujo su capacidad de aprender y de transmitir informaci\u00f3n a las compa\u00f1eras\u201d.<\/em><\/p>\n\n\n\n<div style=\"height:23px\" aria-hidden=\"true\" class=\"wp-block-spacer\"><\/div>\n\n\n\n<blockquote class=\"wp-block-quote is-layout-flow wp-block-quote-is-layout-flow\">\n<p>Las abejas expuestas a los t\u00f3xicos fueron menos capaces de asociar los olores de las flores con recompensas en polen y n\u00e9ctar, y menos sensibles a los az\u00facares. Estos son problemas graves cuando la diversidad floral es baja cuando florecen los cultivos, porque al final del d\u00eda recolectan menos alimento, afectando la nutrici\u00f3n de la colonia\u201d.<br><strong>IVANA MACRI, investigadora del INTA, autora principal del estudio.<\/strong><\/p>\n<\/blockquote>\n\n\n\n<div style=\"height:27px\" aria-hidden=\"true\" class=\"wp-block-spacer\"><\/div>\n\n\n\n<p>En este sentido, Ivana remarc\u00f3 que tambi\u00e9n se registr\u00f3 una ca\u00edda en la cantidad, la calidad y la diversidad de los recursos alimenticios despu\u00e9s de la floraci\u00f3n de los cultivos. Esto potenci\u00f3 aun m\u00e1s la reducci\u00f3n de las capacidades sensoriales y cognitivas de las abejas.<\/p>\n\n\n\n<div style=\"height:28px\" aria-hidden=\"true\" class=\"wp-block-spacer\"><\/div>\n\n\n\n<p class=\"has-medium-font-size\"><strong>Cortocircuito en la colmena<\/strong><\/p>\n\n\n\n<p>Jorge Zavala, coautor del trabajo, se refiri\u00f3 a los mensajes que surgen del estudio. \u201c<em>Mi conclusi\u00f3n principal es que al verse afectada la posibilidad de transmitir la informaci\u00f3n entre las recolectoras, de orientarse y todo lo que coment\u00e9 antes, es inevitable que a largo plazo resulte comprometida la polinizaci\u00f3n en general y, en \u00faltima instancia, la producci\u00f3n de los cultivos\u201d<\/em>, advirti\u00f3.<a href=\"https:\/\/sobrelatierra.agro.uba.ar\/wp-content\/uploads\/2025\/05\/apis-collage-flora-y-cultivos.jpg\"><\/a><\/p>\n\n\n\n<p>En los agroecosistemas del campo argentino conviven la flora espont\u00e1nea y los cultivos agr\u00edcolas. El trabajo de Macri y colaboradores detect\u00f3 una reducci\u00f3n de la cantidad, la calidad y la diversidad de los recursos alimenticios -polen y n\u00e9ctar- despu\u00e9s de que los cultivos florecen.<\/p>\n\n\n\n<p><em>\u201cNuestro trabajo se destac\u00f3 por abordar un sistema real muy complejo en el que, sin embargo, pudimos identificar un patr\u00f3n consistente desde el nivel de cultivo hasta la expresi\u00f3n g\u00e9nica, pasando por la colmena, los individuos, el comportamiento y el alimento. Todas las escalas mostraron alteraciones relacionadas entre s\u00ed\u201d<\/em>, afirm\u00f3.<\/p>\n\n\n\n<div style=\"height:29px\" aria-hidden=\"true\" class=\"wp-block-spacer\"><\/div>\n\n\n\n<h3 class=\"wp-block-heading has-vivid-red-color has-text-color has-link-color wp-elements-3158d0860c89723bbc411e0d89952e82\"><a href=\"https:\/\/sobrelatierra.agro.uba.ar\/wp-content\/uploads\/2025\/05\/apis-entrada-de-colmena-u-400.jpg\"><\/a>Los agroqu\u00edmicos produjeron fallas sensoriales, cognitivas y gen\u00e9ticas en\u00a0A. mellifera, con impactos a distintos niveles en toda la colmena.<\/h3>\n\n\n\n<div style=\"height:25px\" aria-hidden=\"true\" class=\"wp-block-spacer\"><\/div>\n\n\n\n<p>Macri, por su parte, adelant\u00f3 nuevos aspectos a estudiar. <em>\u201cQueremos seguir trabajando a campo, donde se puede ver concretamente qu\u00e9 pasa. Por ejemplo, nos interesa profundizar en las respuestas de estas abejas&nbsp;a los agroqu\u00edmicos seg\u00fan las diferentes edades y tareas en la colmena. Y tratar de determinar en qu\u00e9 etapa del desarrollo son m\u00e1s vulnerables\u201d.<\/em><\/p>\n\n\n\n<p><em>\u201cOtro desaf\u00edo ser\u00e1 entender c\u00f3mo los agroqu\u00edmicos alteran la flora intestinal de las abejas -esencial para su inmunidad y nutrici\u00f3n-, y descubrir los mecanismos moleculares detr\u00e1s de los s\u00edntomas que observamos. En este sistema complejo, las bacterias juegan un rol cada vez m\u00e1s importante y nos parece fundamental esclarecerlo\u201d<\/em>, concluy\u00f3 la investigadora.<\/p>\n\n\n\n<div style=\"height:28px\" aria-hidden=\"true\" class=\"wp-block-spacer\"><\/div>\n\n\n\n<p><em><strong>Fuente: sobrelatierra.agro.uba.ar, por Pablo Roset<\/strong><\/em><\/p>\n\n\n\n<div style=\"height:30px\" aria-hidden=\"true\" class=\"wp-block-spacer\"><\/div>\n","protected":false},"excerpt":{"rendered":"<p>Un estudio pionero de la Facultad de Agronom\u00eda de la Universidad de Buenos Aires (Fauba),&hellip;<\/p>\n","protected":false},"author":2,"featured_media":156593,"comment_status":"open","ping_status":"open","sticky":false,"template":"","format":"standard","meta":{"footnotes":""},"categories":[56,14],"tags":[],"class_list":["post-156587","post","type-post","status-publish","format-standard","has-post-thumbnail","hentry","category-destacado","category-news"],"_links":{"self":[{"href":"https:\/\/enolife.com.ar\/es\/wp-json\/wp\/v2\/posts\/156587","targetHints":{"allow":["GET"]}}],"collection":[{"href":"https:\/\/enolife.com.ar\/es\/wp-json\/wp\/v2\/posts"}],"about":[{"href":"https:\/\/enolife.com.ar\/es\/wp-json\/wp\/v2\/types\/post"}],"author":[{"embeddable":true,"href":"https:\/\/enolife.com.ar\/es\/wp-json\/wp\/v2\/users\/2"}],"replies":[{"embeddable":true,"href":"https:\/\/enolife.com.ar\/es\/wp-json\/wp\/v2\/comments?post=156587"}],"version-history":[{"count":0,"href":"https:\/\/enolife.com.ar\/es\/wp-json\/wp\/v2\/posts\/156587\/revisions"}],"wp:featuredmedia":[{"embeddable":true,"href":"https:\/\/enolife.com.ar\/es\/wp-json\/wp\/v2\/media\/156593"}],"wp:attachment":[{"href":"https:\/\/enolife.com.ar\/es\/wp-json\/wp\/v2\/media?parent=156587"}],"wp:term":[{"taxonomy":"category","embeddable":true,"href":"https:\/\/enolife.com.ar\/es\/wp-json\/wp\/v2\/categories?post=156587"},{"taxonomy":"post_tag","embeddable":true,"href":"https:\/\/enolife.com.ar\/es\/wp-json\/wp\/v2\/tags?post=156587"}],"curies":[{"name":"wp","href":"https:\/\/api.w.org\/{rel}","templated":true}]}}