{"id":156526,"date":"2025-06-15T16:44:35","date_gmt":"2025-06-15T16:44:35","guid":{"rendered":"https:\/\/enolife.com.ar\/es\/?p=156526"},"modified":"2025-06-16T23:10:31","modified_gmt":"2025-06-16T23:10:31","slug":"ya-estan-brindando-los-ganadores-del-premio-literario-que-honra-al-vino-mendocino","status":"publish","type":"post","link":"https:\/\/enolife.com.ar\/es\/ya-estan-brindando-los-ganadores-del-premio-literario-que-honra-al-vino-mendocino\/","title":{"rendered":"Ya est\u00e1n brindando los ganadores del premio literario que honra al vino mendocino"},"content":{"rendered":"\n<h4 class=\"wp-block-heading\"><em><strong>El 10 de junio de 2025 se conocieron los elegidos -seg\u00fan el voto de los jurados designados por el gobierno de Mendoza- como los mejores poetas, cuentistas, novelistas, dramaturgos, narradores juveniles y autores de cr\u00f3nica period\u00edstica entre los m\u00e1s de 100 escritores que se presentaron al ya tradicional Certamen Literario Vendimia, que cada a\u00f1o organiza la Subsecretar\u00eda de Cultura provincial. Los autores galardonados recibir\u00e1n un premio de $550.000, la publicaci\u00f3n de su obra en papel y 35% de la tirada de ejemplares. Adem\u00e1s, tendr\u00e1n un espacio destacado en la pr\u00f3xima Feria del Libro de Mendoza para presentar sus obras. <\/strong><\/em><\/h4>\n\n\n\n<div style=\"height:32px\" aria-hidden=\"true\" class=\"wp-block-spacer\"><\/div>\n\n\n<a href=\"https:\/\/jmzeballos.com\/\" aria-label=\"PUBLICIDAD ENOLIFE 2023_\u00c1NFORAS 1700 x 500\"><img loading=\"lazy\" decoding=\"async\" src=\"https:\/\/enolife.com.ar\/es\/wp-content\/uploads\/2020\/12\/PUBLICIDAD-ENOLIFE-2023_ANFORAS-1700-x-500.jpg\" alt=\"\"  srcset=\"https:\/\/enolife.com.ar\/es\/wp-content\/uploads\/2020\/12\/PUBLICIDAD-ENOLIFE-2023_ANFORAS-1700-x-500.jpg 1700w, https:\/\/enolife.com.ar\/es\/wp-content\/uploads\/2020\/12\/PUBLICIDAD-ENOLIFE-2023_ANFORAS-1700-x-500-300x88.jpg 300w, https:\/\/enolife.com.ar\/es\/wp-content\/uploads\/2020\/12\/PUBLICIDAD-ENOLIFE-2023_ANFORAS-1700-x-500-1024x301.jpg 1024w, https:\/\/enolife.com.ar\/es\/wp-content\/uploads\/2020\/12\/PUBLICIDAD-ENOLIFE-2023_ANFORAS-1700-x-500-768x226.jpg 768w, https:\/\/enolife.com.ar\/es\/wp-content\/uploads\/2020\/12\/PUBLICIDAD-ENOLIFE-2023_ANFORAS-1700-x-500-1536x452.jpg 1536w, https:\/\/enolife.com.ar\/es\/wp-content\/uploads\/2020\/12\/PUBLICIDAD-ENOLIFE-2023_ANFORAS-1700-x-500-1170x344.jpg 1170w, https:\/\/enolife.com.ar\/es\/wp-content\/uploads\/2020\/12\/PUBLICIDAD-ENOLIFE-2023_ANFORAS-1700-x-500-585x172.jpg 585w\" sizes=\"auto, (max-width: 1700px) 100vw, 1700px\" width=\"1700\" height=\"500\"   \/><\/a>\n\n\n<div style=\"height:49px\" aria-hidden=\"true\" class=\"wp-block-spacer\"><\/div>\n\n\n\n<p>El <strong>Certamen Literario Vendimia<\/strong>, organizado como parte de la pol\u00edtica cultural del Gobierno de Mendoza, busca promover y difundir la producci\u00f3n literaria mendocina, reuniendo cada a\u00f1o a escritores de diversos g\u00e9neros. En esta edici\u00f3n 2025, las categor\u00edas premiadas fueron<strong> Poes\u00eda, Cuento, Novela, Dramaturgia, Literatura Juvenil y Cr\u00f3nica.<\/strong><\/p>\n\n\n\n<p>Los autores galardonados recibir\u00e1n un premio de $550.000, la publicaci\u00f3n de su obra en papel y 35% de la tirada total de ejemplares. Adem\u00e1s, tendr\u00e1n un espacio destacado en la pr\u00f3xima Feria del Libro de Mendoza para presentar sus obras.<\/p>\n\n\n\n<p>En la categor\u00eda de <strong>Cuento<\/strong>, el jurado compuesto por Rogelio Aguilera, Enrique Souto y Carina Maranesi eligi\u00f3 como obra ganadora&nbsp;\u00ab<strong>La memoria de los huesos<\/strong>\u00ab, de <strong>Pablo Enrique Garc\u00eda<\/strong>. <\/p>\n\n\n\n<div style=\"height:31px\" aria-hidden=\"true\" class=\"wp-block-spacer\"><\/div>\n\n\n\n<figure class=\"wp-block-image size-full\"><a href=\"https:\/\/enolife.com.ar\/es\/wp-content\/uploads\/2025\/06\/natalia-greta-martinez.webp\"><img loading=\"lazy\" decoding=\"async\" width=\"1000\" height=\"562\" src=\"https:\/\/enolife.com.ar\/es\/wp-content\/uploads\/2025\/06\/natalia-greta-martinez.webp\" alt=\"\" class=\"wp-image-156531\" srcset=\"https:\/\/enolife.com.ar\/es\/wp-content\/uploads\/2025\/06\/natalia-greta-martinez.webp 1000w, https:\/\/enolife.com.ar\/es\/wp-content\/uploads\/2025\/06\/natalia-greta-martinez-300x169.webp 300w, https:\/\/enolife.com.ar\/es\/wp-content\/uploads\/2025\/06\/natalia-greta-martinez-768x432.webp 768w, https:\/\/enolife.com.ar\/es\/wp-content\/uploads\/2025\/06\/natalia-greta-martinez-585x329.webp 585w\" sizes=\"auto, (max-width: 1000px) 100vw, 1000px\" \/><\/a><figcaption class=\"wp-element-caption\"><em><strong>Natalia Greta Mart\u00ednez, la poeta ganadora en su g\u00e9nero con el libro \u00abCosernos del rev\u00e9s para que no se note\u00bb.<\/strong><\/em><\/figcaption><\/figure>\n\n\n\n<div style=\"height:37px\" aria-hidden=\"true\" class=\"wp-block-spacer\"><\/div>\n\n\n\n<p>Por su parte, en <strong>Dramaturgia<\/strong>, Giuliana Mattiazzo, Bel\u00e9n Moretti y Mar\u00eda Vilchez Aruani decidieron premiar&nbsp;<strong>\u00abInmersi\u00f3n\u00bb<\/strong>, de Pablo Longo.<\/p>\n\n\n\n<p>En <strong>Novela<\/strong>, el jurado integrado por Mat\u00edas Mart\u00edn, Ivana Ilardo y Natalia D\u2019Alessandro <strong>declar\u00f3 desierto el premio.<\/strong><\/p>\n\n\n\n<p>En Poes\u00eda, Sergio Mor\u00e1n, Eugenia Ferrer y Alejandra Adi seleccionaron&nbsp;<strong>\u00abCosernos del rev\u00e9s para que no se note\u00bb<\/strong>, de Natalia Greta Mart\u00ednez.<\/p>\n\n\n\n<div style=\"height:33px\" aria-hidden=\"true\" class=\"wp-block-spacer\"><\/div>\n\n\n\n<figure class=\"wp-block-image\"><a href=\"https:\/\/www.mendoza.gov.ar\/wp-content\/uploads\/sites\/5\/2020\/09\/biblioteca.jpg\" data-rel=\"penci-gallery-image-content\" ><img decoding=\"async\" src=\"https:\/\/www.mendoza.gov.ar\/wp-content\/uploads\/sites\/5\/2020\/09\/biblioteca-700x467.jpg\" alt=\"\" class=\"wp-image-243368\"\/><\/a><\/figure>\n\n\n\n<div style=\"height:31px\" aria-hidden=\"true\" class=\"wp-block-spacer\"><\/div>\n\n\n\n<p>En <strong>Literatura Juvenil<\/strong>, la obra ganadora fue&nbsp;<strong>\u00abPantano\u00bb<\/strong>, de <strong>Mar\u00eda Gabriela Mezzabotta<\/strong>, elegida por Ernesto Guerrero, Andrea Ariza y Mariela Slosse. <\/p>\n\n\n\n<p>Finalmente, en <strong>Cr\u00f3nica<\/strong>, el jurado formado por Laura Fiochetta, Enrique Pfaab y Paola Ale otorg\u00f3 el premio a&nbsp;<strong>\u00abPr\u00f3volo, el instituto del terror\u00bb<\/strong>, de <strong>Ignacio de la Rosa.<\/strong><\/p>\n\n\n\n<div style=\"height:40px\" aria-hidden=\"true\" class=\"wp-block-spacer\"><\/div>\n\n\n\n<div style=\"height:47px\" aria-hidden=\"true\" class=\"wp-block-spacer\"><\/div>\n","protected":false},"excerpt":{"rendered":"<p>El 10 de junio de 2025 se conocieron los elegidos -seg\u00fan el voto de los&hellip;<\/p>\n","protected":false},"author":2,"featured_media":9868,"comment_status":"open","ping_status":"open","sticky":false,"template":"","format":"standard","meta":{"footnotes":""},"categories":[14],"tags":[],"class_list":["post-156526","post","type-post","status-publish","format-standard","has-post-thumbnail","hentry","category-news"],"_links":{"self":[{"href":"https:\/\/enolife.com.ar\/es\/wp-json\/wp\/v2\/posts\/156526","targetHints":{"allow":["GET"]}}],"collection":[{"href":"https:\/\/enolife.com.ar\/es\/wp-json\/wp\/v2\/posts"}],"about":[{"href":"https:\/\/enolife.com.ar\/es\/wp-json\/wp\/v2\/types\/post"}],"author":[{"embeddable":true,"href":"https:\/\/enolife.com.ar\/es\/wp-json\/wp\/v2\/users\/2"}],"replies":[{"embeddable":true,"href":"https:\/\/enolife.com.ar\/es\/wp-json\/wp\/v2\/comments?post=156526"}],"version-history":[{"count":0,"href":"https:\/\/enolife.com.ar\/es\/wp-json\/wp\/v2\/posts\/156526\/revisions"}],"wp:featuredmedia":[{"embeddable":true,"href":"https:\/\/enolife.com.ar\/es\/wp-json\/wp\/v2\/media\/9868"}],"wp:attachment":[{"href":"https:\/\/enolife.com.ar\/es\/wp-json\/wp\/v2\/media?parent=156526"}],"wp:term":[{"taxonomy":"category","embeddable":true,"href":"https:\/\/enolife.com.ar\/es\/wp-json\/wp\/v2\/categories?post=156526"},{"taxonomy":"post_tag","embeddable":true,"href":"https:\/\/enolife.com.ar\/es\/wp-json\/wp\/v2\/tags?post=156526"}],"curies":[{"name":"wp","href":"https:\/\/api.w.org\/{rel}","templated":true}]}}