{"id":156231,"date":"2025-06-12T12:14:01","date_gmt":"2025-06-12T12:14:01","guid":{"rendered":"https:\/\/enolife.com.ar\/es\/?p=156231"},"modified":"2025-06-13T21:20:53","modified_gmt":"2025-06-13T21:20:53","slug":"https-enolife-com-ar-es-verallia-presento-el-envase-sostenible-burdeos-alejandrina-en-honor-a-la-reina-de-la-vendimia-2025","status":"publish","type":"post","link":"https:\/\/enolife.com.ar\/es\/https-enolife-com-ar-es-verallia-presento-el-envase-sostenible-burdeos-alejandrina-en-honor-a-la-reina-de-la-vendimia-2025\/","title":{"rendered":"Verallia present\u00f3 la botella liviana \u00abBurdeos Alejandrina\u00bb en honor a la Reina de la Vendimia 2025"},"content":{"rendered":"\n<h4 class=\"wp-block-heading\"><em><strong>Verallia Argentina, l\u00edder en la fabricaci\u00f3n y comercializaci\u00f3n de envases de vidrio para la industria del vino y el aceite de oliva, present\u00f3 un nuevo envase en homenaje a la Reina Nacional de la Vendimia 2025, Alejandrina Funes. Se trata de una botella del tipo Burdeos 750 Stylo Eco 2, en una versi\u00f3n m\u00e1s liviana y sostenible, dise\u00f1ada seg\u00fan un programa de ecodise\u00f1o de la empresa, y lleva el nombre \u00abBurdeos Alejandrina\u00bb en tributo a la joven soberana que represent\u00f3 al departamento de Las Heras y fue coronada en la Fiesta \u201cGuardiana del vino eterno\u201d.<\/strong><\/em><\/h4>\n\n\n\n<div style=\"height:35px\" aria-hidden=\"true\" class=\"wp-block-spacer\"><\/div>\n\n\n<a href=\"https:\/\/ar.verallia.com\/\" aria-label=\"VERALLIA 1700 x 500\"><img loading=\"lazy\" decoding=\"async\" src=\"https:\/\/enolife.com.ar\/es\/wp-content\/uploads\/2021\/04\/VERALLIA-1700-x-500.jpg\" alt=\"\"  srcset=\"https:\/\/enolife.com.ar\/es\/wp-content\/uploads\/2021\/04\/VERALLIA-1700-x-500.jpg 1700w, https:\/\/enolife.com.ar\/es\/wp-content\/uploads\/2021\/04\/VERALLIA-1700-x-500-300x88.jpg 300w, https:\/\/enolife.com.ar\/es\/wp-content\/uploads\/2021\/04\/VERALLIA-1700-x-500-1024x301.jpg 1024w, https:\/\/enolife.com.ar\/es\/wp-content\/uploads\/2021\/04\/VERALLIA-1700-x-500-768x226.jpg 768w, https:\/\/enolife.com.ar\/es\/wp-content\/uploads\/2021\/04\/VERALLIA-1700-x-500-1536x452.jpg 1536w, https:\/\/enolife.com.ar\/es\/wp-content\/uploads\/2021\/04\/VERALLIA-1700-x-500-1170x344.jpg 1170w, https:\/\/enolife.com.ar\/es\/wp-content\/uploads\/2021\/04\/VERALLIA-1700-x-500-585x172.jpg 585w\" sizes=\"auto, (max-width: 1700px) 100vw, 1700px\" width=\"1700\" height=\"500\"   \/><\/a>\n\n\n<div style=\"height:45px\" aria-hidden=\"true\" class=\"wp-block-spacer\"><\/div>\n\n\n\n<p>El 10 de junio Verallia Argentina present\u00f3 en sociedad la nueva botella en honor a la <strong>Reina Nacional de la Vendimia 2025, Alejandrina Funes<\/strong>. La actividad se llev\u00f3 a cabo en la <strong>Bodega Catena Zapata,<\/strong> \u00edcono de la vitivinicultura argentina y aliada estrat\u00e9gica de la empresa de envases de vidrio en el camino hacia un futuro sostenible. <\/p>\n\n\n\n<div style=\"height:35px\" aria-hidden=\"true\" class=\"wp-block-spacer\"><\/div>\n\n\n<div class=\"wp-block-image\">\n<figure class=\"aligncenter size-full is-resized\"><a href=\"https:\/\/enolife.com.ar\/es\/wp-content\/uploads\/2025\/06\/Alejandrina-Funes-junto-al-equipo-Verallia.jpg\" data-rel=\"penci-gallery-image-content\" ><img loading=\"lazy\" decoding=\"async\" width=\"904\" height=\"500\" src=\"https:\/\/enolife.com.ar\/es\/wp-content\/uploads\/2025\/06\/Alejandrina-Funes-junto-al-equipo-Verallia.jpg\" alt=\"\" class=\"wp-image-156257\" style=\"width:648px;height:auto\" srcset=\"https:\/\/enolife.com.ar\/es\/wp-content\/uploads\/2025\/06\/Alejandrina-Funes-junto-al-equipo-Verallia.jpg 904w, https:\/\/enolife.com.ar\/es\/wp-content\/uploads\/2025\/06\/Alejandrina-Funes-junto-al-equipo-Verallia-300x166.jpg 300w, https:\/\/enolife.com.ar\/es\/wp-content\/uploads\/2025\/06\/Alejandrina-Funes-junto-al-equipo-Verallia-768x425.jpg 768w, https:\/\/enolife.com.ar\/es\/wp-content\/uploads\/2025\/06\/Alejandrina-Funes-junto-al-equipo-Verallia-585x324.jpg 585w\" sizes=\"auto, (max-width: 904px) 100vw, 904px\" \/><\/a><figcaption class=\"wp-element-caption\"><em><strong>El equipo de Verallia Argentina junto a Alejandrina Funes<\/strong><\/em><\/figcaption><\/figure><\/div>\n\n\n<div style=\"height:35px\" aria-hidden=\"true\" class=\"wp-block-spacer\"><\/div>\n\n\n\n<p>En este marco, la <strong>Dra. Laura Catena -directora general de la bodega-<\/strong> reafirm\u00f3 la visi\u00f3n de la empresa de proyectar el vino argentino hacia los pr\u00f3ximos 200 a\u00f1os, trabajando activamente en la reducci\u00f3n del impacto ambiental. <strong>Desde 2010, Catena Family Wineries ha logrado disminuir en un 40% el peso total de sus botellas,<\/strong> especialmente en sus l\u00edneas de mayor volumen, como parte de una pol\u00edtica sostenida para adaptarse a los desaf\u00edos del cambio clim\u00e1tico y contribuir a la reducci\u00f3n de emisiones en Argentina y en el mundo.<\/p>\n\n\n\n<p>La nueva botella corresponde al <strong>modelo<\/strong> <strong>Burdeos 750 Stylo Eco 2<\/strong>, una versi\u00f3n <strong>m\u00e1s liviana y sostenible<\/strong>, dise\u00f1ada bajo los lineamientos del programa de ecodise\u00f1o que <strong>impulsa Verallia en su compromiso con la reducci\u00f3n de la huella de carbono<\/strong>. Con un peso de <strong>600 gramos<\/strong>, este nuevo envase reemplaza al modelo anterior m\u00e1s pesado, conservando el dise\u00f1o original y sus principales caracter\u00edsticas t\u00e9cnicas como la altura de la picada (35 mm).<\/p>\n\n\n\n<div style=\"height:30px\" aria-hidden=\"true\" class=\"wp-block-spacer\"><\/div>\n\n\n<div class=\"wp-block-image\">\n<figure class=\"aligncenter size-full is-resized\"><a href=\"https:\/\/enolife.com.ar\/es\/wp-content\/uploads\/2025\/06\/Burdeos-Alejandrina-la-nueva-botella-de-Verallia.jpg\" data-rel=\"penci-gallery-image-content\" ><img loading=\"lazy\" decoding=\"async\" width=\"812\" height=\"500\" src=\"https:\/\/enolife.com.ar\/es\/wp-content\/uploads\/2025\/06\/Burdeos-Alejandrina-la-nueva-botella-de-Verallia.jpg\" alt=\"\" class=\"wp-image-156256\" style=\"width:622px;height:auto\" srcset=\"https:\/\/enolife.com.ar\/es\/wp-content\/uploads\/2025\/06\/Burdeos-Alejandrina-la-nueva-botella-de-Verallia.jpg 812w, https:\/\/enolife.com.ar\/es\/wp-content\/uploads\/2025\/06\/Burdeos-Alejandrina-la-nueva-botella-de-Verallia-300x185.jpg 300w, https:\/\/enolife.com.ar\/es\/wp-content\/uploads\/2025\/06\/Burdeos-Alejandrina-la-nueva-botella-de-Verallia-768x473.jpg 768w, https:\/\/enolife.com.ar\/es\/wp-content\/uploads\/2025\/06\/Burdeos-Alejandrina-la-nueva-botella-de-Verallia-585x360.jpg 585w\" sizes=\"auto, (max-width: 812px) 100vw, 812px\" \/><\/a><figcaption class=\"wp-element-caption\"><em><strong>La \u00abBurdeos Alejandrina\u00bb, un envase Burdeos 750 Stylo Eco 2 de 600 grs.<\/strong><\/em><\/figcaption><\/figure><\/div>\n\n\n<div style=\"height:35px\" aria-hidden=\"true\" class=\"wp-block-spacer\"><\/div>\n\n\n\n<p><em>\u201cHoy m\u00e1s que nunca, debemos adaptar nuestras decisiones industriales al contexto ambiental. El desaf\u00edo es encontrar un equilibrio entre funcionalidad, est\u00e9tica y sustentabilidad. Con esta nueva botella, ofrecemos una alternativa m\u00e1s eficiente y liviana, en l\u00ednea con la creciente demanda del mercado por envases responsables con el entorno y que agreguen valor al producto final\u201d,<\/em> se\u00f1al\u00f3 <strong>Walter Formica, miembro del Directorio de Verallia Argentina.<\/strong><\/p>\n\n\n\n<div style=\"height:30px\" aria-hidden=\"true\" class=\"wp-block-spacer\"><\/div>\n\n\n<div class=\"wp-block-image\">\n<figure class=\"aligncenter size-full is-resized\"><a href=\"https:\/\/enolife.com.ar\/es\/wp-content\/uploads\/2025\/06\/Durante-el-acto-de-lanzamiento-de-la-botella-Burdeos-Alejandrina-en-Bodega-Catena-Zapata.jpg\" data-rel=\"penci-gallery-image-content\" ><img loading=\"lazy\" decoding=\"async\" width=\"827\" height=\"500\" src=\"https:\/\/enolife.com.ar\/es\/wp-content\/uploads\/2025\/06\/Durante-el-acto-de-lanzamiento-de-la-botella-Burdeos-Alejandrina-en-Bodega-Catena-Zapata.jpg\" alt=\"\" class=\"wp-image-156258\" style=\"width:645px;height:auto\" srcset=\"https:\/\/enolife.com.ar\/es\/wp-content\/uploads\/2025\/06\/Durante-el-acto-de-lanzamiento-de-la-botella-Burdeos-Alejandrina-en-Bodega-Catena-Zapata.jpg 827w, https:\/\/enolife.com.ar\/es\/wp-content\/uploads\/2025\/06\/Durante-el-acto-de-lanzamiento-de-la-botella-Burdeos-Alejandrina-en-Bodega-Catena-Zapata-300x181.jpg 300w, https:\/\/enolife.com.ar\/es\/wp-content\/uploads\/2025\/06\/Durante-el-acto-de-lanzamiento-de-la-botella-Burdeos-Alejandrina-en-Bodega-Catena-Zapata-768x464.jpg 768w, https:\/\/enolife.com.ar\/es\/wp-content\/uploads\/2025\/06\/Durante-el-acto-de-lanzamiento-de-la-botella-Burdeos-Alejandrina-en-Bodega-Catena-Zapata-585x354.jpg 585w\" sizes=\"auto, (max-width: 827px) 100vw, 827px\" \/><\/a><figcaption class=\"wp-element-caption\"><em><strong>La Reina Nacional de la Vendimia 2025 y Walter Formica<\/strong><\/em><\/figcaption><\/figure><\/div>\n\n\n<div style=\"height:35px\" aria-hidden=\"true\" class=\"wp-block-spacer\"><\/div>\n\n\n\n<p><em>\u00abLa transici\u00f3n a botellas m\u00e1s livianas no es f\u00e1cil. Tenemos la suerte de que uno de nuestros proveedores de vidrio, Verallia, es una empresa muy enfocada en el cuidado ambiental; porque realmente se necesita mucha tecnolog\u00eda y conocimiento para fabricar botellas&nbsp;m\u00e1s&nbsp;livianas\u201d, <\/em>puntualiz\u00f3 la <strong>doctora Catena.<\/strong><\/p>\n\n\n\n<div style=\"height:30px\" aria-hidden=\"true\" class=\"wp-block-spacer\"><\/div>\n\n\n<div class=\"wp-block-image\">\n<figure class=\"aligncenter size-full is-resized\"><a href=\"https:\/\/enolife.com.ar\/es\/wp-content\/uploads\/2025\/06\/Walter-Formica-y-Alejandrina-Funes-junto-al-equipo-de-Bodega-Catena-Zapata.jpg\" data-rel=\"penci-gallery-image-content\" ><img loading=\"lazy\" decoding=\"async\" width=\"807\" height=\"500\" src=\"https:\/\/enolife.com.ar\/es\/wp-content\/uploads\/2025\/06\/Walter-Formica-y-Alejandrina-Funes-junto-al-equipo-de-Bodega-Catena-Zapata.jpg\" alt=\"\" class=\"wp-image-156259\" style=\"width:595px;height:auto\" srcset=\"https:\/\/enolife.com.ar\/es\/wp-content\/uploads\/2025\/06\/Walter-Formica-y-Alejandrina-Funes-junto-al-equipo-de-Bodega-Catena-Zapata.jpg 807w, https:\/\/enolife.com.ar\/es\/wp-content\/uploads\/2025\/06\/Walter-Formica-y-Alejandrina-Funes-junto-al-equipo-de-Bodega-Catena-Zapata-300x186.jpg 300w, https:\/\/enolife.com.ar\/es\/wp-content\/uploads\/2025\/06\/Walter-Formica-y-Alejandrina-Funes-junto-al-equipo-de-Bodega-Catena-Zapata-768x476.jpg 768w, https:\/\/enolife.com.ar\/es\/wp-content\/uploads\/2025\/06\/Walter-Formica-y-Alejandrina-Funes-junto-al-equipo-de-Bodega-Catena-Zapata-585x362.jpg 585w\" sizes=\"auto, (max-width: 807px) 100vw, 807px\" \/><\/a><figcaption class=\"wp-element-caption\"><em><strong>Alejandrina y Walter Formica junto al equipo de Catena Zapata<\/strong><\/em><\/figcaption><\/figure><\/div>\n\n\n<div style=\"height:35px\" aria-hidden=\"true\" class=\"wp-block-spacer\"><\/div>\n\n\n\n<p>Verallia avanza sostenidamente con su prop\u00f3sito de <em>\u201cReimaginar el vidrio para construir un futuro sostenible\u201d,<\/em> liderando la transformaci\u00f3n del sector con acciones concretas: desde el ecodise\u00f1o de productos hasta la incorporaci\u00f3n de energ\u00eda renovable en sus procesos, la eficiencia energ\u00e9tica en sus plantas, el cuidado del agua y el uso creciente de vidrio reciclado, elemento clave en la econom\u00eda circular. A trav\u00e9s de su l\u00ednea Ecova, ha conseguido disminuir el peso de sus botellas m\u00e1s vendidas, reduciendo emisiones de CO\u2082 y mejorando la eficiencia log\u00edstica.<\/p>\n\n\n\n<p>Durante el acto, <strong>Alejandrina Funes <\/strong>agradeci\u00f3 el homenaje: <em>\u201cPara m\u00ed que una botella lleve mi nombre es un honor, no solo porque el vino nos representa, sino porque tambi\u00e9n es un envase que cuidar\u00e1 el medio ambiente y llevar\u00e1 el vino argentino alrededor del mundo. Gracias por dejarme ser parte del puente que une nuestras ra\u00edces&nbsp;con&nbsp;el&nbsp;futuro\u201d.<\/em><\/p>\n\n\n\n<div style=\"height:30px\" aria-hidden=\"true\" class=\"wp-block-spacer\"><\/div>\n\n\n<div class=\"wp-block-image\">\n<figure class=\"aligncenter size-full is-resized\"><a href=\"https:\/\/enolife.com.ar\/es\/wp-content\/uploads\/2025\/06\/Walter-Formica-Milton-Kuret-Alejandrina-Funes-y-Diego-Gareca.jpg\" data-rel=\"penci-gallery-image-content\" ><img loading=\"lazy\" decoding=\"async\" width=\"839\" height=\"500\" src=\"https:\/\/enolife.com.ar\/es\/wp-content\/uploads\/2025\/06\/Walter-Formica-Milton-Kuret-Alejandrina-Funes-y-Diego-Gareca.jpg\" alt=\"\" class=\"wp-image-156260\" style=\"width:615px;height:auto\" srcset=\"https:\/\/enolife.com.ar\/es\/wp-content\/uploads\/2025\/06\/Walter-Formica-Milton-Kuret-Alejandrina-Funes-y-Diego-Gareca.jpg 839w, https:\/\/enolife.com.ar\/es\/wp-content\/uploads\/2025\/06\/Walter-Formica-Milton-Kuret-Alejandrina-Funes-y-Diego-Gareca-300x179.jpg 300w, https:\/\/enolife.com.ar\/es\/wp-content\/uploads\/2025\/06\/Walter-Formica-Milton-Kuret-Alejandrina-Funes-y-Diego-Gareca-768x458.jpg 768w, https:\/\/enolife.com.ar\/es\/wp-content\/uploads\/2025\/06\/Walter-Formica-Milton-Kuret-Alejandrina-Funes-y-Diego-Gareca-585x349.jpg 585w\" sizes=\"auto, (max-width: 839px) 100vw, 839px\" \/><\/a><figcaption class=\"wp-element-caption\"><em><strong>Walter Formica, Milton Kuret, Alejandrina Funes y Diego Gareca<\/strong><\/em><\/figcaption><\/figure><\/div>\n\n\n<div style=\"height:35px\" aria-hidden=\"true\" class=\"wp-block-spacer\"><\/div>\n\n\n\n<p>La presentaci\u00f3n de <strong>Burdeos Alejandrina<\/strong> forma parte de una iniciativa que Verallia desarrolla desde 2013, con el prop\u00f3sito de rendir tributo a la Fiesta Nacional de la Vendimia y a sus soberanas, reconocidas embajadoras de la vitivinicultura argentina.<\/p>\n\n\n\n<p>Esta nueva botella se incorpora al cat\u00e1logo de ediciones especiales junto a reconocidos envases como \u2018Sparkling Agostina\u2019, \u2018Borgo\u00f1a Ana\u2019, \u2018Burdeos Julieta\u2019, \u2018Sparkling Victoria\u2019, \u2018Burdeos Giuliana\u2019 y \u2018Burdeos Suyai\u2019 entre otros, &nbsp;todos ellos inspirados en las reinas vendimiales de cada a\u00f1o.<\/p>\n\n\n\n<div style=\"height:45px\" aria-hidden=\"true\" class=\"wp-block-spacer\"><\/div>\n\n\n\n<p><\/p>\n","protected":false},"excerpt":{"rendered":"<p>Verallia Argentina, l\u00edder en la fabricaci\u00f3n y comercializaci\u00f3n de envases de vidrio para la industria&hellip;<\/p>\n","protected":false},"author":2,"featured_media":156254,"comment_status":"open","ping_status":"open","sticky":false,"template":"","format":"standard","meta":{"footnotes":""},"categories":[57],"tags":[],"class_list":["post-156231","post","type-post","status-publish","format-standard","has-post-thumbnail","hentry","category-empresas"],"_links":{"self":[{"href":"https:\/\/enolife.com.ar\/es\/wp-json\/wp\/v2\/posts\/156231","targetHints":{"allow":["GET"]}}],"collection":[{"href":"https:\/\/enolife.com.ar\/es\/wp-json\/wp\/v2\/posts"}],"about":[{"href":"https:\/\/enolife.com.ar\/es\/wp-json\/wp\/v2\/types\/post"}],"author":[{"embeddable":true,"href":"https:\/\/enolife.com.ar\/es\/wp-json\/wp\/v2\/users\/2"}],"replies":[{"embeddable":true,"href":"https:\/\/enolife.com.ar\/es\/wp-json\/wp\/v2\/comments?post=156231"}],"version-history":[{"count":0,"href":"https:\/\/enolife.com.ar\/es\/wp-json\/wp\/v2\/posts\/156231\/revisions"}],"wp:featuredmedia":[{"embeddable":true,"href":"https:\/\/enolife.com.ar\/es\/wp-json\/wp\/v2\/media\/156254"}],"wp:attachment":[{"href":"https:\/\/enolife.com.ar\/es\/wp-json\/wp\/v2\/media?parent=156231"}],"wp:term":[{"taxonomy":"category","embeddable":true,"href":"https:\/\/enolife.com.ar\/es\/wp-json\/wp\/v2\/categories?post=156231"},{"taxonomy":"post_tag","embeddable":true,"href":"https:\/\/enolife.com.ar\/es\/wp-json\/wp\/v2\/tags?post=156231"}],"curies":[{"name":"wp","href":"https:\/\/api.w.org\/{rel}","templated":true}]}}