{"id":15412,"date":"2020-06-28T16:37:39","date_gmt":"2020-06-28T16:37:39","guid":{"rendered":"http:\/\/enolife.com.ar\/es\/?p=15412"},"modified":"2020-07-03T03:46:58","modified_gmt":"2020-07-03T03:46:58","slug":"vinateros-piden-financiacion-para-producir-mas-y-asi-evitar-la-erradicacion-de-vinedos","status":"publish","type":"post","link":"https:\/\/enolife.com.ar\/es\/vinateros-piden-financiacion-para-producir-mas-y-asi-evitar-la-erradicacion-de-vinedos\/","title":{"rendered":"Vi\u00f1ateros piden financiaci\u00f3n para producir m\u00e1s y as\u00ed evitar la erradicaci\u00f3n de vi\u00f1edos"},"content":{"rendered":"\n<h4 class=\"wp-block-heading\"><em><strong>Los directivos de la Asociaci\u00f3n de Vi\u00f1ateros de Mendoza (AVM) se reunieron con el titular del Instituto Nacional de Vitivinicultura (INV), Mart\u00edn Hinojosa, en busca de coordinar acciones en beneficio de la vitivinicultura en general. Se acord\u00f3 mayor intercambio de informaci\u00f3n y asistencia t\u00e9cnica. Los productores primarios tambi\u00e9n solicitaron a Hinojosa apoyo para conseguir recursos que les permitan sostener los cultivos y lograr mayor rentabilidad, lo que salvar\u00eda del abandono a miles de hect\u00e1reas de vi\u00f1edos.<\/strong><\/em> <\/h4>\n\n\n\n<div style=\"height:20px\" aria-hidden=\"true\" class=\"wp-block-spacer\"><\/div>\n\n\n\n<p>La Asociaci\u00f3n de Vi\u00f1ateros de Mendoza (AVM) y el Instituto Nacional de Vitivinicultura (INV) mantuvieron un encuentro presencial con el objetivo de conocer las actividades que cada una de las entidades desarrollan, en busca de complementarse. <\/p>\n\n\n\n<p>El anfitri\u00f3n de la reuni\u00f3n fue el presidente del INV, Mart\u00edn Hinojosa, quien agradeci\u00f3 a Eduardo C\u00f3rdoba, presidente de AVM, la predisposici\u00f3n a intercambiar ideas en beneficio del sector vitivin\u00edcola mendocino. <\/p>\n\n\n\n<p>Completaron la mesa el asesor del INV Leonardo Miranda y el secretario de la AVM Mat\u00edas Manzanares. En la reuni\u00f3n, calificada como positiva por los participantes, los directivos del INV destacaron la importancia que tiene la AVM como referente del sector primario mendocino. <\/p>\n\n\n\n<p>Tambi\u00e9n se acord\u00f3 la firma de un convenio de colaboraci\u00f3n para intercambiar informaci\u00f3n y asesoramiento t\u00e9cnico entre ambas entidades. Los productores primarios solicitaron al INV que los ayude provey\u00e9ndolos de alcohol al 70% para los trabajadores, lo que el ente regulador prometi\u00f3 implementar.<\/p>\n\n\n\n<div style=\"height:20px\" aria-hidden=\"true\" class=\"wp-block-spacer\"><\/div>\n\n\n\n<p class=\"has-medium-font-size\"><strong>Contra la erradicaci\u00f3n de vi\u00f1edos, m\u00e1s producci\u00f3n y rentabilidad<\/strong><\/p>\n\n\n\n<p>Sin duda uno de los mayores problemas que presenta la viticultura en Mendoza es el abandono de los vi\u00f1edos provocado por la falta de recursos para hacer frente a los costos de producci\u00f3n. <\/p>\n\n\n\n<p>En ese sentido, ambas partes coincidieron en que, para sortear el problema, es preciso allanar los caminos para que el productor produzca m\u00e1s, con condiciones accesibles a la financiaci\u00f3n. En la misma l\u00ednea, los vi\u00f1ateros pidieron al INV que se controle a las bodegas de manera exhaustiva y constante, para cuidar los intereses de los productores.<\/p>\n\n\n\n<p>\u201cCompartimos la informaci\u00f3n brindada por el INV respecto del crecimiento de los despachos de vino. Tambi\u00e9n felicitamos la aprobaci\u00f3n de la idea propuesta anteriormente, sobre la elaboraci\u00f3n de vinos tintos con un m\u00ednimo de 85% de esas uvas. Adem\u00e1s, charlamos, sobre la posibilidad de replicar en la provincia de Mendoza el proyecto \u201cVinos de cercan\u00eda\u201d que a modo de plan piloto se implement\u00f3 en R\u00edo Negro; este plan busca que las bodegas puedan volver a vender vino suelto, ya sea expendi\u00e9ndoolo en damajuanas o cualquier envase que lleven los compradores. A todo lo que sea estimular y aumentar el consumo de vinos, lo vamos a apoyar\u201d, dijo C\u00f3rdoba. <\/p>\n\n\n\n<p>Por \u00faltimo, el titular de la AVM solicit\u00f3 seguir con los controles que la entidad estatal hace en la temporada de elaboraci\u00f3n y post elaboraci\u00f3n. <\/p>\n\n\n\n<div style=\"height:20px\" aria-hidden=\"true\" class=\"wp-block-spacer\"><\/div>\n\n\n\n<p class=\"has-medium-font-size\"><strong>Panorama complicado por el costo de la energ\u00eda, labores culturales y abonos <\/strong><\/p>\n\n\n\n<p>Seg\u00fan Eduardo C\u00f3rdoba, el panorama, a pesar de haberse registrado un leve repunte en los precios de venta de las uvas, no es alentador a\u00fan, pues resulta dif\u00edcil trabajar por encima de los costos. <\/p>\n\n\n\n<p>\u201cHoy, los productores no tienen recursos para hacer funcionar las perforaciones; se est\u00e1 haciendo muy dif\u00edcil conseguir financiaci\u00f3n para los trabajos de poda que comenzaron hace un mes. El valor en d\u00f3lares de todos los insumos como abonos, herbicidas, pesticidas y el elevado costo de la energ\u00eda el\u00e9ctrica, har\u00e1n de muy dif\u00edcil acceso a estos insumos en la nueva temporada y por ende, todas las medidas que ayuden a fortalecer las ventas y el consumo, deben servir para acompa\u00f1ar una mejora en el precio de nuestras uvas\u201d, sostuvo C\u00f3rdoba. <\/p>\n\n\n\n<p>Finalmente, C\u00f3rdoba evalu\u00f3 que \u00abde mantenerse las dificultades que el productor primario mendocino tiene hoy, se espera una pr\u00f3xima cosecha escasa\u00bb. <\/p>\n\n\n\n<div style=\"height:20px\" aria-hidden=\"true\" class=\"wp-block-spacer\"><\/div>\n\n\n\n<p class=\"has-small-font-size\"><strong>Fuente: Asociaci\u00f3n de Vi\u00f1ateros de Mendoza (AVM)<\/strong><\/p>\n","protected":false},"excerpt":{"rendered":"<p>Los directivos de la Asociaci\u00f3n de Vi\u00f1ateros de Mendoza (AVM) se reunieron con el titular&hellip;<\/p>\n","protected":false},"author":3,"featured_media":15439,"comment_status":"open","ping_status":"open","sticky":false,"template":"","format":"standard","meta":{"footnotes":""},"categories":[14],"tags":[],"class_list":["post-15412","post","type-post","status-publish","format-standard","has-post-thumbnail","hentry","category-news"],"_links":{"self":[{"href":"https:\/\/enolife.com.ar\/es\/wp-json\/wp\/v2\/posts\/15412","targetHints":{"allow":["GET"]}}],"collection":[{"href":"https:\/\/enolife.com.ar\/es\/wp-json\/wp\/v2\/posts"}],"about":[{"href":"https:\/\/enolife.com.ar\/es\/wp-json\/wp\/v2\/types\/post"}],"author":[{"embeddable":true,"href":"https:\/\/enolife.com.ar\/es\/wp-json\/wp\/v2\/users\/3"}],"replies":[{"embeddable":true,"href":"https:\/\/enolife.com.ar\/es\/wp-json\/wp\/v2\/comments?post=15412"}],"version-history":[{"count":0,"href":"https:\/\/enolife.com.ar\/es\/wp-json\/wp\/v2\/posts\/15412\/revisions"}],"wp:featuredmedia":[{"embeddable":true,"href":"https:\/\/enolife.com.ar\/es\/wp-json\/wp\/v2\/media\/15439"}],"wp:attachment":[{"href":"https:\/\/enolife.com.ar\/es\/wp-json\/wp\/v2\/media?parent=15412"}],"wp:term":[{"taxonomy":"category","embeddable":true,"href":"https:\/\/enolife.com.ar\/es\/wp-json\/wp\/v2\/categories?post=15412"},{"taxonomy":"post_tag","embeddable":true,"href":"https:\/\/enolife.com.ar\/es\/wp-json\/wp\/v2\/tags?post=15412"}],"curies":[{"name":"wp","href":"https:\/\/api.w.org\/{rel}","templated":true}]}}