{"id":15307,"date":"2020-06-30T17:30:49","date_gmt":"2020-06-30T17:30:49","guid":{"rendered":"http:\/\/enolife.com.ar\/es\/?p=15307"},"modified":"2020-07-02T13:34:43","modified_gmt":"2020-07-02T13:34:43","slug":"las-cooperativas-representan-el-64-de-la-produccion-primaria-mundial","status":"publish","type":"post","link":"https:\/\/enolife.com.ar\/es\/las-cooperativas-representan-el-64-de-la-produccion-primaria-mundial\/","title":{"rendered":"Las cooperativas representan el 64% de la producci\u00f3n primaria mundial"},"content":{"rendered":"\n<h4 class=\"wp-block-heading\"><em><strong>La agrupaci\u00f3n de las fuerzas productivas de una regi\u00f3n o de un pa\u00eds genera equilibrio en la redistribuci\u00f3n del r\u00e9dito econ\u00f3mico, ordena la producci\u00f3n en funci\u00f3n de un objetivo com\u00fan y tambi\u00e9n contribuye a contrarrestar pr\u00e1cticas monop\u00f3licas. Y, en estos tiempos de cambio clim\u00e1tico, incluso puede ayudar al cuidado del ambiente con pr\u00e1cticas sustentables y la reducci\u00f3n de la huella de carbono. Sobre estos temas girar\u00e1 la charla \u00abCooperativas vitivin\u00edcolas del mundo ante la crisis\u00bb, organizada por el Foro Diplom\u00e1tico de Mendoza (FDM) para el lunes 6\/7 a las 15 hs., con participaci\u00f3n libre y gratuita previa inscripci\u00f3n.<\/strong><\/em><\/h4>\n\n\n\n<div style=\"height:20px\" aria-hidden=\"true\" class=\"wp-block-spacer\"><\/div>\n\n\n\n<p>En los pa\u00edses vitivin\u00edcolas, las agrupaciones de productores primarios son uno de los motores principales del sector. Por ejemplo, en <strong>Argentina<\/strong>, la <strong>Federaci\u00f3n de Cooperativas Vitivin\u00edcolas Argentinas (Fecovita)<\/strong> y la <strong>Asociaci\u00f3n de Cooperativas Vitivin\u00edcolas (Acovi)<\/strong> agrupan <strong>5<\/strong>.<strong>000<\/strong> productores y representan alrededor del <strong>30%<\/strong> de la producci\u00f3n, tomando en cuenta la cantidad de hect\u00e1reas cultivadas que laboran. En estos tiempos de pandemia y de aislamiento obligado, en que la producci\u00f3n agroalimentaria adquiere m\u00e1xima importancia en todo el mundo, toda la cadena de comercializaci\u00f3n mira con atenci\u00f3n hacia los productores, cuya tarea parece ser m\u00e1s valorada que nunca.<\/p>\n\n\n\n<p>En este contexto, el <strong>Foro Diplom\u00e1tico de Mendoza (FDM)<\/strong> -entidad que re\u00fane a diplom\u00e1ticos en actividad y con mandato cumplido con el objetivo de compartir su experiencia en devoluci\u00f3n a la sociedad que los contiene- ha organizado el interesante ciclo de encuentros online <strong>\u00abCharlas desde el Cooperativismo\u00bb<\/strong>. Y en esta ocasi\u00f3n, el pr\u00f3ximo 6 de julio a las 15 hs., el tema ser\u00e1 <strong>\u00abCooperativas vitivin\u00edcolas del mundo ante la crisis\u00bb<\/strong>. <\/p>\n\n\n\n<div style=\"height:20px\" aria-hidden=\"true\" class=\"wp-block-spacer\"><\/div>\n\n\n\n<p class=\"has-background has-medium-font-size has-cyan-bluish-gray-background-color\"><strong>\u00abMendoza piensa internacional\u00bb, lema del FDM<\/strong><\/p>\n\n\n\n<div style=\"height:20px\" aria-hidden=\"true\" class=\"wp-block-spacer\"><\/div>\n\n\n\n<p class=\"has-text-align-left has-normal-font-size\">Fiel a su lema <strong>\u00abMendoza piensa internacional\u00bb<\/strong>, el FDM invita al p\u00fablico en general y a los especialistas a participar, v\u00eda Google Meet, en este encuentro que tendr\u00e1 como disertantes al mendocino <strong>Eduardo Sancho <\/strong>(presidente de Fecovita y Acovi), al espa\u00f1ol <strong>\u00c1ngel Villafranca<\/strong> (presidente de Cooperativas Agroalimentarias de Espa\u00f1a) y al franc\u00e9s <strong>Joel Castany <\/strong>(presidente de la Cooperativa Vinadeis). <\/p>\n\n\n\n<div style=\"height:20px\" aria-hidden=\"true\" class=\"wp-block-spacer\"><\/div>\n\n\n\n<p class=\"has-background has-text-align-center has-normal-font-size has-very-light-gray-background-color\">El ciclo de charlas on online \u00abCharlas desde&#8230;\u00bb en general, y la charla \u00abCooperativas vitivin\u00edcolas del mundo ante la crisis\u00bb, est\u00e1n auspiciadas por prestigiosas instituciones educativas, universidades, Organizaciones No Gubernamentales, empresas y medios de difusi\u00f3n de Mendoza y Argentina, entre los cuales se cuenta nuestro diario vitivin\u00edcola digital <strong>Enolife.<\/strong> <\/p>\n\n\n\n<div style=\"height:20px\" aria-hidden=\"true\" class=\"wp-block-spacer\"><\/div>\n\n\n\n<p>Para calibrar la importancia del tema, hay que considerar que <strong>el sector cooperativo representa el 64% de la producci\u00f3n primaria global.<\/strong> Por ello, el ciclo del FDM le otorga un espacio principal en su ciclo, con la finalidad de analizar el contexto y su proyecci\u00f3n en distintas ramas de la producci\u00f3n, considerando tanto la actualidad como las perspectivas que se vislumbren, dentro de un marco de sustentabilidad. <\/p>\n\n\n\n<div style=\"height:20px\" aria-hidden=\"true\" class=\"wp-block-spacer\"><\/div>\n\n\n\n<p class=\"has-background has-very-light-gray-background-color\">En suma, la cita es el <strong>lunes 6\/7 a las 15 hs., a trav\u00e9s de la plataforma Google Meet, con la posibilidad de aprovechar<\/strong> una disertaci\u00f3n que tratar\u00e1 sobre la crisis generada por la pandemia, a trav\u00e9s de la visi\u00f3n de las cooperativas vitivin\u00edcolas de Argentina, Francia y Espa\u00f1a.<\/p>\n\n\n\n<div style=\"height:20px\" aria-hidden=\"true\" class=\"wp-block-spacer\"><\/div>\n\n\n\n<div class=\"wp-block-image\"><figure class=\"aligncenter size-large\"><img loading=\"lazy\" decoding=\"async\" width=\"500\" height=\"500\" src=\"https:\/\/enolife.com.ar\/es\/wp-content\/uploads\/2020\/06\/image-37.png\" alt=\"\" class=\"wp-image-15571\" srcset=\"https:\/\/enolife.com.ar\/es\/wp-content\/uploads\/2020\/06\/image-37.png 500w, https:\/\/enolife.com.ar\/es\/wp-content\/uploads\/2020\/06\/image-37-300x300.png 300w, https:\/\/enolife.com.ar\/es\/wp-content\/uploads\/2020\/06\/image-37-150x150.png 150w\" sizes=\"auto, (max-width: 500px) 100vw, 500px\" \/><\/figure><\/div>\n\n\n\n<div style=\"height:20px\" aria-hidden=\"true\" class=\"wp-block-spacer\"><\/div>\n\n\n\n<p class=\"has-background has-luminous-vivid-amber-background-color\"><strong>El ciclo es gratuito y para participar hay que  inscribirse en Eventbrite clikeando en: <em><a href=\"https:\/\/www.eventbrite.com.ar\/e\/cooperativas-vitivinicolas-del-mundo-ante-la-crisis-tickets-111226888618?aff=ebdssbonlinesearch\">\u00abCooperativas vitivin\u00edcolas del mundo ante la crisis\u00bb<\/a><\/em><br>Posteriormente ser\u00e1 enviada la \u00abentrada\u00bb por e-mail.<\/strong><\/p>\n\n\n\n<p class=\"has-medium-font-size\"><br><strong>Los oradores <\/strong><\/p>\n\n\n\n<p><strong><br>\u00c1ngel Villafranca<\/strong>, dirigente espa\u00f1ol, presidente de Cooperativas Agroalimentarias de Espa\u00f1a y de la Interprofesional del vino de Espa\u00f1a, que agrupa a las entidades representativas del sector vitivin\u00edcola espa\u00f1ol, tanto de la&nbsp;rama productora -compuesta por las organizaciones agrarias&nbsp;Asociaci\u00f3n Agraria de J\u00f3venes Agricultores (Asaja),&nbsp;Coordinadora de Organizaciones de Agricultores y Ganaderos (COAG),&nbsp;Uni\u00f3n de Peque\u00f1os Agricultores y Ganaderos (UPA)&nbsp;y&nbsp;Cooperativas Agro-Alimentarias de Espa\u00f1a- como de la&nbsp;rama comercializadora (que agrupa a la&nbsp;Federaci\u00f3n Espa\u00f1ola del Vino (FEV),&nbsp;la Asociaci\u00f3n Empresarial de Vinos de Espa\u00f1a (Aeve)&nbsp;y&nbsp;las Cooperativas Agroalimentarias de Espa\u00f1a. <\/p>\n\n\n\n<p><strong><br>Joel Castany<\/strong>, dirigente franc\u00e9s, presidente de la Cooperativa Vinadeis, ex representante de las Cooperativas Agroalimentarias de la Uni\u00f3n Europea en Bruselas, B\u00e9lgia. Vinadeis es una agrupaci\u00f3n de cooperativas \u00abde pueblo\u00bb, de primer grado, pero que tambi\u00e9n integra a 30 bodegueros privados. En total, Vinadeis suma a 3.000 productores que producen 3 millones de hectolitros por a\u00f1o (unas 200 millones de botellas), con una facturaci\u00f3n de 400 millones de euros. <\/p>\n\n\n\n<p><br><strong>Eduardo Sancho,<\/strong> dirigente argentino oriundo de Mendoza, presidente de Federaci\u00f3n de Cooperativas Vitivin\u00edcolas de Argentina (Fecovita) y de la Asociaci\u00f3n de Cooperativas Vitivin\u00edcolas (Acovi). Fecovita es una cooperativa de segundo grado que asocia a 29 cooperativas, integradas por m\u00e1s de 5.000 productores y elaboradores vitivin\u00edcolas. Acovi est\u00e1 conformada por 5.000 productores integrados y m\u00e1s de 2.000 terceros que elaboran en las bodegas de las cooperativas, quienes abarcan aproximadamente 25 mil de hect\u00e1reas en producci\u00f3n vitivin\u00edcola del pa\u00eds. Entre ambas entidades, involucran el trabajo de m\u00e1s de 20.000 familias, cifra que asciende a 35.000 familias en \u00e9poca de vendimia.<\/p>\n\n\n\n<div style=\"height:20px\" aria-hidden=\"true\" class=\"wp-block-spacer\"><\/div>\n","protected":false},"excerpt":{"rendered":"<p>La agrupaci\u00f3n de las fuerzas productivas de una regi\u00f3n o de un pa\u00eds genera equilibrio&hellip;<\/p>\n","protected":false},"author":3,"featured_media":15586,"comment_status":"open","ping_status":"open","sticky":false,"template":"","format":"standard","meta":{"footnotes":""},"categories":[47],"tags":[],"class_list":["post-15307","post","type-post","status-publish","format-standard","has-post-thumbnail","hentry","category-agenda"],"_links":{"self":[{"href":"https:\/\/enolife.com.ar\/es\/wp-json\/wp\/v2\/posts\/15307","targetHints":{"allow":["GET"]}}],"collection":[{"href":"https:\/\/enolife.com.ar\/es\/wp-json\/wp\/v2\/posts"}],"about":[{"href":"https:\/\/enolife.com.ar\/es\/wp-json\/wp\/v2\/types\/post"}],"author":[{"embeddable":true,"href":"https:\/\/enolife.com.ar\/es\/wp-json\/wp\/v2\/users\/3"}],"replies":[{"embeddable":true,"href":"https:\/\/enolife.com.ar\/es\/wp-json\/wp\/v2\/comments?post=15307"}],"version-history":[{"count":0,"href":"https:\/\/enolife.com.ar\/es\/wp-json\/wp\/v2\/posts\/15307\/revisions"}],"wp:featuredmedia":[{"embeddable":true,"href":"https:\/\/enolife.com.ar\/es\/wp-json\/wp\/v2\/media\/15586"}],"wp:attachment":[{"href":"https:\/\/enolife.com.ar\/es\/wp-json\/wp\/v2\/media?parent=15307"}],"wp:term":[{"taxonomy":"category","embeddable":true,"href":"https:\/\/enolife.com.ar\/es\/wp-json\/wp\/v2\/categories?post=15307"},{"taxonomy":"post_tag","embeddable":true,"href":"https:\/\/enolife.com.ar\/es\/wp-json\/wp\/v2\/tags?post=15307"}],"curies":[{"name":"wp","href":"https:\/\/api.w.org\/{rel}","templated":true}]}}