{"id":15102,"date":"2020-06-25T00:40:11","date_gmt":"2020-06-25T00:40:11","guid":{"rendered":"http:\/\/enolife.com.ar\/es\/?p=15102"},"modified":"2020-06-25T23:00:39","modified_gmt":"2020-06-25T23:00:39","slug":"la-uncuyo-y-la-ue-dictan-un-seminario-web-sobre-marketing-del-vino-y-economia-sustentable","status":"publish","type":"post","link":"https:\/\/enolife.com.ar\/es\/la-uncuyo-y-la-ue-dictan-un-seminario-web-sobre-marketing-del-vino-y-economia-sustentable\/","title":{"rendered":"La UNCuyo y la UE dictan un seminario web sobre m\u00e1rketing del vino y econom\u00eda sustentable"},"content":{"rendered":"\n<h4 class=\"wp-block-heading\"><em><strong>Se trata de un ciclo que forma parte del proyecto \u00abVita Global\u00bb, a su vez dentro del programa \u00abErasmus\u00bb (Plan de Acci\u00f3n de la Comunidad Europea para la Movilidad de Estudiantes Universitarios, por sus siglas en ingl\u00e9s), del que forma parte la Universidad Nacional de Cuyo. El programa fue creado en 1987 en el \u00e1mbito de la Uni\u00f3n Europea y tiene como objetivo la internalizaci\u00f3n de la educaci\u00f3n.<\/strong><\/em><strong> <\/strong> <\/h4>\n\n\n\n<hr class=\"wp-block-separator\"\/>\n\n\n\n<h4 class=\"wp-block-heading\"><em><strong>En este primer encuentro, ma\u00f1ana jueves 25\/6 a las 11 hs., la tem\u00e1tica ser\u00e1 la vitivinicultura y estar\u00e1 a cargo de expositores internacionales que se enfocar\u00e1n en el m\u00e1rketing del vino y la econom\u00eda sustentable, propiciando el di\u00e1logo entre referentes de la academia y del sector productivo. Disertar\u00e1n Alejandro Gennari, de la UNCuyo y Roc\u00edo Navarro, de Bodega Trivento.<\/strong><\/em><strong><em> <\/em><\/strong><\/h4>\n\n\n\n<div style=\"height:20px\" aria-hidden=\"true\" class=\"wp-block-spacer\"><\/div>\n\n\n\n<p>El rol del sector vitivin\u00edcola para el desarrollo agroindustrial y tur\u00edstico local es central en provincias como Mendoza y en diversas regiones de Argentina y otros pa\u00edses del mundo. <\/p>\n\n\n\n<p>En este contexto, y en el marco del proyecto \u00abVita Global\u00bb, cofinanciado por la Comisi\u00f3n Europea de la Uni\u00f3n Europea, la Universidad Nacional de Cuyo (UNCuyo) impulsa el ciclo de webinarios internacionales \u201cEconomic Sustainabilty and Wine Marketing\u201d.<\/p>\n\n\n\n<p>El primer webinario se titula <strong>\u201cDi\u00e1logos academia-industria: La sustentabilidad econ\u00f3mica y social del sistema vitivin\u00edcola y su influencia en el marketing\u201d<\/strong>. Ser\u00e1 ma\u00f1ana jueves 25\/6, a las 11 hs., con participaci\u00f3n libre y gratuita. <\/p>\n\n\n\n<div style=\"height:20px\" aria-hidden=\"true\" class=\"wp-block-spacer\"><\/div>\n\n\n\n<div class=\"wp-block-image\"><figure class=\"alignleft is-resized\"><img loading=\"lazy\" decoding=\"async\" src=\"http:\/\/www.fca.uncu.edu.ar\/cache\/69c30acd-abd5-4897-a090-31be026e9a5c_999_360.png\" alt=\"La UNCUYO lanza una serie de webinarios sobre vitivinicultura con el apoyo de la Comisi\u00f3n Europea\" width=\"320\" height=\"320\"\/><\/figure><\/div>\n\n\n\n<p>El webinario contar\u00e1 con la participaci\u00f3n de expertos de diversas regiones vitivin\u00edcolas del mundo y ser\u00e1 un espacio de encuentro entre la academia y el sector productivo, donde se discutir\u00e1n los desaf\u00edos del sector, su inserci\u00f3n en los mercados internacionales y el rol de las instituciones universitarias para impulsar su desarrollo.<\/p>\n\n\n\n<p>En este primer encuentro disertar\u00e1 el profesor Alejandro Gennari, de la c\u00e1tedra de Econom\u00eda Agraria de la Facultad de Ciencias Agrarias de la UNCuyo; y la ingeniera agr\u00f3noma y actual l\u00edder de Desarrollo Sustentable de la Bodega Trivento, Roc\u00edo Navarro.<strong> <\/strong><\/p>\n\n\n\n<div style=\"height:20px\" aria-hidden=\"true\" class=\"wp-block-spacer\"><\/div>\n\n\n\n<p class=\"has-background has-luminous-vivid-amber-background-color\"><strong>Participaci\u00f3n libre y gratuita, con inscripci\u00f3n previa <a href=\"https:\/\/www.eventbrite.com.ar\/e\/marketing-del-vino-y-sustentabilidad-economica-tickets-109351671794\">aqu\u00ed<\/a>. <\/strong><\/p>\n\n\n\n<div style=\"height:20px\" aria-hidden=\"true\" class=\"wp-block-spacer\"><\/div>\n\n\n\n<p class=\"has-medium-font-size\"><strong>Los expositores <\/strong><\/p>\n\n\n\n<ul class=\"wp-block-list\"><li><strong>Alejando Gennari <\/strong>fue responsable de la Unidad para el Cambio Rural (UCAR) y consultor internacional para instituciones como el BID, Banco Mundial, Instituto Interamericano de Cooperaci\u00f3n para la Agricultura (IICA) y Organizaci\u00f3n de las Naciones Unidas para la Alimentaci\u00f3n y la Agricultura (FAO).<\/li><li><strong>Roc\u00edo Navarro <\/strong>se desempe\u00f1\u00f3 como ingeniera agr\u00f3noma para Catena Zapata y Grupo Pe\u00f1aflor. Tambi\u00e9n fue investigadora Ad Hoc de la Corporaci\u00f3n Vitivin\u00edcola Argentina (Coviar).<\/li><\/ul>\n\n\n\n<div style=\"height:20px\" aria-hidden=\"true\" class=\"wp-block-spacer\"><\/div>\n\n\n\n<p class=\"has-medium-font-size\"><strong>Sobre el proyecto \u00abVita Global<\/strong>\u00ab<\/p>\n\n\n\n<p>Es un proyecto de cooperaci\u00f3n interuniversitaria para el desarrollo de programas de formaci\u00f3n en temas asociados a la vitivinicultura, desde un enfoque de desarrollo local. El proyecto se aprob\u00f3 en agosto de 2018 y tiene un horizonte de 3 a\u00f1os. Es cofinanciado por la Comisi\u00f3n Europea de la UE.<\/p>\n\n\n\n<p>Para la UNCuyo se trata de una oportunidad significativa en la b\u00fasqueda de consolidar las relaciones internacionales que la universidad mantiene con socios estrat\u00e9gicos en distintas regiones de mundo vitivin\u00edcola. Posee un papel determinante dentro del proyecto, como casa de estudio representante de la regi\u00f3n latinoamericana en la construcci\u00f3n de pol\u00edticas y dise\u00f1o de estrategias.<\/p>\n\n\n\n<p>\u00abVita Global\u00bb surge a partir del programa Erasmus, desarrollado a partir de 1987 por la Comisi\u00f3n Europea de la UE para la internacionalizaci\u00f3n de la educaci\u00f3n. Est\u00e1 orientado al fortalecimiento institucional, generando transferencia de capacidades entre universidades y cooperando para el desarrollo del medio.<\/p>\n\n\n\n<p>Uno de sus objetivos propuestos es la construcci\u00f3n de m\u00f3dulos educativos (trayectos formativos internacionalizados) con aspiraciones a convertirse en futuras carreras de posgrado que posean doble titulaci\u00f3n. La iniciativa beneficia a miles de docentes y estudiantes de las universidades socias, para el desarrollo de recursos humanos y de competencias internacionales.<\/p>\n\n\n\n<div style=\"height:20px\" aria-hidden=\"true\" class=\"wp-block-spacer\"><\/div>\n\n\n\n<p class=\"has-medium-font-size\"><strong>Las universidades asociadas<\/strong><\/p>\n\n\n\n<ul class=\"wp-block-list\"><li>Argentina: Universidad Nacional de Jujuy, Universidad Nacional de Chilecito y Universidad Nacional de Cuyo<\/li><li>Chile: Universidad de Talca y&nbsp; Universidad de Chile<\/li><li>Uruguay: Universidad de la Rep\u00fablica<\/li><li>Georgia: Georgian Technical University y Telavi State University<\/li><li>Espa\u00f1a: Universitat Rovira i Virgili<\/li><li>Francia: Universit\u00e9 de Bordeaux<\/li><li>Italia: Universit\u00e0 di Bologna<\/li><li>Portugal: Universidade do Porto<\/li><li>Sud\u00e1frica: Cape Peninsula University of Technology y Stellenbosch University<\/li><li>Universidad coordinadora<\/li><li>Universitat Rovira i Virgili<\/li><\/ul>\n\n\n\n<p><\/p>\n\n\n\n<p class=\"has-small-font-size\"><em><strong>Fuentes: UNCuyo \/ Unidiversidad<\/strong><\/em><\/p>\n\n\n\n<div style=\"height:20px\" aria-hidden=\"true\" class=\"wp-block-spacer\"><\/div>\n","protected":false},"excerpt":{"rendered":"<p>Se trata de un ciclo que forma parte del proyecto \u00abVita Global\u00bb, a su vez&hellip;<\/p>\n","protected":false},"author":3,"featured_media":15164,"comment_status":"open","ping_status":"open","sticky":false,"template":"","format":"standard","meta":{"footnotes":""},"categories":[47],"tags":[],"class_list":["post-15102","post","type-post","status-publish","format-standard","has-post-thumbnail","hentry","category-agenda"],"_links":{"self":[{"href":"https:\/\/enolife.com.ar\/es\/wp-json\/wp\/v2\/posts\/15102","targetHints":{"allow":["GET"]}}],"collection":[{"href":"https:\/\/enolife.com.ar\/es\/wp-json\/wp\/v2\/posts"}],"about":[{"href":"https:\/\/enolife.com.ar\/es\/wp-json\/wp\/v2\/types\/post"}],"author":[{"embeddable":true,"href":"https:\/\/enolife.com.ar\/es\/wp-json\/wp\/v2\/users\/3"}],"replies":[{"embeddable":true,"href":"https:\/\/enolife.com.ar\/es\/wp-json\/wp\/v2\/comments?post=15102"}],"version-history":[{"count":0,"href":"https:\/\/enolife.com.ar\/es\/wp-json\/wp\/v2\/posts\/15102\/revisions"}],"wp:featuredmedia":[{"embeddable":true,"href":"https:\/\/enolife.com.ar\/es\/wp-json\/wp\/v2\/media\/15164"}],"wp:attachment":[{"href":"https:\/\/enolife.com.ar\/es\/wp-json\/wp\/v2\/media?parent=15102"}],"wp:term":[{"taxonomy":"category","embeddable":true,"href":"https:\/\/enolife.com.ar\/es\/wp-json\/wp\/v2\/categories?post=15102"},{"taxonomy":"post_tag","embeddable":true,"href":"https:\/\/enolife.com.ar\/es\/wp-json\/wp\/v2\/tags?post=15102"}],"curies":[{"name":"wp","href":"https:\/\/api.w.org\/{rel}","templated":true}]}}