{"id":15071,"date":"2020-06-24T16:15:27","date_gmt":"2020-06-24T16:15:27","guid":{"rendered":"http:\/\/enolife.com.ar\/es\/?p=15071"},"modified":"2020-06-26T16:50:06","modified_gmt":"2020-06-26T16:50:06","slug":"la-vitivinicultura-como-matriz-productiva-en-una-charla-del-titular-del-inv-y-economistas","status":"publish","type":"post","link":"https:\/\/enolife.com.ar\/es\/la-vitivinicultura-como-matriz-productiva-en-una-charla-del-titular-del-inv-y-economistas\/","title":{"rendered":"La vitivinicultura en la matriz productiva, en una charla del titular del INV y economistas"},"content":{"rendered":"\n<h4 class=\"wp-block-heading\"><em><strong>Ma\u00f1ana jueves 25\/6, el director del Instituto Nacional de Vitivinicultura (INV), Mart\u00edn Hinojosa, participar\u00e1 de la charla online \u00abNuevos acuerdos econ\u00f3micos\u00bb organizada por las agrupaciones Agenda Mendoza y Agenda Argentina. La exposici\u00f3n girar\u00e1 en torno a las econom\u00edas regionales y la vitivinicultura como protagonista de la matriz productiva de Mendoza.<\/strong><\/em><\/h4>\n\n\n\n<div style=\"height:24px\" aria-hidden=\"true\" class=\"wp-block-spacer\"><\/div>\n\n\n\n<div class=\"wp-block-image\"><figure class=\"alignleft size-large is-resized\"><img loading=\"lazy\" decoding=\"async\" src=\"https:\/\/enolife.com.ar\/es\/wp-content\/uploads\/2020\/06\/hinojosa.jpg\" alt=\"\" class=\"wp-image-15072\" width=\"270\" height=\"278\" srcset=\"https:\/\/enolife.com.ar\/es\/wp-content\/uploads\/2020\/06\/hinojosa.jpg 673w, https:\/\/enolife.com.ar\/es\/wp-content\/uploads\/2020\/06\/hinojosa-291x300.jpg 291w, https:\/\/enolife.com.ar\/es\/wp-content\/uploads\/2020\/06\/hinojosa-585x604.jpg 585w\" sizes=\"auto, (max-width: 270px) 100vw, 270px\" \/><\/figure><\/div>\n\n\n\n<p>Este jueves a las 19 horas, v\u00eda Zoom y Facebook Live se podr\u00e1 acceder a la charla \u00abNuevos Acuerdos Econ\u00f3micos\u00bb. <\/p>\n\n\n\n<p><strong>Las tem\u00e1ticas a tratar son:<\/strong><\/p>\n\n\n\n<ul class=\"wp-block-list\"><li> <strong>\u00abRenegociaci\u00f3n de la deuda\u00bb<\/strong>, desde la Universidad de Par\u00eds, por el doctor en Econom\u00eda Carlos Quenan.<\/li><li><strong>\u00abEl rol del estado en la econom\u00eda\u00bb, <\/strong>por la secretaria de Relaciones con las Provincias del Ministerio del Interior de Argentina, Silvina Batakis.<\/li><li><strong>\u00abLa econom\u00eda popular\u00bb<\/strong>, por el director de la Agencia de Inversiones y Comercio Internacional (Espacio Atahualpa) Mart\u00edn Navarro.<\/li><li><strong> \u00abMatr\u00edz Productiva<\/strong>\u00bb por Mart\u00edn Hinojosa, presidente del Instituto Nacional de Vitivinicultura.<\/li><\/ul>\n\n\n\n<div style=\"height:20px\" aria-hidden=\"true\" class=\"wp-block-spacer\"><\/div>\n\n\n\n<p class=\"has-background has-luminous-vivid-amber-background-color\"><strong>La cita es el jueves 25 desde las 19 horas por Zoom y Facebook Live. Para inscribirse: <\/strong>acceder por las redes de Agenda Mendoza y mandar mensajes privados para luego recibir los datos para el Zoom:<strong>  <a href=\"https:\/\/twitter.com\/AgendaMendozaOk\">https:\/\/twitter.com\/AgendaMendozaOk<\/a> o  <a href=\"https:\/\/www.facebook.com\/Agendamendozaok\/\">https:\/\/www.facebook.com\/Agendamendozaok\/<\/a> <\/strong><\/p>\n\n\n\n<div style=\"height:20px\" aria-hidden=\"true\" class=\"wp-block-spacer\"><\/div>\n\n\n\n<p><strong>En el siguiente tweet se puede ver un video presentando a cada uno de los disertantes:<\/strong><\/p>\n\n\n\n<div style=\"height:20px\" aria-hidden=\"true\" class=\"wp-block-spacer\"><\/div>\n\n\n\n<figure class=\"wp-block-embed-twitter aligncenter wp-block-embed is-type-rich is-provider-twitter\"><div class=\"wp-block-embed__wrapper\">\nhttps:\/\/twitter.com\/AgendaMendozaOk\/status\/1275577988973764610\n<\/div><\/figure>\n\n\n\n<div style=\"height:20px\" aria-hidden=\"true\" class=\"wp-block-spacer\"><\/div>\n","protected":false},"excerpt":{"rendered":"<p>Ma\u00f1ana jueves 25\/6, el director del Instituto Nacional de Vitivinicultura (INV), Mart\u00edn Hinojosa, participar\u00e1 de&hellip;<\/p>\n","protected":false},"author":3,"featured_media":15079,"comment_status":"open","ping_status":"open","sticky":false,"template":"","format":"standard","meta":{"footnotes":""},"categories":[47],"tags":[],"class_list":["post-15071","post","type-post","status-publish","format-standard","has-post-thumbnail","hentry","category-agenda"],"_links":{"self":[{"href":"https:\/\/enolife.com.ar\/es\/wp-json\/wp\/v2\/posts\/15071","targetHints":{"allow":["GET"]}}],"collection":[{"href":"https:\/\/enolife.com.ar\/es\/wp-json\/wp\/v2\/posts"}],"about":[{"href":"https:\/\/enolife.com.ar\/es\/wp-json\/wp\/v2\/types\/post"}],"author":[{"embeddable":true,"href":"https:\/\/enolife.com.ar\/es\/wp-json\/wp\/v2\/users\/3"}],"replies":[{"embeddable":true,"href":"https:\/\/enolife.com.ar\/es\/wp-json\/wp\/v2\/comments?post=15071"}],"version-history":[{"count":0,"href":"https:\/\/enolife.com.ar\/es\/wp-json\/wp\/v2\/posts\/15071\/revisions"}],"wp:featuredmedia":[{"embeddable":true,"href":"https:\/\/enolife.com.ar\/es\/wp-json\/wp\/v2\/media\/15079"}],"wp:attachment":[{"href":"https:\/\/enolife.com.ar\/es\/wp-json\/wp\/v2\/media?parent=15071"}],"wp:term":[{"taxonomy":"category","embeddable":true,"href":"https:\/\/enolife.com.ar\/es\/wp-json\/wp\/v2\/categories?post=15071"},{"taxonomy":"post_tag","embeddable":true,"href":"https:\/\/enolife.com.ar\/es\/wp-json\/wp\/v2\/tags?post=15071"}],"curies":[{"name":"wp","href":"https:\/\/api.w.org\/{rel}","templated":true}]}}