{"id":148570,"date":"2025-06-11T15:51:19","date_gmt":"2025-06-11T15:51:19","guid":{"rendered":"https:\/\/enolife.com.ar\/es\/?p=148570"},"modified":"2025-06-12T12:54:53","modified_gmt":"2025-06-12T12:54:53","slug":"promendoza-convoca-a-bodegas-pymes-a-participar-en-prowine-san-pablo-2025","status":"publish","type":"post","link":"https:\/\/enolife.com.ar\/es\/promendoza-convoca-a-bodegas-pymes-a-participar-en-prowine-san-pablo-2025\/","title":{"rendered":"ProMendoza convoca a bodegas pymes a participar en ProWine San Pablo 2025"},"content":{"rendered":"\n<h4 class=\"wp-block-heading\"><strong><em>Del 30 de septiembre al 2 de octubre de 2025, se llevar\u00e1 a cabo en Brasil la feria Prowine San Pablo, en la que el Consejo Federal de Inversiones (CFI) organiza un pabell\u00f3n especial para las bodegas mendocinas que se inscriban a trav\u00e9s de ProMendoza. La participaci\u00f3n tiene costo que incluye varios servicios y los cupos son limitados. Hay tiempo para inscribirse hasta el jueves 19 de junio. <\/em><\/strong><\/h4>\n\n\n\n<div style=\"height:35px\" aria-hidden=\"true\" class=\"wp-block-spacer\"><\/div>\n\n\n\n\n\n<div style=\"height:45px\" aria-hidden=\"true\" class=\"wp-block-spacer\"><\/div>\n\n\n\n<p>ProMendoza lanz\u00f3 la convocatoria para las pymes que elaboren vinos o bebidas espirituosas que quieran participar en ProWine San Pablo 2025, la feria del sector m\u00e1s importante de Am\u00e9rica Latina que se celebrar\u00e1 del 30 de septiembre al 2 de octubre en el centro de exposiciones S\u00e3o Paulo Expo, Brasil.<\/p>\n\n\n\n<p><em>\u00abLas pymes de Mendoza que se inscriban con ProMendoza formar\u00e1n parte del pabell\u00f3n que organiza el Consejo Federal de Inversiones, lo que permitir\u00e1 una presencia destacada y coordinada, fortaleciendo la imagen de nuestra provincia como referente vitivin\u00edcola de clase mundial\u00bb<\/em>, destacaron desde la entidad.<\/p>\n\n\n\n<p>Este encuentro representa una oportunidad \u00fanica para expandir la presencia de las bebidas mendocinas en el mercado brasile\u00f1o, uno de los m\u00e1s din\u00e1micos y en crecimiento de la regi\u00f3n. Adem\u00e1s, es importante para conectar con importadores, distribuidores,\u00a0sommeliers\u00a0y compradores clave de toda Am\u00e9rica Latina. La presencia mostrar\u00e1 la excelencia y diversidad del vino mendocino en un escenario internacional de alto nivel.<\/p>\n\n\n\n<p>La participaci\u00f3n tiene costo e incluye varios servicios y los cupos son limitados, el <strong>cierre de inscripciones es el jueves 19 de junio. <\/strong><\/p>\n\n\n\n<p class=\"has-background\" style=\"background-color:#abb7c25c\"><strong>M\u00e1s informaci\u00f3n: Gustavo Calandra a\u00a0<a href=\"mailto:gcalandra@promendoza.com\">gcalandra@promendoza.com<\/a>\u00a0o Gaetano Aguilera Prisco a\u00a0<a href=\"mailto:gprisco@promendoza.com\">gprisco@promendoza.com<\/a><\/strong><\/p>\n\n\n\n<div style=\"height:35px\" aria-hidden=\"true\" class=\"wp-block-spacer\"><\/div>\n\n\n\n<p class=\"has-medium-font-size\"><strong>Criterios de selecci\u00f3n<\/strong><\/p>\n\n\n\n<ul class=\"wp-block-list\">\n<li>Ser una pyme.<\/li>\n\n\n\n<li>No estar inscripto paralelamente en otras instituciones afines.<\/li>\n\n\n\n<li>Orden cronol\u00f3gico de inscripci\u00f3n.<\/li>\n\n\n\n<li>No tener deuda con ProMendoza de actividades anteriores.<\/li>\n<\/ul>\n\n\n\n<div style=\"height:30px\" aria-hidden=\"true\" class=\"wp-block-spacer\"><\/div>\n\n\n\n<p class=\"has-medium-font-size\"><strong>\u00bfQui\u00e9nes asisten a la feria?<\/strong><\/p>\n\n\n\n<ul class=\"wp-block-list\">\n<li>Importadores, distribuidores, mayoristas y minoristas.<\/li>\n\n\n\n<li>Supermercados e hipermercados.<\/li>\n\n\n\n<li>Canal Horeca: restaurantes, hoteles y\u00a0<em>catering<\/em>.<\/li>\n\n\n\n<li>Agentes de vino e inversores.<\/li>\n\n\n\n<li>Compradores.<\/li>\n\n\n\n<li>Influencers\u00a0y\u00a0sommeliers.<\/li>\n<\/ul>\n","protected":false},"excerpt":{"rendered":"<p>Del 30 de septiembre al 2 de octubre de 2025, se llevar\u00e1 a cabo en&hellip;<\/p>\n","protected":false},"author":2,"featured_media":148581,"comment_status":"open","ping_status":"open","sticky":false,"template":"","format":"standard","meta":{"footnotes":""},"categories":[10],"tags":[],"class_list":["post-148570","post","type-post","status-publish","format-standard","has-post-thumbnail","hentry","category-ferias"],"_links":{"self":[{"href":"https:\/\/enolife.com.ar\/es\/wp-json\/wp\/v2\/posts\/148570","targetHints":{"allow":["GET"]}}],"collection":[{"href":"https:\/\/enolife.com.ar\/es\/wp-json\/wp\/v2\/posts"}],"about":[{"href":"https:\/\/enolife.com.ar\/es\/wp-json\/wp\/v2\/types\/post"}],"author":[{"embeddable":true,"href":"https:\/\/enolife.com.ar\/es\/wp-json\/wp\/v2\/users\/2"}],"replies":[{"embeddable":true,"href":"https:\/\/enolife.com.ar\/es\/wp-json\/wp\/v2\/comments?post=148570"}],"version-history":[{"count":0,"href":"https:\/\/enolife.com.ar\/es\/wp-json\/wp\/v2\/posts\/148570\/revisions"}],"wp:featuredmedia":[{"embeddable":true,"href":"https:\/\/enolife.com.ar\/es\/wp-json\/wp\/v2\/media\/148581"}],"wp:attachment":[{"href":"https:\/\/enolife.com.ar\/es\/wp-json\/wp\/v2\/media?parent=148570"}],"wp:term":[{"taxonomy":"category","embeddable":true,"href":"https:\/\/enolife.com.ar\/es\/wp-json\/wp\/v2\/categories?post=148570"},{"taxonomy":"post_tag","embeddable":true,"href":"https:\/\/enolife.com.ar\/es\/wp-json\/wp\/v2\/tags?post=148570"}],"curies":[{"name":"wp","href":"https:\/\/api.w.org\/{rel}","templated":true}]}}