{"id":148464,"date":"2025-06-14T13:37:04","date_gmt":"2025-06-14T13:37:04","guid":{"rendered":"https:\/\/enolife.com.ar\/es\/?p=148464"},"modified":"2025-06-16T15:21:57","modified_gmt":"2025-06-16T15:21:57","slug":"__trashed-9","status":"publish","type":"post","link":"https:\/\/enolife.com.ar\/es\/__trashed-9\/","title":{"rendered":"Irrigaci\u00f3n Mendoza tiene la vicepresidencia en la entidad que regula la pol\u00edtica h\u00eddrica de Argentina"},"content":{"rendered":"\n<h4 class=\"wp-block-heading\"><em><strong>El Consejo H\u00eddrico Federal (Cohife) eligi\u00f3 nuevas autoridades para el per\u00edodo 2025\/2026. La presidencia ser\u00e1 asumida por Edgar Castell\u00f3 de C\u00f3rdoba, y el Departamento General de Irrigaci\u00f3n de Mendoza ocupar\u00e1 la vicepresidencia a trav\u00e9s del actual\u00a0Consejero del Honorable Tribunal Administrativo de Irrigaci\u00f3n por la cuenca del r\u00edo Atuel, Gustavo Villegas.\u00a0<\/strong><\/em><\/h4>\n\n\n\n<div style=\"height:35px\" aria-hidden=\"true\" class=\"wp-block-spacer\"><\/div>\n\n\n<a href=\"https:\/\/www.irrigacion.gov.ar\/web\/\" aria-label=\"irrigaci\u00f3n-1700X500\"><img loading=\"lazy\" decoding=\"async\" src=\"https:\/\/enolife.com.ar\/es\/wp-content\/uploads\/2021\/02\/irrigacion-1700X500.gif\" alt=\"\"  width=\"1700\" height=\"500\"   \/><\/a>\n\n\n<div style=\"height:45px\" aria-hidden=\"true\" class=\"wp-block-spacer\"><\/div>\n\n\n\n<p>El <strong>Consejo H\u00eddrico Federal (Cohife)<\/strong> es una instituci\u00f3n de derecho p\u00fablico creada como instancia federal para el tratamiento de los aspectos de car\u00e1cter global, estrat\u00e9gico, interjurisdiccional e internacional de los<strong> recursos h\u00eddricos<\/strong> conformada por los <strong>Estados Provinciales<\/strong>, la C<strong>iudad Aut\u00f3noma de Buenos Aires<\/strong> y el <strong>Estado Nacional argentino.<\/strong><\/p>\n\n\n\n<div style=\"height:30px\" aria-hidden=\"true\" class=\"wp-block-spacer\"><\/div>\n\n\n<div class=\"wp-block-image\">\n<figure class=\"aligncenter size-full is-resized\"><a href=\"https:\/\/enolife.com.ar\/es\/wp-content\/uploads\/2025\/06\/504939722_1183083370528056_4338471483287768086_n.jpg\" data-rel=\"penci-gallery-image-content\" ><img loading=\"lazy\" decoding=\"async\" width=\"871\" height=\"500\" src=\"https:\/\/enolife.com.ar\/es\/wp-content\/uploads\/2025\/06\/504939722_1183083370528056_4338471483287768086_n.jpg\" alt=\"\" class=\"wp-image-148565\" style=\"width:594px;height:auto\" srcset=\"https:\/\/enolife.com.ar\/es\/wp-content\/uploads\/2025\/06\/504939722_1183083370528056_4338471483287768086_n.jpg 871w, https:\/\/enolife.com.ar\/es\/wp-content\/uploads\/2025\/06\/504939722_1183083370528056_4338471483287768086_n-300x172.jpg 300w, https:\/\/enolife.com.ar\/es\/wp-content\/uploads\/2025\/06\/504939722_1183083370528056_4338471483287768086_n-768x441.jpg 768w, https:\/\/enolife.com.ar\/es\/wp-content\/uploads\/2025\/06\/504939722_1183083370528056_4338471483287768086_n-585x336.jpg 585w\" sizes=\"auto, (max-width: 871px) 100vw, 871px\" \/><\/a><figcaption class=\"wp-element-caption\"><strong><em>45\u00b0 Asamblea Ordinaria del Cohife<\/em><\/strong>.<\/figcaption><\/figure><\/div>\n\n\n<div style=\"height:45px\" aria-hidden=\"true\" class=\"wp-block-spacer\"><\/div>\n\n\n\n<p>Entre otras funciones, su prop\u00f3sito es <strong>promover el desarrollo arm\u00f3nico e integral del pa\u00eds en materia del agua<\/strong>, en el marco de los <strong>Principios Rectores de Pol\u00edtica H\u00eddrica de la Rep\u00fablica Argentina, <\/strong>participando en la formulaci\u00f3n y el seguimiento estrat\u00e9gico de la pol\u00edtica h\u00eddrica nacional, a los fines de una gesti\u00f3n integrada, respetando el dominio originario sobre los recursos h\u00eddricos que ostentan las provincias argentinas. <\/p>\n\n\n\n<p>Los d\u00edas 4, 5 y 6 de junio de 2025 se realiz\u00f3 la 45\u00b0 Asamblea Ordinaria de la entidad en la ciudad de C\u00f3rdoba, durante la cual se eligi\u00f3 el nuevo consejo directivo para el per\u00edodo 2025\/2026, que qued\u00f3 conformado de la siguiente manera:<\/p>\n\n\n\n<ul class=\"wp-block-list\">\n<li>Presidencia del Consejo H\u00eddrico Federal: Provincia de C\u00f3rdoba, a cargo del Ing. Edgar Castell\u00f3 <\/li>\n\n\n\n<li>Vicepresidencia: Provincia de Mendoza, a cargo del Dr. Gustavo Villegas<\/li>\n<\/ul>\n\n\n\n<div style=\"height:30px\" aria-hidden=\"true\" class=\"wp-block-spacer\"><\/div>\n\n\n<div class=\"wp-block-image\">\n<figure class=\"aligncenter size-full is-resized\"><a href=\"https:\/\/enolife.com.ar\/es\/wp-content\/uploads\/2025\/06\/Villegas-1.jpeg\" data-rel=\"penci-gallery-image-content\" ><img loading=\"lazy\" decoding=\"async\" width=\"906\" height=\"500\" src=\"https:\/\/enolife.com.ar\/es\/wp-content\/uploads\/2025\/06\/Villegas-1.jpeg\" alt=\"\" class=\"wp-image-148562\" style=\"width:594px;height:auto\" srcset=\"https:\/\/enolife.com.ar\/es\/wp-content\/uploads\/2025\/06\/Villegas-1.jpeg 906w, https:\/\/enolife.com.ar\/es\/wp-content\/uploads\/2025\/06\/Villegas-1-300x166.jpeg 300w, https:\/\/enolife.com.ar\/es\/wp-content\/uploads\/2025\/06\/Villegas-1-768x424.jpeg 768w, https:\/\/enolife.com.ar\/es\/wp-content\/uploads\/2025\/06\/Villegas-1-585x323.jpeg 585w\" sizes=\"auto, (max-width: 906px) 100vw, 906px\" \/><\/a><figcaption class=\"wp-element-caption\"><strong><em>Edgar Castell\u00f3 y Gustavo Villegas<\/em><\/strong>.<\/figcaption><\/figure><\/div>\n\n\n<div style=\"height:35px\" aria-hidden=\"true\" class=\"wp-block-spacer\"><\/div>\n\n\n\n<p>Las provincias que integraran el Comit\u00e9 Ejecutivo, junto al Estado Nacional, en el per\u00edodo 2025\/2026, seg\u00fan los acuerdos de cada una de las regiones, son: C\u00f3rdoba, Corrientes, Mendoza, Misiones, Santa Cruz y Tucum\u00e1n.<\/p>\n\n\n\n<div style=\"height:30px\" aria-hidden=\"true\" class=\"wp-block-spacer\"><\/div>\n\n\n<div class=\"wp-block-image\">\n<figure class=\"aligncenter size-full is-resized\"><a href=\"https:\/\/enolife.com.ar\/es\/wp-content\/uploads\/2025\/06\/image-26.png\" data-rel=\"penci-gallery-image-content\" ><img loading=\"lazy\" decoding=\"async\" width=\"698\" height=\"568\" src=\"https:\/\/enolife.com.ar\/es\/wp-content\/uploads\/2025\/06\/image-26.png\" alt=\"\" class=\"wp-image-148558\" style=\"width:503px;height:auto\" srcset=\"https:\/\/enolife.com.ar\/es\/wp-content\/uploads\/2025\/06\/image-26.png 698w, https:\/\/enolife.com.ar\/es\/wp-content\/uploads\/2025\/06\/image-26-300x244.png 300w, https:\/\/enolife.com.ar\/es\/wp-content\/uploads\/2025\/06\/image-26-585x476.png 585w\" sizes=\"auto, (max-width: 698px) 100vw, 698px\" \/><\/a><\/figure><\/div>\n\n\n<div style=\"height:30px\" aria-hidden=\"true\" class=\"wp-block-spacer\"><\/div>\n\n\n\n<p><strong>Representantes:<\/strong><\/p>\n\n\n\n<ul class=\"wp-block-list\">\n<li>C\u00f3rdoba &#8211; Titular: Edgar Castell\u00f3 | Alterno: Cesar Suaya<\/li>\n\n\n\n<li>Corriente &#8211; Titular: Mario Salvia | Alterno: Osmar Dufort<\/li>\n\n\n\n<li>Mendoza &#8211; Titular: Sergio Leandro Marinelli | Alterno: Leonardo Rub\u00e9n Muzzino | Alterno 2: Gustavo Villegas<\/li>\n\n\n\n<li>Misiones &#8211; Titular: Joaqu\u00edn Sanchez | Alterno: Mariano Grillo | Alterno 2: Osvaldo Mayo<\/li>\n\n\n\n<li>Santa Cruz &#8211; Titular: Jaime Horacio \u00c1lvarez | Alterno: Juan Moyano<\/li>\n\n\n\n<li>Tucum\u00e1n &#8211; Titular: Jorge Luis Carreo | Alterna: Mar\u00eda Noe Riat<\/li>\n\n\n\n<li>Naci\u00f3n &#8211; Titular: Bernardo Bartolom\u00e9 Heredia | Alterno: Ignacio Enriquez<\/li>\n<\/ul>\n","protected":false},"excerpt":{"rendered":"<p>El Consejo H\u00eddrico Federal (Cohife) eligi\u00f3 nuevas autoridades para el per\u00edodo 2025\/2026. La presidencia ser\u00e1&hellip;<\/p>\n","protected":false},"author":2,"featured_media":148568,"comment_status":"open","ping_status":"open","sticky":false,"template":"","format":"standard","meta":{"footnotes":""},"categories":[14],"tags":[],"class_list":["post-148464","post","type-post","status-publish","format-standard","has-post-thumbnail","hentry","category-news"],"_links":{"self":[{"href":"https:\/\/enolife.com.ar\/es\/wp-json\/wp\/v2\/posts\/148464","targetHints":{"allow":["GET"]}}],"collection":[{"href":"https:\/\/enolife.com.ar\/es\/wp-json\/wp\/v2\/posts"}],"about":[{"href":"https:\/\/enolife.com.ar\/es\/wp-json\/wp\/v2\/types\/post"}],"author":[{"embeddable":true,"href":"https:\/\/enolife.com.ar\/es\/wp-json\/wp\/v2\/users\/2"}],"replies":[{"embeddable":true,"href":"https:\/\/enolife.com.ar\/es\/wp-json\/wp\/v2\/comments?post=148464"}],"version-history":[{"count":0,"href":"https:\/\/enolife.com.ar\/es\/wp-json\/wp\/v2\/posts\/148464\/revisions"}],"wp:featuredmedia":[{"embeddable":true,"href":"https:\/\/enolife.com.ar\/es\/wp-json\/wp\/v2\/media\/148568"}],"wp:attachment":[{"href":"https:\/\/enolife.com.ar\/es\/wp-json\/wp\/v2\/media?parent=148464"}],"wp:term":[{"taxonomy":"category","embeddable":true,"href":"https:\/\/enolife.com.ar\/es\/wp-json\/wp\/v2\/categories?post=148464"},{"taxonomy":"post_tag","embeddable":true,"href":"https:\/\/enolife.com.ar\/es\/wp-json\/wp\/v2\/tags?post=148464"}],"curies":[{"name":"wp","href":"https:\/\/api.w.org\/{rel}","templated":true}]}}