{"id":14845,"date":"2020-06-24T15:16:22","date_gmt":"2020-06-24T15:16:22","guid":{"rendered":"http:\/\/enolife.com.ar\/es\/?p=14845"},"modified":"2020-06-28T16:38:33","modified_gmt":"2020-06-28T16:38:33","slug":"reciclaran-300-fardos-de-envases-plasticos-de-agroquimicos-en-postes-para-vina","status":"publish","type":"post","link":"https:\/\/enolife.com.ar\/es\/reciclaran-300-fardos-de-envases-plasticos-de-agroquimicos-en-postes-para-vina\/","title":{"rendered":"Reciclar\u00e1n 300 fardos de envases pl\u00e1sticos de agroqu\u00edmicos en postes para vi\u00f1a"},"content":{"rendered":"\n<h4 class=\"wp-block-heading\"><em><strong>El Instituto de Calidad y Sanidad Agropecuaria de Mendoza (Iscamen) y la Municipalidad de Jun\u00edn recolectaron y enviaron a la empresa Maderas Pl\u00e1sticas Mendoza (MPM) varias toneladas de envases compactados para su transformaci\u00f3n en postes para vid. La iniciativa forma parte de un proyecto social impulsado por distintos organismos de gobierno, recuperadores urbanos de materiales reciclables y MPM. Se busca reemplazar en parte los 5 millones de postes de madera (que equivalen a 1,5 millones de \u00e1rboles talados) que se utilizan en Mendoza cada a\u00f1o.<\/strong><\/em><\/h4>\n\n\n\n<div style=\"height:20px\" aria-hidden=\"true\" class=\"wp-block-spacer\"><\/div>\n\n\n\n<p>A fines de 2017, tres j\u00f3venes emprendedores mendocinos, oriundos de Jun\u00edn, Mendoza, se asociaron en una original empresa, con objetivos tanto comerciales como ecol\u00f3gicos y de ayuda social. La idea de P\u00edo de Amoriza, Leonardo Cano y Carlos Arce<em>&nbsp;<\/em>fue convertir basura pl\u00e1stica en postes para vi\u00f1as, generando as\u00ed trabajo para recolectores urbanos de residuos y otros proveedores y abasteciendo a los viticultores mendocinos, quienes, con el fin de sostener las vides, utilizan cada a\u00f1o, s\u00f3lo en Mendoza, entre 5 y 6 millones de postes de madera, que equivalen a unos 1,5 millones de \u00e1rboles talados.<\/p>\n\n\n\n<p>El proyecto \u201cMadera pl\u00e1stica\u201d interes\u00f3 a organismos nacionales que impulsan este tipo de emprendimientos, a tal punto que result\u00f3 uno de los ganadores en el premio Mentes Transformadoras 2018, entregados a mediados de ese a\u00f1o. Una de las varias razones por las que les otorgaron el galard\u00f3n fue que en la fabricaci\u00f3n de los postes no se utiliza agua, con la consiguiente reducci\u00f3n en la huella de carbono del producto terminado.<\/p>\n\n\n\n<div style=\"height:20px\" aria-hidden=\"true\" class=\"wp-block-spacer\"><\/div>\n\n\n\n<div class=\"wp-block-image\"><figure class=\"aligncenter size-large\"><img loading=\"lazy\" decoding=\"async\" width=\"608\" height=\"411\" src=\"https:\/\/enolife.com.ar\/es\/wp-content\/uploads\/2020\/06\/image-26.png\" alt=\"\" class=\"wp-image-15099\" srcset=\"https:\/\/enolife.com.ar\/es\/wp-content\/uploads\/2020\/06\/image-26.png 608w, https:\/\/enolife.com.ar\/es\/wp-content\/uploads\/2020\/06\/image-26-300x203.png 300w, https:\/\/enolife.com.ar\/es\/wp-content\/uploads\/2020\/06\/image-26-585x395.png 585w\" sizes=\"auto, (max-width: 608px) 100vw, 608px\" \/><figcaption><strong>P\u00edo de Amoriza, Leonardo Cano y Carlos Arce<\/strong><\/figcaption><\/figure><\/div>\n\n\n\n<div style=\"height:20px\" aria-hidden=\"true\" class=\"wp-block-spacer\"><\/div>\n\n\n\n<p class=\"has-background has-light-green-cyan-background-color\"><strong>El proyecto \u00abMadera pl\u00e1stica\u00bb<\/strong><br><br>El proyecto ganador del premio Mentes Transformadoras consisti\u00f3 en la fabricaci\u00f3n de postes de madera pl\u00e1stica para vi\u00f1as, hechos de material 100 % reciclado y sin uso de agua, resistentes a inclemencias clim\u00e1ticas, humedad, insectos y productos qu\u00edmicos, evitando la tala de \u00e1rboles y reduciendo la cantidad de residuos.<\/p>\n\n\n\n<div style=\"height:20px\" aria-hidden=\"true\" class=\"wp-block-spacer\"><\/div>\n\n\n\n<div class=\"wp-block-image\"><figure class=\"alignleft is-resized\"><img loading=\"lazy\" decoding=\"async\" src=\"https:\/\/static.wixstatic.com\/media\/448e8b_31ce04bfa3c74e4287fe009a76bb29d3~mv2.jpeg\/v1\/fill\/w_460,h_520,al_c,q_80,usm_0.66_1.00_0.01\/WhatsApp%20Image%202019-01-28%20at%209_36_56%20PM_.webp\" alt=\"Inicio | Madera Pl\u00e1stica Mendoza\" width=\"159\" height=\"180\"\/><\/figure><\/div>\n\n\n\n<p>Tras la puesta en marcha de la empresa Maderas Pl\u00e1sticas Mendoza (MPM), que ya provee los postes a varias bodegas mendocinas, varios organismos mendocinos como el Iscamen y la Municipalidad de Jun\u00edn coordinaron acciones de cooperaci\u00f3n y acordaron, hace pocos d\u00edas, el env\u00edo de una carga de varias toneladas de envases pl\u00e1sticos de agroqu\u00edmicos a MPM. Los residuos fueron comprados a recolectores urbanos y se destinar\u00e1n a postes que ir\u00e1n a las vi\u00f1as mendocinas. El env\u00edo se realiz\u00f3 en el marco de la ley nacional 27.279, que establece los presupuestos m\u00ednimos de protecci\u00f3n ambiental para la gesti\u00f3n de los envases vac\u00edos de fitosanitarios, los que requieren de una gesti\u00f3n diferenciada y condicionada.<\/p>\n\n\n\n<div style=\"height:20px\" aria-hidden=\"true\" class=\"wp-block-spacer\"><\/div>\n\n\n\n<blockquote class=\"wp-block-quote is-layout-flow wp-block-quote-is-layout-flow\"><p>\u201cTenemos un convenio con la Municipalidad de Jun\u00edn, formamos parte de la planta de reciclaje que trabaja con ladrillos de PET y botellas pl\u00e1sticas que luego se destinan a la construcci\u00f3n de viviendas sociales. Recibimos material de todo tipo que normalmente no se recicla (restos de malla antigranizo, entre otros) y nuestro proceso permite hacerlo sin problemas. La idea es expandir esta iniciativa a otros municipios\u201d. <\/p><cite>Leonardo Cano, de Maderas Pl\u00e1sticas Mendoza<\/cite><\/blockquote>\n\n\n\n<div style=\"height:20px\" aria-hidden=\"true\" class=\"wp-block-spacer\"><\/div>\n\n\n\n<p>Con este tipo de acciones se da un destino productivo a estos envases, que son tipificados \u201cTipo A\u201d por la normativa a nivel nacional , ya que fueron sometidos a la t\u00e9cnica del triple lavado, tarea de car\u00e1cter obligatorio que debe realizar el usuario o quien aplique productos agroqu\u00edmicos.<\/p>\n\n\n\n<div style=\"height:20px\" aria-hidden=\"true\" class=\"wp-block-spacer\"><\/div>\n","protected":false},"excerpt":{"rendered":"<p>El Instituto de Calidad y Sanidad Agropecuaria de Mendoza (Iscamen) y la Municipalidad de Jun\u00edn&hellip;<\/p>\n","protected":false},"author":3,"featured_media":14902,"comment_status":"open","ping_status":"open","sticky":false,"template":"","format":"standard","meta":{"footnotes":""},"categories":[5],"tags":[],"class_list":["post-14845","post","type-post","status-publish","format-standard","has-post-thumbnail","hentry","category-fincas"],"_links":{"self":[{"href":"https:\/\/enolife.com.ar\/es\/wp-json\/wp\/v2\/posts\/14845","targetHints":{"allow":["GET"]}}],"collection":[{"href":"https:\/\/enolife.com.ar\/es\/wp-json\/wp\/v2\/posts"}],"about":[{"href":"https:\/\/enolife.com.ar\/es\/wp-json\/wp\/v2\/types\/post"}],"author":[{"embeddable":true,"href":"https:\/\/enolife.com.ar\/es\/wp-json\/wp\/v2\/users\/3"}],"replies":[{"embeddable":true,"href":"https:\/\/enolife.com.ar\/es\/wp-json\/wp\/v2\/comments?post=14845"}],"version-history":[{"count":0,"href":"https:\/\/enolife.com.ar\/es\/wp-json\/wp\/v2\/posts\/14845\/revisions"}],"wp:featuredmedia":[{"embeddable":true,"href":"https:\/\/enolife.com.ar\/es\/wp-json\/wp\/v2\/media\/14902"}],"wp:attachment":[{"href":"https:\/\/enolife.com.ar\/es\/wp-json\/wp\/v2\/media?parent=14845"}],"wp:term":[{"taxonomy":"category","embeddable":true,"href":"https:\/\/enolife.com.ar\/es\/wp-json\/wp\/v2\/categories?post=14845"},{"taxonomy":"post_tag","embeddable":true,"href":"https:\/\/enolife.com.ar\/es\/wp-json\/wp\/v2\/tags?post=14845"}],"curies":[{"name":"wp","href":"https:\/\/api.w.org\/{rel}","templated":true}]}}