{"id":148326,"date":"2025-06-09T19:16:10","date_gmt":"2025-06-09T19:16:10","guid":{"rendered":"https:\/\/enolife.com.ar\/es\/?p=148326"},"modified":"2025-06-10T23:40:51","modified_gmt":"2025-06-10T23:40:51","slug":"cuales-son-los-desafios-de-la-nueva-vitivinicultura-en-argentina-en-una-charla-de-marcelo-canatella","status":"publish","type":"post","link":"https:\/\/enolife.com.ar\/es\/cuales-son-los-desafios-de-la-nueva-vitivinicultura-en-argentina-en-una-charla-de-marcelo-canatella\/","title":{"rendered":"Cu\u00e1les son los desaf\u00edos de la nueva vitivinicultura en Argentina, en una charla de Marcelo Canatella"},"content":{"rendered":"\n<h4 class=\"wp-block-heading\"><em><strong>El jueves 12 de junio a las 18.30 hs, la Academia Argentina de la Vid y el Vino invita a la charla que se realizar\u00e1 en el SUM del Instituto Nacional de Vitivinicultura (INV) \u00abLa nueva Argentina vitivin\u00edcola, desaf\u00edos y oportunidades\u00bb. Disertar\u00e1 el ingeniero agr\u00f3nomo Marcelo Canatella y moderar\u00e1 Carlos Rodriguez Villa. La actividad es gratuita con previa reserva.<\/strong><\/em><\/h4>\n\n\n\n<div style=\"height:35px\" aria-hidden=\"true\" class=\"wp-block-spacer\"><\/div>\n\n\n\n\n\n<div style=\"height:45px\" aria-hidden=\"true\" class=\"wp-block-spacer\"><\/div>\n\n\n<div class=\"wp-block-image\">\n<figure class=\"alignleft size-full is-resized\"><a href=\"https:\/\/enolife.com.ar\/es\/wp-content\/uploads\/2025\/06\/WhatsApp-Image-2025-06-09-at-12.47.48.jpeg\" data-rel=\"penci-gallery-image-content\" ><img loading=\"lazy\" decoding=\"async\" width=\"666\" height=\"500\" src=\"https:\/\/enolife.com.ar\/es\/wp-content\/uploads\/2025\/06\/WhatsApp-Image-2025-06-09-at-12.47.48.jpeg\" alt=\"\" class=\"wp-image-148327\" style=\"width:360px;height:auto\" srcset=\"https:\/\/enolife.com.ar\/es\/wp-content\/uploads\/2025\/06\/WhatsApp-Image-2025-06-09-at-12.47.48.jpeg 666w, https:\/\/enolife.com.ar\/es\/wp-content\/uploads\/2025\/06\/WhatsApp-Image-2025-06-09-at-12.47.48-300x225.jpeg 300w, https:\/\/enolife.com.ar\/es\/wp-content\/uploads\/2025\/06\/WhatsApp-Image-2025-06-09-at-12.47.48-585x439.jpeg 585w\" sizes=\"auto, (max-width: 666px) 100vw, 666px\" \/><\/a><\/figure><\/div>\n\n\n<p>Los principales desaf\u00edos clim\u00e1ticos para la vitivinicultura argentina son&nbsp;la variabilidad de las temperaturas, las lluvias intensas, el granizo, las heladas tard\u00edas y la crisis h\u00eddrica.&nbsp;Estos fen\u00f3menos alteran los ciclos de maduraci\u00f3n de la uva, impactando la calidad del vino y la producci\u00f3n, obligando a los viticultores a adaptarse con nuevas estrategias.<\/p>\n\n\n\n<p>Con la finalidad de comprender cu\u00e1les son estos cambios, c\u00f3mo afrontarlos y cu\u00e1les son las ventajas que presenta Argentina en este sentido, respecto de otras regiones vitivin\u00edcolas del mundo, la Academia Argentina de la Vid y el Vino, invita a una charla no arancelada, dictada por el ingeniero agr\u00f3nomo Marcelo Canatella.<\/p>\n\n\n\n<p class=\"has-background\" style=\"background-color:#abb7c25c\">Ser\u00e1 el <strong>jueves 12\/6 <\/strong>a las <strong>18.30 hs <\/strong>en el<strong> SUM del INV (Mendoza), <\/strong>ingresando por la calle Virgen del Carmen<strong>. Para participar se debe reservar por mail a: <a href=\"mailto:secretaria.aavv@gmail.com\">secretaria.aavv@gmail.com<\/a><\/strong><\/p>\n\n\n\n<div style=\"height:35px\" aria-hidden=\"true\" class=\"wp-block-spacer\"><\/div>\n\n\n<div class=\"wp-block-image\">\n<figure class=\"alignleft size-full\"><a href=\"https:\/\/enolife.com.ar\/es\/wp-content\/uploads\/2025\/06\/image-20.png\" data-rel=\"penci-gallery-image-content\" ><img loading=\"lazy\" decoding=\"async\" width=\"200\" height=\"200\" src=\"https:\/\/enolife.com.ar\/es\/wp-content\/uploads\/2025\/06\/image-20.png\" alt=\"\" class=\"wp-image-148333\" srcset=\"https:\/\/enolife.com.ar\/es\/wp-content\/uploads\/2025\/06\/image-20.png 200w, https:\/\/enolife.com.ar\/es\/wp-content\/uploads\/2025\/06\/image-20-150x150.png 150w\" sizes=\"auto, (max-width: 200px) 100vw, 200px\" \/><\/a><\/figure><\/div>\n\n\n<p class=\"has-medium-font-size\"><strong>Marcelo Canatella <\/strong><\/p>\n\n\n\n<p>Es ingeniero agr\u00f3nomo y cuenta con una destacada trayectoria en el \u00e1mbito vitivin\u00edcola. Nacido en Mendoza, egres\u00f3 del Liceo Agr\u00edcola y Enol\u00f3gico \u201cDomingo Faustino Sarmiento\u201d y obtuvo su t\u00edtulo universitario en la Facultad de Ciencias Agrarias de la Universidad Nacional de Cuyo, donde es docente. Tiene un t\u00edtulo de posgrado en Planeamiento y Gesti\u00f3n de Calidad del vi\u00f1edo al vino. Autor del libro \u00abPlantaci\u00f3n exitosa de vi\u00f1edos\u00bb y co-autor de \u00abTopograf\u00eda agr\u00edcola\u00bb. Asesor del \u00e1rea vit\u00edcola del laboratorio EnoRolland.<\/p>\n\n\n\n<p>Desde 1998, trabaja en viticultura de alta gama y se ha especializado en el manejo org\u00e1nico y sostenible de vi\u00f1edos. Es cofundador de la plataforma Vanguarvid, un portal de contenidos vit\u00edcolas y enol\u00f3gicos creado para quienes quieren aprender y disfrutar de la vid y el vino. Es una figura clave en la promoci\u00f3n de pr\u00e1cticas sostenibles y en el desarrollo de nuevas t\u00e9cnicas para la producci\u00f3n de uvas de calidad, consolidando as\u00ed su reputaci\u00f3n como un l\u00edder en el campo de la vitivinicultura de alta gama.<\/p>\n\n\n\n<div style=\"height:30px\" aria-hidden=\"true\" class=\"wp-block-spacer\"><\/div>\n","protected":false},"excerpt":{"rendered":"<p>El jueves 12 de junio a las 18.30 hs, la Academia Argentina de la Vid&hellip;<\/p>\n","protected":false},"author":2,"featured_media":148340,"comment_status":"open","ping_status":"open","sticky":false,"template":"","format":"standard","meta":{"footnotes":""},"categories":[47],"tags":[],"class_list":["post-148326","post","type-post","status-publish","format-standard","has-post-thumbnail","hentry","category-agenda"],"_links":{"self":[{"href":"https:\/\/enolife.com.ar\/es\/wp-json\/wp\/v2\/posts\/148326","targetHints":{"allow":["GET"]}}],"collection":[{"href":"https:\/\/enolife.com.ar\/es\/wp-json\/wp\/v2\/posts"}],"about":[{"href":"https:\/\/enolife.com.ar\/es\/wp-json\/wp\/v2\/types\/post"}],"author":[{"embeddable":true,"href":"https:\/\/enolife.com.ar\/es\/wp-json\/wp\/v2\/users\/2"}],"replies":[{"embeddable":true,"href":"https:\/\/enolife.com.ar\/es\/wp-json\/wp\/v2\/comments?post=148326"}],"version-history":[{"count":0,"href":"https:\/\/enolife.com.ar\/es\/wp-json\/wp\/v2\/posts\/148326\/revisions"}],"wp:featuredmedia":[{"embeddable":true,"href":"https:\/\/enolife.com.ar\/es\/wp-json\/wp\/v2\/media\/148340"}],"wp:attachment":[{"href":"https:\/\/enolife.com.ar\/es\/wp-json\/wp\/v2\/media?parent=148326"}],"wp:term":[{"taxonomy":"category","embeddable":true,"href":"https:\/\/enolife.com.ar\/es\/wp-json\/wp\/v2\/categories?post=148326"},{"taxonomy":"post_tag","embeddable":true,"href":"https:\/\/enolife.com.ar\/es\/wp-json\/wp\/v2\/tags?post=148326"}],"curies":[{"name":"wp","href":"https:\/\/api.w.org\/{rel}","templated":true}]}}