{"id":148300,"date":"2025-06-09T20:00:09","date_gmt":"2025-06-09T20:00:09","guid":{"rendered":"https:\/\/enolife.com.ar\/es\/?p=148300"},"modified":"2025-06-11T13:38:19","modified_gmt":"2025-06-11T13:38:19","slug":"invitan-a-descubrir-el-alma-de-las-criollas-con-una-feria-y-jornada-tecnica-el-19-6-en-mendoza","status":"publish","type":"post","link":"https:\/\/enolife.com.ar\/es\/invitan-a-descubrir-el-alma-de-las-criollas-con-una-feria-y-jornada-tecnica-el-19-6-en-mendoza\/","title":{"rendered":"Invitan a descubrir el alma de las uvas criollas con una feria y jornada t\u00e9cnica el 19\/6 en Mendoza"},"content":{"rendered":"\n<h4 class=\"wp-block-heading\"><em><strong>El jueves 19 de junio, Mendoza ser\u00e1 el escenario de \u00abCriollas Full Day\u00bb, un encuentro para reivindicar las uvas criollas como parte fundamental de la identidad vitivin\u00edcola argentina. Organizado por Victoria Brond -en\u00f3loga y creadora de Guardianes de la Naturaleza-, junto a Romina Rol\u00f3n -sommelier y fundadora de Envinados Mendoza-, la jornada contar\u00e1 con un seminario t\u00e9cnico a cargo del INTA EEA Mendoza, y una feria de vinos al atardecer con m\u00fasica y gastronom\u00eda. <\/strong><\/em><\/h4>\n\n\n\n<div style=\"height:35px\" aria-hidden=\"true\" class=\"wp-block-spacer\"><\/div>\n\n\n\n\n\n<div style=\"height:45px\" aria-hidden=\"true\" class=\"wp-block-spacer\"><\/div>\n\n\n\n<p>Con el apoyo de la Municipalidad de la Ciudad de Mendoza, el<strong> jueves 19\/6 <\/strong>se realizar\u00e1 el <strong>\u00abCriolla Full Day\u00bb<\/strong>, organizado por la en\u00f3loga <strong>Victoria Brond<\/strong>, fundadora de Guardianes de la Naturaleza y la sommelier<strong> Romina Rol\u00f3n<\/strong> de Envinados Mendoza.<\/p>\n\n\n<div class=\"wp-block-image\">\n<figure class=\"alignleft size-full is-resized\"><a href=\"https:\/\/enolife.com.ar\/es\/wp-content\/uploads\/2025\/06\/WhatsApp-Image-2025-06-09-at-11.07.53.jpeg\" data-rel=\"penci-gallery-image-content\" ><img loading=\"lazy\" decoding=\"async\" width=\"400\" height=\"500\" src=\"https:\/\/enolife.com.ar\/es\/wp-content\/uploads\/2025\/06\/WhatsApp-Image-2025-06-09-at-11.07.53.jpeg\" alt=\"\" class=\"wp-image-148310\" style=\"width:286px;height:auto\" srcset=\"https:\/\/enolife.com.ar\/es\/wp-content\/uploads\/2025\/06\/WhatsApp-Image-2025-06-09-at-11.07.53.jpeg 400w, https:\/\/enolife.com.ar\/es\/wp-content\/uploads\/2025\/06\/WhatsApp-Image-2025-06-09-at-11.07.53-240x300.jpeg 240w\" sizes=\"auto, (max-width: 400px) 100vw, 400px\" \/><\/a><\/figure><\/div>\n\n\n<p>Por la ma\u00f1ana, de <strong>9 a 13 hs,<\/strong> se realizar\u00e1 una<strong> jornada t\u00e9cnica y degustaci\u00f3n <\/strong>de criollas <strong>en la Casa de San Mart\u00edn<\/strong>, Corrientes 343 de la 4ta secci\u00f3n de Mendoza Capital. El encuentro abrir\u00e1 con un <strong>seminario t\u00e9cnico<\/strong> donde el ingeniero agr\u00f3nomo <strong>Julio Prieto<\/strong>, del <strong>INTA EEA Mendoza <\/strong>expondr\u00e1 las investigaciones de la entidad realizadas sobre las uvas criollas. Se abordar\u00e1 su impacto en el mercado, el consumo y las nuevas ocasiones de disfrute, con la participaci\u00f3n de profesionales especializados en comunicaci\u00f3n vitivin\u00edcola. Tambi\u00e9n se explorar\u00e1 el pasado, presente y futuro de estas variedades, adem\u00e1s de anunciar la creaci\u00f3n de una Asociaci\u00f3n de Productores dedicada a promoverlas de manera colectiva.<\/p>\n\n\n\n<p class=\"has-background\" style=\"background-color:#abb7c278\">El valor de la entrada al seminario es de $50.000 incluyendo el acceso a las charlas y la degustaci\u00f3n de vinos criollos, con un coffee break para los asistentes.<strong> Se pueden comprar <a href=\"https:\/\/docs.google.com\/forms\/d\/e\/1FAIpQLSe7mPCDcgXwi8JQB3x9lxOUc9PnwL0RKjECdNajzg4zTCsziw\/viewform\">AQU\u00cd<\/a><\/strong><\/p>\n\n\n\n<p>Por la tarde, de <strong>17 a 22 hs,<\/strong> ser\u00e1 el turno del <strong>\u00abAtardecer Criollo\u00bb<\/strong>, una feria de vinos de uvas criollas que se llevar\u00e1 a cabo en las <strong>terrazas de la Municipalidad de la Ciudad de Mendoza<\/strong> (9 de julio 500, Mendoza).<\/p>\n\n\n\n<p>Con la ca\u00edda del sol en la majestuosa cordillera como tel\u00f3n de fondo, productores de todo el pa\u00eds compartir\u00e1n sus creaciones en una feria \u00fanica. La m\u00fasica en vivo y la gastronom\u00eda regional complementar\u00e1n la experiencia, en un ambiente ideal para celebrar el renacer de nuestras uvas patrimoniales.<\/p>\n\n\n\n<p>Los <strong>m\u00fasicos <\/strong>invitados son <strong>Lisandro Bert\u00edn <\/strong>y <strong>V\u00edctor Silione<\/strong>, dos referentes del folklore cuyano, que acompa\u00f1ar\u00e1n creando una conmemoraci\u00f3n patria que conectar\u00e1 con las ra\u00edces de la regi\u00f3n. La <strong>gastronom\u00eda<\/strong>, de car\u00e1cter regional, estar\u00e1 a cargo de <strong>Alfredo Morales<\/strong>, reconocido cocinero andino que presentar\u00e1 una propuesta que resaltar\u00e1 los sabores y tradiciones de nuestra tierra.<\/p>\n\n\n\n<p>La entrada a la feria incluir\u00e1 acceso al evento, dos copas de degustaci\u00f3n y show folkl\u00f3rico en vivo, adem\u00e1s, los asistentes tendr\u00e1n la oportunidad de comprar vinos de las bodegas participantes, consumir vinos por copa y disfrutar de la oferta gastron\u00f3mica regional.<\/p>\n\n\n\n<p class=\"has-background\" style=\"background-color:#abb7c252\">El precio para asistentes mendocinos es de $4.400; argentinos -no mendocinos- $5.720; y extranjeros $6.600, se pueden <strong>adquirir en <a href=\"https:\/\/www.entradaweb.com.ar\/evento\/3e80048f\/step\/1\">Entrada Web<\/a><\/strong><\/p>\n\n\n\n<div style=\"height:30px\" aria-hidden=\"true\" class=\"wp-block-spacer\"><\/div>\n\n\n\n<p><\/p>\n","protected":false},"excerpt":{"rendered":"<p>El jueves 19 de junio, Mendoza ser\u00e1 el escenario de \u00abCriollas Full Day\u00bb, un encuentro&hellip;<\/p>\n","protected":false},"author":2,"featured_media":148319,"comment_status":"open","ping_status":"open","sticky":false,"template":"","format":"standard","meta":{"footnotes":""},"categories":[47,56],"tags":[],"class_list":["post-148300","post","type-post","status-publish","format-standard","has-post-thumbnail","hentry","category-agenda","category-destacado"],"_links":{"self":[{"href":"https:\/\/enolife.com.ar\/es\/wp-json\/wp\/v2\/posts\/148300","targetHints":{"allow":["GET"]}}],"collection":[{"href":"https:\/\/enolife.com.ar\/es\/wp-json\/wp\/v2\/posts"}],"about":[{"href":"https:\/\/enolife.com.ar\/es\/wp-json\/wp\/v2\/types\/post"}],"author":[{"embeddable":true,"href":"https:\/\/enolife.com.ar\/es\/wp-json\/wp\/v2\/users\/2"}],"replies":[{"embeddable":true,"href":"https:\/\/enolife.com.ar\/es\/wp-json\/wp\/v2\/comments?post=148300"}],"version-history":[{"count":0,"href":"https:\/\/enolife.com.ar\/es\/wp-json\/wp\/v2\/posts\/148300\/revisions"}],"wp:featuredmedia":[{"embeddable":true,"href":"https:\/\/enolife.com.ar\/es\/wp-json\/wp\/v2\/media\/148319"}],"wp:attachment":[{"href":"https:\/\/enolife.com.ar\/es\/wp-json\/wp\/v2\/media?parent=148300"}],"wp:term":[{"taxonomy":"category","embeddable":true,"href":"https:\/\/enolife.com.ar\/es\/wp-json\/wp\/v2\/categories?post=148300"},{"taxonomy":"post_tag","embeddable":true,"href":"https:\/\/enolife.com.ar\/es\/wp-json\/wp\/v2\/tags?post=148300"}],"curies":[{"name":"wp","href":"https:\/\/api.w.org\/{rel}","templated":true}]}}