{"id":148178,"date":"2025-06-07T15:28:01","date_gmt":"2025-06-07T15:28:01","guid":{"rendered":"https:\/\/enolife.com.ar\/es\/?p=148178"},"modified":"2025-06-09T20:01:09","modified_gmt":"2025-06-09T20:01:09","slug":"acovi-coninagro-y-entidades-rurales-argentinas-piden-continuidad-recursos-y-autarquia-para-el-inta","status":"publish","type":"post","link":"https:\/\/enolife.com.ar\/es\/acovi-coninagro-y-entidades-rurales-argentinas-piden-continuidad-recursos-y-autarquia-para-el-inta\/","title":{"rendered":"Acovi, Coninagro y entidades rurales argentinas piden continuidad, recursos y autarqu\u00eda para el INTA"},"content":{"rendered":"\n<h4 class=\"wp-block-heading\"><em><strong>Desde que el gobierno nacional anunci\u00f3 hace meses reformas y recortes en el funcionamiento del Instituto Nacional de Tecnolog\u00eda Agropecuaria (INTA), distintas organizaciones del agro nacional vienen manifestando su preocupaci\u00f3n por el posible despido de trabajadores y la reducci\u00f3n de presupuestos para esta entidad aut\u00f3noma, que si bien gestiona sus propios fondos y genera recursos genuinos necesita la financiaci\u00f3n del Estado en algunos casos. Transcribimos aqu\u00ed recientes cartas abiertas y declaraciones de apoyo de la Asociaci\u00f3n de Cooperativas Vitivin\u00edcolas Argentinas, Coninagro, Confederaciones Rurales Argentinas y la Mesa de Enlace que las agrupa.<\/strong><\/em><\/h4>\n\n\n\n<div style=\"height:35px\" aria-hidden=\"true\" class=\"wp-block-spacer\"><\/div>\n\n\n\n\n\n<div style=\"height:45px\" aria-hidden=\"true\" class=\"wp-block-spacer\"><\/div>\n\n\n\n<p>Transcribimos textualmente los comunicados de las entidades vitivin\u00edcolas y del campo argentino sobre las anunciadas modificaciones en el funcionamiento del Instituto Nacional de Tecnolog\u00eda Agropecuaria (INTA):<\/p>\n\n\n\n<div style=\"height:35px\" aria-hidden=\"true\" class=\"wp-block-spacer\"><\/div>\n\n\n\n<p class=\"has-medium-font-size\"><strong>Comunicado de Acovi<\/strong><\/p>\n\n\n\n<p>\u00ab<em>Desde la Asociaci\u00f3n de <strong>Cooperativas Vitivin\u00edcolas Argentinas (Acovi<\/strong>\u00ab, reafirmamos nuestro compromiso con el <strong>Instituto Nacional de Tecnolog\u00eda Agropecuaria (INTA).<\/strong><\/em><\/p>\n\n\n\n<p><em>\u00abEsta postura se sustenta en que el sector al cual pertenecemos quiere y necesita que el INTA se siga construyendo en base a su amplia territorialidad y cuente con los recursos para cumplir un rol estrat\u00e9gico en el desarrollo agropecuario nacional.<\/em><\/p>\n\n\n\n<p><em>\u00abParticularmente, su capital humano resulta clave para motorizar esta funci\u00f3n y, por ende, una reducci\u00f3n en su dotaci\u00f3n comprometer\u00eda gravemente la capacidad de respuesta, la continuidad de los procesos de innovaci\u00f3n y el v\u00ednculo construido con los actores locales a lo largo del tiempo.<\/em><\/p>\n\n\n\n<p><em>\u00abPor ello, manifestamos nuestro rechazo y alertamos sobre los efectos irreversibles que podr\u00eda ocasionar en el acompa\u00f1amiento que tan prestigiosa instituci\u00f3n nacional hace a los productores de nuestra provincia y en general de todo nuestro pa\u00eds. <\/em>&nbsp;&nbsp;<\/p>\n\n\n\n<p><em>\u00abEstamos de acuerdo con un Estado eficiente, moderno, con cambios,&nbsp; pero compartimos junto a las Entidades de la Mesa de Enlace (Coninagro &#8211; CRA &#8211; SRA y FA) que hay que sostener tres reclamos fundamentales: que el INTA mantenga su autarqu\u00eda; su gobernanza y su estructura de Centros Regionales, ya que se trata de una herramienta imprescindible para el desarrollo agropecuario.<\/em><\/p>\n\n\n\n<p><em>\u00abLos productores necesitamos al INTA, por su territorialidad y para seguir promoviendo del desarrollo agropecuario y tecnol\u00f3gico de toda la ruralidad argentina.\u00bb<\/em><\/p>\n\n\n\n<div style=\"height:20px\" aria-hidden=\"true\" class=\"wp-block-spacer\"><\/div>\n\n\n<div class=\"wp-block-image\">\n<figure class=\"aligncenter size-full is-resized\"><a href=\"https:\/\/enolife.com.ar\/es\/wp-content\/uploads\/2025\/04\/inta-protesta.jpg\" data-rel=\"penci-gallery-image-content\" ><img loading=\"lazy\" decoding=\"async\" width=\"700\" height=\"467\" src=\"https:\/\/enolife.com.ar\/es\/wp-content\/uploads\/2025\/04\/inta-protesta.jpg\" alt=\"\" class=\"wp-image-144013\" style=\"width:582px;height:auto\" srcset=\"https:\/\/enolife.com.ar\/es\/wp-content\/uploads\/2025\/04\/inta-protesta.jpg 700w, https:\/\/enolife.com.ar\/es\/wp-content\/uploads\/2025\/04\/inta-protesta-300x200.jpg 300w, https:\/\/enolife.com.ar\/es\/wp-content\/uploads\/2025\/04\/inta-protesta-585x390.jpg 585w\" sizes=\"auto, (max-width: 700px) 100vw, 700px\" \/><\/a><figcaption class=\"wp-element-caption\"><em><strong>Trabajadores del INTA, nucleados en la Asociaci\u00f3n de Trabajadores del Estado (ATE), durante una reciente manifestaci\u00f3n en la Ciudad de Buenos Aires.<\/strong><\/em><\/figcaption><\/figure><\/div>\n\n\n<div style=\"height:35px\" aria-hidden=\"true\" class=\"wp-block-spacer\"><\/div>\n\n\n\n<p class=\"has-medium-font-size\"><strong>Comunicado de la Mesa de Enlace de Entidades Agropecuarias (CEEA)<\/strong><\/p>\n\n\n\n<p><strong>Confederaciones Rurales Argentinas (CRA), <\/strong>la<strong> Confederaci\u00f3n Intercooperativa Agropecuaria (Coninagro), <\/strong>la <strong>Sociedad Rural Argentina (SRA) y <\/strong>la <strong>Federaci\u00f3n Agraria Argentina (FAA)<\/strong> coincidieron en que el INTA necesita ser reformado para lograr un funcionamiento m\u00e1s eficiente, pero advirtieron que no est\u00e1n dispuestos a ceder la autarqu\u00eda del Instituto:<\/p>\n\n\n\n<p><em>\u201cLa <strong>Comisi\u00f3n de Enlace de Entidades Agropecuarias (CEEA) <\/strong>reitera su compromiso con el INTA\u00bb,<\/em> comienza el comunicado de la Mesa de Enlace.<\/p>\n\n\n\n<p><em>\u00abAnte las versiones que indican de manera inminente se dictar\u00eda un decreto que modificar\u00eda sustancialmente la estructura y esencia del INTA&#8230;\u201d<\/em>, la Mesa de Enlace solicit\u00f3 una reuni\u00f3n con el secretario de Agricultura, Ganader\u00eda y Pesca de la Naci\u00f3n, <strong>Sergio Iraeta<\/strong>; el presidente del Instituto, <strong>Nicol\u00e1s Bronzovich<\/strong>, y su vicepresidenta, <strong>Mar\u00eda Pilu Giraudo.<\/strong><\/p>\n\n\n\n<p>El encuentro se realiz\u00f3 el martes 3 de junio de 20<strong>25,<\/strong> con la presencia de los presidentes de CRA, <strong>Carlos Castagnani<\/strong>; de Coninagro,<strong> Lucas Magnano<\/strong>; y de la FAA, <strong>Andrea Sarnari<\/strong>; y de la vicepresidente 2\u00b0 de la SRA, <strong>Eloisa Frederking.<\/strong> Tambi\u00e9n estuvieron presentes <strong>Mart\u00edn Fern\u00e1ndez<\/strong>, jefe de Gabinete de la Secretar\u00eda de Agricultura; y los consejeros directivos del INTA de CRA, <em>Sergio Melgarejo<\/em>; de Coninagro <strong>Nicol\u00e1s Carlino<\/strong> y de FAA, <strong>Gustavo Tettamanti<\/strong>.<\/p>\n\n\n\n<p>En este encuentro, <em>\u201cla CEEA coincidi\u00f3 en que son necesarias algunas modificaciones para construir un INTA m\u00e1s eficiente y moderno\u201d,<\/em> indicaron los ruralistas.<\/p>\n\n\n\n<div style=\"height:16px\" aria-hidden=\"true\" class=\"wp-block-spacer\"><\/div>\n\n\n\n<blockquote class=\"wp-block-quote is-layout-flow wp-block-quote-is-layout-flow\">\n<p>\u201cQue el INTA mantenga su autarqu\u00eda; su gobernanza y su estructura de Centros Regionales, ya que se trata de una herramienta imprescindible para el desarrollo agropecuario\u201d.<br><strong>Del comunicado de la Mesa de Enlace de las entidades agropecuarias argentinas.<\/strong><\/p>\n<\/blockquote>\n\n\n\n<div style=\"height:22px\" aria-hidden=\"true\" class=\"wp-block-spacer\"><\/div>\n\n\n\n<p><em>\u201cLos integrantes de la CEEA estamos preocupados y comprometidos con el INTA, ya que los productores quieren y necesitan un organismo eficiente, con amplia territorialidad y que promueva el desarrollo agropecuario en todo el pa\u00eds, para beneficio de todos los argentinos<\/em>. <em>Cualquier medida que atente contra ello, perjudica a todo el sector\u201d<\/em>, finaliz\u00f3 el comunicado de la Mesa de Enlace.<\/p>\n\n\n\n<div style=\"height:30px\" aria-hidden=\"true\" class=\"wp-block-spacer\"><\/div>\n\n\n\n<p><\/p>\n","protected":false},"excerpt":{"rendered":"<p>Desde que el gobierno nacional anunci\u00f3 hace meses reformas y recortes en el funcionamiento del&hellip;<\/p>\n","protected":false},"author":2,"featured_media":49267,"comment_status":"open","ping_status":"open","sticky":false,"template":"","format":"standard","meta":{"footnotes":""},"categories":[14],"tags":[],"class_list":["post-148178","post","type-post","status-publish","format-standard","has-post-thumbnail","hentry","category-news"],"_links":{"self":[{"href":"https:\/\/enolife.com.ar\/es\/wp-json\/wp\/v2\/posts\/148178","targetHints":{"allow":["GET"]}}],"collection":[{"href":"https:\/\/enolife.com.ar\/es\/wp-json\/wp\/v2\/posts"}],"about":[{"href":"https:\/\/enolife.com.ar\/es\/wp-json\/wp\/v2\/types\/post"}],"author":[{"embeddable":true,"href":"https:\/\/enolife.com.ar\/es\/wp-json\/wp\/v2\/users\/2"}],"replies":[{"embeddable":true,"href":"https:\/\/enolife.com.ar\/es\/wp-json\/wp\/v2\/comments?post=148178"}],"version-history":[{"count":0,"href":"https:\/\/enolife.com.ar\/es\/wp-json\/wp\/v2\/posts\/148178\/revisions"}],"wp:featuredmedia":[{"embeddable":true,"href":"https:\/\/enolife.com.ar\/es\/wp-json\/wp\/v2\/media\/49267"}],"wp:attachment":[{"href":"https:\/\/enolife.com.ar\/es\/wp-json\/wp\/v2\/media?parent=148178"}],"wp:term":[{"taxonomy":"category","embeddable":true,"href":"https:\/\/enolife.com.ar\/es\/wp-json\/wp\/v2\/categories?post=148178"},{"taxonomy":"post_tag","embeddable":true,"href":"https:\/\/enolife.com.ar\/es\/wp-json\/wp\/v2\/tags?post=148178"}],"curies":[{"name":"wp","href":"https:\/\/api.w.org\/{rel}","templated":true}]}}