{"id":148112,"date":"2025-06-05T20:03:26","date_gmt":"2025-06-05T20:03:26","guid":{"rendered":"https:\/\/enolife.com.ar\/es\/?p=148112"},"modified":"2025-06-06T13:10:22","modified_gmt":"2025-06-06T13:10:22","slug":"el-iscamen-envia-a-reciclar-10-toneladas-de-envases-vacios-de-agroquimicos-de-160-productores","status":"publish","type":"post","link":"https:\/\/enolife.com.ar\/es\/el-iscamen-envia-a-reciclar-10-toneladas-de-envases-vacios-de-agroquimicos-de-160-productores\/","title":{"rendered":"El Iscamen env\u00eda a reciclar 10 toneladas de envases vac\u00edos de agroqu\u00edmicos de 160 productores"},"content":{"rendered":"\n<h4 class=\"wp-block-heading\"><em><strong>En el D\u00eda Mundial del Ambiente, el Iscamen se suma a la consigna global #SinContaminaci\u00f3nPorPl\u00e1sticos, con el env\u00edo de 10.500 kilogramos de envases vac\u00edos de agroqu\u00edmicos, recolectados gracias a la participaci\u00f3n de 160 productores de la provincia de Mendoza. La carga sali\u00f3 del Centro de Almacenamiento Transitorio (CAT) del Valle de Uco, desde donde se destinaron a reciclado y disposici\u00f3n final 34\u00a0pallets, compuestos por 480 fardos de pl\u00e1stico. <\/strong><\/em><\/h4>\n\n\n\n<div style=\"height:35px\" aria-hidden=\"true\" class=\"wp-block-spacer\"><\/div>\n\n\n\n\n\n<div style=\"height:45px\" aria-hidden=\"true\" class=\"wp-block-spacer\"><\/div>\n\n\n\n<p><strong>A nivel global<\/strong>, se generan anualmente m\u00e1s de <strong>430 millones de toneladas de pl\u00e1stico<\/strong>, de las cuales una porci\u00f3n significativa se convierte en residuos que afectan a los ecosistemas, contaminan cuerpos de agua y se incorporan a la cadena alimentaria, incluso en forma de micropl\u00e1sticos presentes en organismos vivos.<\/p>\n\n\n\n<p>En ese contexto, el Iscamen desarrolla acciones para la recolecci\u00f3n, acondicionamiento y reciclado de envases vac\u00edos de fitosanitarios, como parte de un modelo de gesti\u00f3n orientado a la protecci\u00f3n ambiental y el desarrollo agr\u00edcola sostenible.<\/p>\n\n\n\n<p>En esta oportunidad, desde el <strong>Centro de Almacenamiento Transitorio (CAT) del Valle de Uco <\/strong>se concret\u00f3 el env\u00edo a reciclado y disposici\u00f3n final de <strong>34\u00a0pallets,<\/strong> compuestos por <strong>480 fardos de pl\u00e1stico,<\/strong> con un peso total estimado de <strong>10.500 kilogramos,<\/strong> recolectados gracias a la participaci\u00f3n de <strong>160 productores.<\/strong><\/p>\n\n\n\n<div style=\"height:30px\" aria-hidden=\"true\" class=\"wp-block-spacer\"><\/div>\n\n\n<div class=\"wp-block-image\">\n<figure class=\"aligncenter size-full is-resized\"><a href=\"https:\/\/enolife.com.ar\/es\/wp-content\/uploads\/2025\/06\/IMG-20250604-WA0059.jpg\" data-rel=\"penci-gallery-image-content\" ><img loading=\"lazy\" decoding=\"async\" width=\"837\" height=\"500\" src=\"https:\/\/enolife.com.ar\/es\/wp-content\/uploads\/2025\/06\/IMG-20250604-WA0059.jpg\" alt=\"\" class=\"wp-image-148117\" style=\"width:661px;height:auto\" srcset=\"https:\/\/enolife.com.ar\/es\/wp-content\/uploads\/2025\/06\/IMG-20250604-WA0059.jpg 837w, https:\/\/enolife.com.ar\/es\/wp-content\/uploads\/2025\/06\/IMG-20250604-WA0059-300x179.jpg 300w, https:\/\/enolife.com.ar\/es\/wp-content\/uploads\/2025\/06\/IMG-20250604-WA0059-768x459.jpg 768w, https:\/\/enolife.com.ar\/es\/wp-content\/uploads\/2025\/06\/IMG-20250604-WA0059-585x349.jpg 585w\" sizes=\"auto, (max-width: 837px) 100vw, 837px\" \/><\/a><\/figure><\/div>\n\n\n<div style=\"height:35px\" aria-hidden=\"true\" class=\"wp-block-spacer\"><\/div>\n\n\n\n<p>La actividad agr\u00edcola en Mendoza depende del uso de insumos esenciales para proteger los cultivos, como productos fitosanitarios y bioinsumos, com\u00fanmente utilizados en la producci\u00f3n local de alimentos de origen vegetal. Estos insumos y sus residuos son controlados por el programa Agroqu\u00edmicos del Iscamen, organismo de aplicaci\u00f3n, junto con la Subsecretar\u00eda de Ambiente de la Provincia.<\/p>\n\n\n\n<p>En la provincia, la gesti\u00f3n de envases vac\u00edos de agroqu\u00edmicos comenz\u00f3 a desarrollarse de modo pionero en 1998, bajo el programa Limpiemos el Campo. Con la Ley Nacional 27279 del 2019, impulsada por el modelo del Iscamen, se establecieron los presupuestos m\u00ednimos de protecci\u00f3n ambiental para la gesti\u00f3n de los envases vac\u00edos de fitosanitarios, determinando la obligatoriedad de estas pr\u00e1cticas.<\/p>\n\n\n\n<p>El sistema de recuperaci\u00f3n de envases vac\u00edos impulsa diversas actividades, desde la recolecci\u00f3n en campo hasta el reciclado, con el objeto de brindar un destino productivo a estos envases. La normativa establece que los productores est\u00e1n obligados a entregar los envases en los Centros de Almacenamiento Transitorio (CAT) instalados en la provincia. Mendoza cuenta adem\u00e1s con un entramado de mini-CAT, que conforman puntos de recepci\u00f3n de envases vac\u00edos de agroqu\u00edmicos previamente triple lavados, cercanos a los productores para facilitar la entrega de estos residuos.<\/p>\n\n\n\n<p>Las acciones desarrolladas por el Iscamen en esta materia forman parte de una pol\u00edtica institucional orientada a reducir los impactos ambientales derivados de la actividad agr\u00edcola, promoviendo pr\u00e1cticas sostenibles y el resguardo del patrimonio agroecol\u00f3gico provincial.<\/p>\n","protected":false},"excerpt":{"rendered":"<p>En el D\u00eda Mundial del Ambiente, el Iscamen se suma a la consigna global #SinContaminaci\u00f3nPorPl\u00e1sticos,&hellip;<\/p>\n","protected":false},"author":2,"featured_media":148116,"comment_status":"open","ping_status":"open","sticky":false,"template":"","format":"standard","meta":{"footnotes":""},"categories":[14],"tags":[],"class_list":["post-148112","post","type-post","status-publish","format-standard","has-post-thumbnail","hentry","category-news"],"_links":{"self":[{"href":"https:\/\/enolife.com.ar\/es\/wp-json\/wp\/v2\/posts\/148112","targetHints":{"allow":["GET"]}}],"collection":[{"href":"https:\/\/enolife.com.ar\/es\/wp-json\/wp\/v2\/posts"}],"about":[{"href":"https:\/\/enolife.com.ar\/es\/wp-json\/wp\/v2\/types\/post"}],"author":[{"embeddable":true,"href":"https:\/\/enolife.com.ar\/es\/wp-json\/wp\/v2\/users\/2"}],"replies":[{"embeddable":true,"href":"https:\/\/enolife.com.ar\/es\/wp-json\/wp\/v2\/comments?post=148112"}],"version-history":[{"count":0,"href":"https:\/\/enolife.com.ar\/es\/wp-json\/wp\/v2\/posts\/148112\/revisions"}],"wp:featuredmedia":[{"embeddable":true,"href":"https:\/\/enolife.com.ar\/es\/wp-json\/wp\/v2\/media\/148116"}],"wp:attachment":[{"href":"https:\/\/enolife.com.ar\/es\/wp-json\/wp\/v2\/media?parent=148112"}],"wp:term":[{"taxonomy":"category","embeddable":true,"href":"https:\/\/enolife.com.ar\/es\/wp-json\/wp\/v2\/categories?post=148112"},{"taxonomy":"post_tag","embeddable":true,"href":"https:\/\/enolife.com.ar\/es\/wp-json\/wp\/v2\/tags?post=148112"}],"curies":[{"name":"wp","href":"https:\/\/api.w.org\/{rel}","templated":true}]}}