{"id":148023,"date":"2025-06-05T14:16:01","date_gmt":"2025-06-05T14:16:01","guid":{"rendered":"https:\/\/enolife.com.ar\/es\/?p=148023"},"modified":"2025-06-07T13:14:05","modified_gmt":"2025-06-07T13:14:05","slug":"vinexpo-explorer-ya-tiene-100-bodegas-inscriptas-para-recibir-80-compradores-internacionales","status":"publish","type":"post","link":"https:\/\/enolife.com.ar\/es\/vinexpo-explorer-ya-tiene-100-bodegas-inscriptas-para-recibir-80-compradores-internacionales\/","title":{"rendered":"Vinexpo Explorer ya tiene 100 bodegas inscriptas para recibir 80 compradores internacionales"},"content":{"rendered":"\n<h4 class=\"wp-block-heading\"><em><strong>Del 6 al 9 de octubre se realizar\u00e1 en Mendoza la Vinexpo Explorer, evento internacional clave para el sector vitivin\u00edcola, para el cual ya se inscribieron 100 bodegas de la provincia. Organizada por el Gobierno de Mendoza, ProMendoza y la firma francesa Vinexposium, la actividad traer\u00e1 80 compradores internacionales de vino, interesados en adquirir etiquetas de todas las gamas, rangos de precios, varietales y or\u00edgenes para los principales mercados globales.<\/strong><\/em><\/h4>\n\n\n\n<div style=\"height:35px\" aria-hidden=\"true\" class=\"wp-block-spacer\"><\/div>\n\n\n\n\n\n<div style=\"height:45px\" aria-hidden=\"true\" class=\"wp-block-spacer\"><\/div>\n\n\n\n<p>A trav\u00e9s de un convenio realizado entre el gobierno mendocino y Vinexposium -la empresa francesa responsable de exposiciones globales como Vinexpo Am\u00e9ricas, Asia, India, WBWE \u00c1msterdam y Wine Paris- del <strong>6 al 9 de octubre<\/strong> se realizar\u00e1 en <strong>Mendoza <\/strong>la primera edici\u00f3n de <strong>Vinexpo Explorer<\/strong> en Sudam\u00e9rica. Esta actividad itinerante ya tuvo 5 ediciones en Austria, Sonoma County (EE. UU.), Beaujolais (Francia), Quebec (Canad\u00e1) y Virginia (EE. UU.).<\/p>\n\n\n\n<p>El encuentro se perfila como la mayor acci\u00f3n de promoci\u00f3n de exportaciones de vino jam\u00e1s realizada en Mendoza, con una convocatoria r\u00e9cord de compradores internacionales y productores locales. Por primera vez, Mendoza recibir\u00e1 simult\u00e1neamente a <strong>80 compradores internacionales de vino<\/strong>, interesados en adquirir etiquetas de todas las gamas, rangos de precios, varietales y or\u00edgenes para los principales mercados globales. Hasta la fecha <strong>se registraron 100 bodegas mendocinas <\/strong>para participar de la actividad.<\/p>\n\n\n\n<div style=\"height:30px\" aria-hidden=\"true\" class=\"wp-block-spacer\"><\/div>\n\n\n\n<figure class=\"wp-block-gallery has-nested-images columns-default is-cropped wp-block-gallery-1 is-layout-flex wp-block-gallery-is-layout-flex\">\n<figure class=\"wp-block-image size-full\"><a href=\"https:\/\/enolife.com.ar\/es\/wp-content\/uploads\/2025\/06\/0e9a2325-9e45-9320-162b-fdb2c91409ee.jpg\" data-rel=\"penci-gallery-image-content\" ><img loading=\"lazy\" decoding=\"async\" width=\"409\" height=\"500\" data-id=\"148032\" src=\"https:\/\/enolife.com.ar\/es\/wp-content\/uploads\/2025\/06\/0e9a2325-9e45-9320-162b-fdb2c91409ee.jpg\" alt=\"\" class=\"wp-image-148032\" srcset=\"https:\/\/enolife.com.ar\/es\/wp-content\/uploads\/2025\/06\/0e9a2325-9e45-9320-162b-fdb2c91409ee.jpg 409w, https:\/\/enolife.com.ar\/es\/wp-content\/uploads\/2025\/06\/0e9a2325-9e45-9320-162b-fdb2c91409ee-245x300.jpg 245w\" sizes=\"auto, (max-width: 409px) 100vw, 409px\" \/><\/a><\/figure>\n\n\n\n<figure class=\"wp-block-image size-full\"><a href=\"https:\/\/enolife.com.ar\/es\/wp-content\/uploads\/2025\/06\/26cb604a-e2eb-787e-3228-bae22398cd61.jpg\" data-rel=\"penci-gallery-image-content\" ><img loading=\"lazy\" decoding=\"async\" width=\"441\" height=\"500\" data-id=\"148033\" src=\"https:\/\/enolife.com.ar\/es\/wp-content\/uploads\/2025\/06\/26cb604a-e2eb-787e-3228-bae22398cd61.jpg\" alt=\"\" class=\"wp-image-148033\" srcset=\"https:\/\/enolife.com.ar\/es\/wp-content\/uploads\/2025\/06\/26cb604a-e2eb-787e-3228-bae22398cd61.jpg 441w, https:\/\/enolife.com.ar\/es\/wp-content\/uploads\/2025\/06\/26cb604a-e2eb-787e-3228-bae22398cd61-265x300.jpg 265w\" sizes=\"auto, (max-width: 441px) 100vw, 441px\" \/><\/a><\/figure>\n<\/figure>\n\n\n\n<div style=\"height:35px\" aria-hidden=\"true\" class=\"wp-block-spacer\"><\/div>\n\n\n\n<p><strong>Marita Bressia<\/strong>, <strong>representante de Bodega Bressia<\/strong>, una de las bodegas familiares participantes, expres\u00f3 su entusiasmo al conocer que su registro complet\u00f3 en n\u00famero 100 de inscripciones y coment\u00f3 <em>\u00abestamos felices de participar en Vinexpo Explorer. Es una oportunidad \u00fanica para atraer importadores a nuestra querida Mendoza, que puedan vivir nuestras experiencias en primera persona, enamorarse de nuestra tierra y elegir nuestros vinos para llevarlos al mundo\u00bb.<\/em><\/p>\n\n\n\n<p><strong>Nicol\u00e1s Piazza, responsable de la organizaci\u00f3n local,<\/strong> detall\u00f3 <em>\u00abjunto a Vinexposium estamos realizando una cuidadosa selecci\u00f3n de compradores. Estamos trabajando para que el 50% provenga de Estados Unidos, Canad\u00e1 y Reino Unido; un 30% de Europa \u2014con foco en Alemania, Pa\u00edses Bajos, Polonia, Dinamarca y Suecia\u2014 y el 20% restante de Asia, especialmente de Jap\u00f3n, Corea del Sur, Tailandia, Singapur y Malasia\u00bb.<\/em><\/p>\n\n\n\n<p>Hay tiempo para inscribirse hasta el 11\/7, y pueden hacerlo todas las empresas vitivin\u00edcolas de Mendoza con un establecimiento productivo en la provincia, ya sea propio o alquilado, que no posean deudas fiscales provinciales ni con ProMendoza y que cuenten con experiencia exportadora.<\/p>\n\n\n\n<div style=\"height:35px\" aria-hidden=\"true\" class=\"wp-block-spacer\"><\/div>\n\n\n\n<p class=\"has-medium-font-size\"><strong>Fechas importantes<\/strong><\/p>\n\n\n\n<ul class=\"wp-block-list\">\n<li>Cierre de inscripciones para Host y Tasting \/ Reuniones B2B: viernes 11 de julio<\/li>\n\n\n\n<li>Anuncio de selecci\u00f3n para ser Host: viernes 18 de julio<\/li>\n\n\n\n<li>L\u00edmite de pago para Host: viernes 1 de agosto<\/li>\n\n\n\n<li>L\u00edmite de pago\u00a0para B2B: viernes 29 de agosto<\/li>\n<\/ul>\n\n\n\n<p class=\"has-background\" style=\"background-color:#abb7c24d\"><strong>Inscripciones:\u00a0<a href=\"https:\/\/promendoza.us14.list-manage.com\/track\/click?u=a78cc148ef1eefb61f4214db1&amp;id=d68feb7b95&amp;e=e23d120e69\" target=\"_blank\" rel=\"noreferrer noopener\">www.vexmendoza.promendoza.com<\/a>.\u00a0M\u00e1s informaci\u00f3n y contacto: Melisa Garc\u00eda \u00a0(261) 346-0365\u00a0<a href=\"mailto:vexmendoza@promendoza.com\">vexmendoza@promendoza.com<\/a><\/strong><\/p>\n\n\n\n<div style=\"height:35px\" aria-hidden=\"true\" class=\"wp-block-spacer\"><\/div>\n\n\n\n<p class=\"has-medium-font-size\"><strong>Un formato innovador<\/strong><\/p>\n\n\n\n<p>Vinexpo Explorer es un formato pionero creado en 2017 por Vinexposium, que propone una experiencia inmersiva en regiones vitivin\u00edcolas destacadas. Cada edici\u00f3n incluye seminarios t\u00e9cnicos, degustaciones, rondas de negocios (B2B) y visitas a bodegas locales, permitiendo a los compradores y periodistas especializados conocer en profundidad la identidad de cada terroir.<\/p>\n\n\n\n<p>La confirmaci\u00f3n de la sede se concret\u00f3 en febrero, durante la edici\u00f3n 2025 de Wine Paris, con la firma de un convenio entre el gobernador Alfredo Cornejo y Rodolphe Lameyse, director general de Vinexposium acompa\u00f1ados por la presidenta de ProMendoza, Patricia Gim\u00e9nez, y el embajador argentino en Francia, Ian Sielecki.<\/p>\n\n\n\n<div style=\"height:30px\" aria-hidden=\"true\" class=\"wp-block-spacer\"><\/div>\n\n\n\n<p><\/p>\n","protected":false},"excerpt":{"rendered":"<p>Del 6 al 9 de octubre se realizar\u00e1 en Mendoza la Vinexpo Explorer, evento internacional&hellip;<\/p>\n","protected":false},"author":2,"featured_media":148031,"comment_status":"open","ping_status":"open","sticky":false,"template":"","format":"standard","meta":{"footnotes":""},"categories":[56,10],"tags":[],"class_list":["post-148023","post","type-post","status-publish","format-standard","has-post-thumbnail","hentry","category-destacado","category-ferias"],"_links":{"self":[{"href":"https:\/\/enolife.com.ar\/es\/wp-json\/wp\/v2\/posts\/148023","targetHints":{"allow":["GET"]}}],"collection":[{"href":"https:\/\/enolife.com.ar\/es\/wp-json\/wp\/v2\/posts"}],"about":[{"href":"https:\/\/enolife.com.ar\/es\/wp-json\/wp\/v2\/types\/post"}],"author":[{"embeddable":true,"href":"https:\/\/enolife.com.ar\/es\/wp-json\/wp\/v2\/users\/2"}],"replies":[{"embeddable":true,"href":"https:\/\/enolife.com.ar\/es\/wp-json\/wp\/v2\/comments?post=148023"}],"version-history":[{"count":0,"href":"https:\/\/enolife.com.ar\/es\/wp-json\/wp\/v2\/posts\/148023\/revisions"}],"wp:featuredmedia":[{"embeddable":true,"href":"https:\/\/enolife.com.ar\/es\/wp-json\/wp\/v2\/media\/148031"}],"wp:attachment":[{"href":"https:\/\/enolife.com.ar\/es\/wp-json\/wp\/v2\/media?parent=148023"}],"wp:term":[{"taxonomy":"category","embeddable":true,"href":"https:\/\/enolife.com.ar\/es\/wp-json\/wp\/v2\/categories?post=148023"},{"taxonomy":"post_tag","embeddable":true,"href":"https:\/\/enolife.com.ar\/es\/wp-json\/wp\/v2\/tags?post=148023"}],"curies":[{"name":"wp","href":"https:\/\/api.w.org\/{rel}","templated":true}]}}