{"id":148002,"date":"2025-06-04T22:12:36","date_gmt":"2025-06-04T22:12:36","guid":{"rendered":"https:\/\/enolife.com.ar\/es\/?p=148002"},"modified":"2025-06-05T21:51:56","modified_gmt":"2025-06-05T21:51:56","slug":"el-congreso-de-viticultura-y-enologia-de-chile-2025-recibio-217-investigaciones-de-11-paises","status":"publish","type":"post","link":"https:\/\/enolife.com.ar\/es\/el-congreso-de-viticultura-y-enologia-de-chile-2025-recibio-217-investigaciones-de-11-paises\/","title":{"rendered":"El Congreso de Viticultura y Enolog\u00eda de Chile 2025 recibi\u00f3 217 investigaciones de 11 pa\u00edses"},"content":{"rendered":"\n<h4 class=\"wp-block-heading\"><em><strong>La convocatoria para env\u00edo de comunicaciones a la edici\u00f3n 2025 del Congreso Latinoamericano de Viticultura y Enolog\u00eda tuvo una notable repercusi\u00f3n internacional. Con cupos limitados, las inscripciones siguen abiertas para este XVII encuentro de la industria vitivin\u00edcola latinoamericana.<\/strong><\/em><\/h4>\n\n\n\n<div style=\"height:35px\" aria-hidden=\"true\" class=\"wp-block-spacer\"><\/div>\n\n\n<a href=\"https:\/\/www.dellatoffola.com.ar\/es\/home\" aria-label=\"della toffolla 1700&#215;500\"><img loading=\"lazy\" decoding=\"async\" src=\"https:\/\/enolife.com.ar\/es\/wp-content\/uploads\/2023\/10\/della-toffolla-1700x500-2.png\" alt=\"\"  srcset=\"https:\/\/enolife.com.ar\/es\/wp-content\/uploads\/2023\/10\/della-toffolla-1700x500-2.png 1699w, https:\/\/enolife.com.ar\/es\/wp-content\/uploads\/2023\/10\/della-toffolla-1700x500-2-300x88.png 300w, https:\/\/enolife.com.ar\/es\/wp-content\/uploads\/2023\/10\/della-toffolla-1700x500-2-1024x301.png 1024w, https:\/\/enolife.com.ar\/es\/wp-content\/uploads\/2023\/10\/della-toffolla-1700x500-2-768x226.png 768w, https:\/\/enolife.com.ar\/es\/wp-content\/uploads\/2023\/10\/della-toffolla-1700x500-2-1536x451.png 1536w, https:\/\/enolife.com.ar\/es\/wp-content\/uploads\/2023\/10\/della-toffolla-1700x500-2-1170x344.png 1170w, https:\/\/enolife.com.ar\/es\/wp-content\/uploads\/2023\/10\/della-toffolla-1700x500-2-585x172.png 585w\" sizes=\"auto, (max-width: 1699px) 100vw, 1699px\" width=\"1699\" height=\"499\"   \/><\/a>\n\n\n<div style=\"height:45px\" aria-hidden=\"true\" class=\"wp-block-spacer\"><\/div>\n\n\n\n<p>Un gran n\u00famero de propuestas de trabajos de investigaci\u00f3n, provenientes no s\u00f3lo de <strong>Latinoam\u00e9rica<\/strong> sino tambi\u00e9n de pa\u00edses con larga trayectoria en el sector vitivin\u00edcola europeo y oce\u00e1nico, recibi\u00f3 el comit\u00e9 organizador del <strong>XVII Congreso Latinoamericano de Viticultura y Enolog\u00eda.<\/strong> Los n\u00fameros confirman el inter\u00e9s internacional que ha suscitado esta edici\u00f3n del encuentro, a realizarse entre el <strong>4 y 7 de noviembre de este a\u00f1o en Santiago de Chile.<\/strong><\/p>\n\n\n\n<p>Investigadores de <strong>Argentina, Australia, Brasil, Chile, Espa\u00f1a, Francia, Italia, M\u00e9xico, Per\u00fa, Portugal y Uruguay<\/strong> han postulado un total de 217 investigaciones, abarcando una amplia variedad de t\u00f3picos dentro de los \u00e1mbitos de <strong>an\u00e1lisis qu\u00edmico y sensorial, microbiolog\u00eda y biotecnolog\u00eda, ciencias sociales, enolog\u00eda y viticultura. <\/strong>Tal convocatoria anticipa un programa acad\u00e9mico de alto nivel, con participantes que llegar\u00e1n desde distintas regiones vitivin\u00edcolas del mundo.<\/p>\n\n\n\n<div style=\"height:31px\" aria-hidden=\"true\" class=\"wp-block-spacer\"><\/div>\n\n\n\n<figure class=\"wp-block-image size-large\"><a href=\"https:\/\/enolife.com.ar\/es\/wp-content\/uploads\/2024\/08\/Vinicola-Valle-de-Casablanca-en-Chile.-Portada-2-1-1024x576-1.jpg\" data-rel=\"penci-gallery-image-content\" ><img loading=\"lazy\" decoding=\"async\" width=\"1024\" height=\"440\" src=\"https:\/\/enolife.com.ar\/es\/wp-content\/uploads\/2024\/08\/Vinicola-Valle-de-Casablanca-en-Chile.-Portada-2-1-1024x576-1-1024x440.jpg\" alt=\"\" class=\"wp-image-122790\" srcset=\"https:\/\/enolife.com.ar\/es\/wp-content\/uploads\/2024\/08\/Vinicola-Valle-de-Casablanca-en-Chile.-Portada-2-1-1024x576-1-1024x440.jpg 1024w, https:\/\/enolife.com.ar\/es\/wp-content\/uploads\/2024\/08\/Vinicola-Valle-de-Casablanca-en-Chile.-Portada-2-1-1024x576-1-300x129.jpg 300w, https:\/\/enolife.com.ar\/es\/wp-content\/uploads\/2024\/08\/Vinicola-Valle-de-Casablanca-en-Chile.-Portada-2-1-1024x576-1-768x330.jpg 768w, https:\/\/enolife.com.ar\/es\/wp-content\/uploads\/2024\/08\/Vinicola-Valle-de-Casablanca-en-Chile.-Portada-2-1-1024x576-1-1170x503.jpg 1170w, https:\/\/enolife.com.ar\/es\/wp-content\/uploads\/2024\/08\/Vinicola-Valle-de-Casablanca-en-Chile.-Portada-2-1-1024x576-1-585x251.jpg 585w, https:\/\/enolife.com.ar\/es\/wp-content\/uploads\/2024\/08\/Vinicola-Valle-de-Casablanca-en-Chile.-Portada-2-1-1024x576-1.jpg 1280w\" sizes=\"auto, (max-width: 1024px) 100vw, 1024px\" \/><\/a><figcaption class=\"wp-element-caption\"><em><strong>El valle de Casablanca, una de las ricas regiones vitivin\u00edcolas de Chile<\/strong><\/em><strong><em>.<\/em><\/strong><\/figcaption><\/figure>\n\n\n\n<div style=\"height:35px\" aria-hidden=\"true\" class=\"wp-block-spacer\"><\/div>\n\n\n\n<p>La coordinadora general del congreso, <strong>Mariona Gil i Cortiella<\/strong>, destac\u00f3 al respecto: <em>\u201cMe sorprendi\u00f3 mucho ver tantos trabajos de pa\u00edses europeos y, tambi\u00e9n, de Australia. Esto demuestra tanto el inter\u00e9s que est\u00e1 generando el evento como la seriedad con la que estamos trabajando desde la organizaci\u00f3n, para realizar un congreso internacional con altos est\u00e1ndares de calidad. El n\u00famero de trabajos tambi\u00e9n es una cifra destacable: estamos hablando de una cantidad comparable a la de los congresos internacionales de enolog\u00eda que se realizan en sedes europeas.\u201d<\/em><\/p>\n\n\n\n<p>El plazo para env\u00edo de propuestas de trabajos de investigaci\u00f3n cerr\u00f3 el viernes 30 de mayo. Los miembros del <strong>Comit\u00e9 Cient\u00edfico<\/strong> se dividir\u00e1n el trabajo de evaluaci\u00f3n de las propuestas de acuerdo con su \u00e1rea de conocimiento, para luego definir sobre la aceptaci\u00f3n y forma de presentaci\u00f3n de cada trabajo.<\/p>\n\n\n\n<p>Las inscripciones al Congreso est\u00e1n abiertas a trav\u00e9s de la p\u00e1gina web del evento. Los valores, que var\u00edan seg\u00fan la categor\u00eda -estudiante, p\u00fablico general, asociados de la <strong>Asociaci\u00f3n de En\u00f3logos de Am\u00e9rica<\/strong>\u2013, incluyen el acceso a las ponencias, <em>coffee breaks <\/em>y catas de vinos, el almuerzo del 5 y 6 de noviembre, adem\u00e1s de la salida a terreno (traslado, picnic y visita) que se realizar\u00e1 durante la tarde del \u00faltimo d\u00eda.<\/p>\n\n\n\n<p>La organizaci\u00f3n invit\u00f3 a todos los interesados en participar a asegurar su cupo en este importante espacio de actualizaci\u00f3n profesional. <\/p>\n\n\n\n<p><em>\u201cAnte el gran inter\u00e9s que ha generado el Congreso Latinoamericano de Vitivinicultura y Enolog\u00eda, reflejado en la amplia y diversa cantidad de trabajos recibidos, y considerando la participaci\u00f3n confirmada de tres destacados conferencistas internacionales, quienes abordar\u00e1n tem\u00e1ticas cient\u00edficas de alta relevancia y aplicaci\u00f3n directa en el sector productivo, queremos extender una cordial invitaci\u00f3n a inscribirse y participar en este importante encuentro\u201d<\/em>, dijo por su parte el presidente del Comit\u00e9 Cient\u00edfico, <strong>\u00c1lvaro Pe\u00f1a<\/strong>. Y agreg\u00f3: <em>\u201cLos cupos son limitados, por lo que les animamos a asegurar su participaci\u00f3n con prontitud. Tambi\u00e9n agradecemos su colaboraci\u00f3n en difundir esta invitaci\u00f3n entre sus redes y comunidades vinculadas al sector\u201d.<\/em><\/p>\n\n\n\n<p>Asimismo, la organizaci\u00f3n agradeci\u00f3 el patrocinio de la <strong>Organizaci\u00f3n Internacional de la Vid y el Vino (OIV)<\/strong> y el apoyo de los auspiciantes en la realizaci\u00f3n de este encuentro clave para el futuro del patrimonio vitivin\u00edcola latinoamericano.<\/p>\n\n\n\n<div style=\"height:39px\" aria-hidden=\"true\" class=\"wp-block-spacer\"><\/div>\n","protected":false},"excerpt":{"rendered":"<p>La convocatoria para env\u00edo de comunicaciones a la edici\u00f3n 2025 del Congreso Latinoamericano de Viticultura&hellip;<\/p>\n","protected":false},"author":2,"featured_media":148100,"comment_status":"open","ping_status":"open","sticky":false,"template":"","format":"standard","meta":{"footnotes":""},"categories":[56,14],"tags":[],"class_list":["post-148002","post","type-post","status-publish","format-standard","has-post-thumbnail","hentry","category-destacado","category-news"],"_links":{"self":[{"href":"https:\/\/enolife.com.ar\/es\/wp-json\/wp\/v2\/posts\/148002","targetHints":{"allow":["GET"]}}],"collection":[{"href":"https:\/\/enolife.com.ar\/es\/wp-json\/wp\/v2\/posts"}],"about":[{"href":"https:\/\/enolife.com.ar\/es\/wp-json\/wp\/v2\/types\/post"}],"author":[{"embeddable":true,"href":"https:\/\/enolife.com.ar\/es\/wp-json\/wp\/v2\/users\/2"}],"replies":[{"embeddable":true,"href":"https:\/\/enolife.com.ar\/es\/wp-json\/wp\/v2\/comments?post=148002"}],"version-history":[{"count":0,"href":"https:\/\/enolife.com.ar\/es\/wp-json\/wp\/v2\/posts\/148002\/revisions"}],"wp:featuredmedia":[{"embeddable":true,"href":"https:\/\/enolife.com.ar\/es\/wp-json\/wp\/v2\/media\/148100"}],"wp:attachment":[{"href":"https:\/\/enolife.com.ar\/es\/wp-json\/wp\/v2\/media?parent=148002"}],"wp:term":[{"taxonomy":"category","embeddable":true,"href":"https:\/\/enolife.com.ar\/es\/wp-json\/wp\/v2\/categories?post=148002"},{"taxonomy":"post_tag","embeddable":true,"href":"https:\/\/enolife.com.ar\/es\/wp-json\/wp\/v2\/tags?post=148002"}],"curies":[{"name":"wp","href":"https:\/\/api.w.org\/{rel}","templated":true}]}}